{"id":9615,"date":"2024-11-19T10:17:19","date_gmt":"2024-11-19T15:17:19","guid":{"rendered":"https:\/\/hispanic-alliance.local\/?p=9615"},"modified":"2024-11-19T10:51:19","modified_gmt":"2024-11-19T15:51:19","slug":"celebrating-the-2024-2025-class-of-the-student-dreamers-alliance","status":"publish","type":"post","link":"https:\/\/hispanicalliancesc.com\/es\/celebrating-the-2024-2025-class-of-the-student-dreamers-alliance\/","title":{"rendered":"Celebrando la Clase 2024-2025 de la Alianza Estudiantil DREAMers"},"content":{"rendered":"<p>La Alianza Hispana da la bienvenida con orgullo a la clase 2024-2025 de <strong>Alianza de Estudiantes DREAMers (SDA)<\/strong>, un programa acelerador de liderazgo transformador dise\u00f1ado para empoderar a estudiantes de secundaria hispanos\/latinos en todo Carolina del Sur. La cohorte de este a\u00f1o incluye estudiantes de Greenville y Charleston, que se suman a las filas de los 242 becarios que han participado en el programa desde su inicio en 2016.<\/p>\n\n\n\n<p>La Student DREAMers Alliance est\u00e1 compuesta por estudiantes excepcionales de tercer y cuarto a\u00f1o de secundaria de ascendencia hispana\/latina que est\u00e1n ansiosos por desarrollar habilidades de liderazgo, defender a sus comunidades y buscar oportunidades de educaci\u00f3n superior. Los estudiantes de SDA provienen de diversos or\u00edgenes y est\u00e1n unidos por su deseo de generar un impacto positivo en sus vidas y en las vidas de los dem\u00e1s.<\/p>\n\n\n\n<p>Inspirados por los modelos del Instituto Aspen y Liberty Fellowship, a lo largo del a\u00f1o acad\u00e9mico los estudiantes participan en debates estructurados, actividades de desarrollo personal y proyectos de participaci\u00f3n comunitaria. Exploran temas cr\u00edticos como la identidad, la resiliencia, la defensa de derechos y la responsabilidad c\u00edvica mientras construyen una red de apoyo de pares, mentores y l\u00edderes comunitarios.<\/p>\n\n\n\n<p>Los participantes tambi\u00e9n se benefician de conexiones directas con recursos para la educaci\u00f3n superior, incluida orientaci\u00f3n sobre becas, solicitudes universitarias y ayuda financiera, lo que los ayuda a superar los desaf\u00edos que a menudo enfrentan los estudiantes universitarios de primera generaci\u00f3n.<\/p>\n\n\n\n<p>La poblaci\u00f3n hispana\/latina de Carolina del Sur est\u00e1 creciendo, pero muchos j\u00f3venes de esta comunidad enfrentan barreras sist\u00e9micas para acceder a la educaci\u00f3n y a oportunidades de liderazgo. El programa SDA se lanz\u00f3 en 2016 para abordar estos desaf\u00edos, brindando a los estudiantes las herramientas y la confianza para tener \u00e9xito en la escuela secundaria, la universidad y m\u00e1s all\u00e1. Los participantes de SDA a menudo lidian con problemas como el acceso limitado a los recursos de preparaci\u00f3n para la universidad, la subrepresentaci\u00f3n en roles de liderazgo y los desaf\u00edos \u00fanicos de ser estadounidenses de primera generaci\u00f3n. El programa no solo aborda estos obst\u00e1culos, sino que tambi\u00e9n celebra la riqueza y diversidad cultural que aportan, enfatizando que su herencia es una fuente de fortaleza y orgullo.<\/p>\n\n\n\n<p>SDA logra su misi\u00f3n a trav\u00e9s de un plan de estudios cuidadosamente dise\u00f1ado y dirigido por facilitadores capacitados y l\u00edderes comunitarios influyentes. El programa fomenta debates abiertos, autorreflexi\u00f3n y una red de apoyo que empodera a los estudiantes para que exploren su potencial y tomen medidas pr\u00e1cticas para alcanzar sus sue\u00f1os. Al final del programa, los becarios de SDA emergen como l\u00edderes seguros, listos para defender sus intereses y los de sus comunidades. Tambi\u00e9n se benefician de una red duradera de exalumnos que contin\u00faa brind\u00e1ndoles oportunidades de tutor\u00eda y colaboraci\u00f3n mucho despu\u00e9s de graduarse.<\/p>\n\n\n\n<div class=\"wp-block-columns is-layout-flex wp-container-core-columns-is-layout-28f84493 wp-block-columns-is-layout-flex\">\n<div class=\"wp-block-column is-layout-flow wp-block-column-is-layout-flow\">\n<p><strong>Greenville<\/strong><\/p>\n\n\n\n<p>Abriana Jim\u00e9nez<br>Ana Diego Sebasti\u00e1n<br>Andrea Gonz\u00e1lez-Mart\u00ednez<br>Aracely Sim\u00f3n-Juan<br>Cynthia Bravo<br>Elisa N\u00fa\u00f1ez<br>Elizabeth Castellanos-S\u00e1nchez<br>Elvis Z\u00e1rate Hern\u00e1ndez<br>Emili Cascante<br>Giselle Guerrero-Mart\u00ednez<br>Helen Juan-Mart\u00edn<br>Itzel Cifuentes Morales<br>Jazm\u00edn Aguilar C\u00e1rcamo<br>Jes\u00fas Ram\u00edrez<br>Jonathan Mart\u00ednez<br>Josu\u00e9 Rodr\u00edguez<br>Juliana Guti\u00e9rrez<br>Kassandra Mej\u00eda<br>Leslie Peralta<br>Michael Rojas<br>Sheyly Castro Romero<br>Skarleth Alonzo<br>Stacey Reyes<br>Wendy Clemente Gonz\u00e1lez<\/p>\n<\/div>\n\n\n\n<div class=\"wp-block-column is-layout-flow wp-block-column-is-layout-flow\">\n<p><strong>charlest\u00f3n<\/strong><\/p>\n\n\n\n<p>Alan Vel\u00e1squez Bedoya<br>Alisson P\u00e9rez Casro<br>Amanda Mej\u00eda<br>Ammy M\u00e9ndez<br>Ana L\u00f3pez Santos<br>Anyerlin Luna<br>Ariam Elisua Reyes Lucas<br>Christopher Mej\u00eda-Escobar<br>Crist\u00f3bal Antonio Sig\u00fcenza Carrillo<br>Clarissa Roblero<br>Deyron Cascante<br>Dulce Castro Barrios<br>Heidi Alc\u00e1zar<br>Kevin Antonio SaucedoContreras<br>Kimberlyn Portillo<br>Litzy Rivera Reyes<br>Maynor Aldana<br>Miguel Berbesi<br>Perla Aburto-L\u00f3pez<br>Selena Santiago<br>Stephanie \u00c1ngeles<br>V\u00edctor Mart\u00ednez<br>Wiara (Gabi) Cardoso<br>Yudi Cano<\/p>\n<\/div>\n<\/div>\n\n\n\n<p><strong>Un legado de impacto<\/strong><br>Desde sus inicios, la <a href=\"https:\/\/scdreamers.org\">Alianza de Estudiantes DREAMers<\/a> se ha convertido en una comunidad vibrante e inspiradora de 242 becarios y exalumnos que siguen marcando tendencia en sus comunidades. Los graduados del programa han continuado sus estudios superiores, liderado iniciativas comunitarias y defendido causas que les apasionan.<\/p>\n\n\n\n<p>Al dar la bienvenida a la nueva generaci\u00f3n, recordamos el poder transformador de la educaci\u00f3n y la tutor\u00eda para formar a la pr\u00f3xima generaci\u00f3n de l\u00edderes. Juntos, est\u00e1n creando un futuro m\u00e1s brillante e inclusivo para todos.<\/p>\n\n\n\n<p>\u00a1Siga durante todo el a\u00f1o c\u00f3mo estos inspiradores estudiantes se embarcan en su viaje hacia la IASD!<\/p>","protected":false},"excerpt":{"rendered":"<p>La Alianza Hispana da la bienvenida con orgullo a la clase 2024-2025 de la Student DREAMers Alliance (SDA), un programa acelerador de liderazgo transformador dise\u00f1ado para empoderar a los estudiantes de secundaria hispanos\/latinos en todo Carolina del Sur. <\/p>","protected":false},"author":1,"featured_media":9618,"comment_status":"closed","ping_status":"closed","sticky":false,"template":"","format":"standard","meta":{"_acf_changed":false,"wds_primary_category":35,"footnotes":""},"categories":[35,17],"tags":[],"class_list":["post-9615","post","type-post","status-publish","format-standard","has-post-thumbnail","hentry","category-ha-newsletter","category-__sda"],"acf":[],"_links":{"self":[{"href":"https:\/\/hispanicalliancesc.com\/es\/wp-json\/wp\/v2\/posts\/9615","targetHints":{"allow":["GET"]}}],"collection":[{"href":"https:\/\/hispanicalliancesc.com\/es\/wp-json\/wp\/v2\/posts"}],"about":[{"href":"https:\/\/hispanicalliancesc.com\/es\/wp-json\/wp\/v2\/types\/post"}],"author":[{"embeddable":true,"href":"https:\/\/hispanicalliancesc.com\/es\/wp-json\/wp\/v2\/users\/1"}],"replies":[{"embeddable":true,"href":"https:\/\/hispanicalliancesc.com\/es\/wp-json\/wp\/v2\/comments?post=9615"}],"version-history":[{"count":0,"href":"https:\/\/hispanicalliancesc.com\/es\/wp-json\/wp\/v2\/posts\/9615\/revisions"}],"wp:featuredmedia":[{"embeddable":true,"href":"https:\/\/hispanicalliancesc.com\/es\/wp-json\/wp\/v2\/media\/9618"}],"wp:attachment":[{"href":"https:\/\/hispanicalliancesc.com\/es\/wp-json\/wp\/v2\/media?parent=9615"}],"wp:term":[{"taxonomy":"category","embeddable":true,"href":"https:\/\/hispanicalliancesc.com\/es\/wp-json\/wp\/v2\/categories?post=9615"},{"taxonomy":"post_tag","embeddable":true,"href":"https:\/\/hispanicalliancesc.com\/es\/wp-json\/wp\/v2\/tags?post=9615"}],"curies":[{"name":"wp","href":"https:\/\/api.w.org\/{rel}","templated":true}]}}