{"id":9439,"date":"2024-09-06T13:02:01","date_gmt":"2024-09-06T17:02:01","guid":{"rendered":"https:\/\/hispanic-alliance.local\/?p=9439"},"modified":"2025-09-15T14:29:30","modified_gmt":"2025-09-15T18:29:30","slug":"hispanic-heritage-month-opening-night-celebration","status":"publish","type":"post","link":"https:\/\/hispanicalliancesc.com\/es\/hispanic-heritage-month-opening-night-celebration\/","title":{"rendered":"Celebraci\u00f3n de la Noche de Apertura del Mes de la Herencia Hispana (2024)"},"content":{"rendered":"<h2 class=\"wp-block-heading\"><strong>\u00a1Comience el Mes de la Herencia Hispana con una celebraci\u00f3n inolvidable!<\/strong><\/h2>\n\n\n\n<p>\u00a1Marque sus calendarios para el viernes 20 de septiembre cuando la Alianza Hispana de Carolina del Sur inicie el Mes de la Herencia Hispana con estilo con una electrizante noche de apertura en Camperdown Plaza en el coraz\u00f3n del centro de Greenville!&nbsp;<\/p>\n\n\n\n<p>\u00danase a la Alianza Hispana para disfrutar de una velada llena de cultura vibrante, m\u00fasica en vivo y presentaciones espectaculares que lo har\u00e1n bailar toda la noche. A partir de las 6:30 p. m., sum\u00e9rjase en presentaciones culturales aut\u00e9nticas que honran y celebran las ricas tradiciones de las comunidades hispanas. A medida que avanza la noche, la energ\u00eda aumentar\u00e1 con la m\u00fasica en vivo que promete mantener viva la celebraci\u00f3n. Con barras con pago en efectivo disponibles, puede disfrutar de refrigerios mientras se sumerge en el ambiente festivo.<\/p>\n\n\n\n<p>\u2022 <strong>6:30 p.m.:<\/strong> Espect\u00e1culos culturales aut\u00e9nticos<\/p>\n\n\n\n<p>\u2022 <strong>19:00 \u2013 22:00 horas:<\/strong> M\u00fasica en vivo y celebraci\u00f3n<\/p>\n\n\n\n<p>Este es solo el comienzo. \u00a1Est\u00e9 atento a las pr\u00f3ximas sorpresas! No se pierda esta celebraci\u00f3n \u00e9pica que marcar\u00e1 el tono de un incre\u00edble Mes de la Herencia Hispana, que le brindamos con el apoyo de la Ciudad de Greenville y la Alianza Hispana.<\/p>","protected":false},"excerpt":{"rendered":"<p>\u00a1Marque sus calendarios para el viernes 20 de septiembre cuando la Alianza Hispana de Carolina del Sur inicie el Mes de la Herencia Hispana con estilo con una electrizante noche de apertura en Camperdown Plaza en el coraz\u00f3n del centro de Greenville!\u00a0<\/p>","protected":false},"author":1,"featured_media":9440,"comment_status":"closed","ping_status":"closed","sticky":false,"template":"","format":"standard","meta":{"_acf_changed":false,"wds_primary_category":24,"footnotes":""},"categories":[24],"tags":[],"class_list":["post-9439","post","type-post","status-publish","format-standard","has-post-thumbnail","hentry","category-ha-events"],"acf":[],"_links":{"self":[{"href":"https:\/\/hispanicalliancesc.com\/es\/wp-json\/wp\/v2\/posts\/9439","targetHints":{"allow":["GET"]}}],"collection":[{"href":"https:\/\/hispanicalliancesc.com\/es\/wp-json\/wp\/v2\/posts"}],"about":[{"href":"https:\/\/hispanicalliancesc.com\/es\/wp-json\/wp\/v2\/types\/post"}],"author":[{"embeddable":true,"href":"https:\/\/hispanicalliancesc.com\/es\/wp-json\/wp\/v2\/users\/1"}],"replies":[{"embeddable":true,"href":"https:\/\/hispanicalliancesc.com\/es\/wp-json\/wp\/v2\/comments?post=9439"}],"version-history":[{"count":0,"href":"https:\/\/hispanicalliancesc.com\/es\/wp-json\/wp\/v2\/posts\/9439\/revisions"}],"wp:featuredmedia":[{"embeddable":true,"href":"https:\/\/hispanicalliancesc.com\/es\/wp-json\/wp\/v2\/media\/9440"}],"wp:attachment":[{"href":"https:\/\/hispanicalliancesc.com\/es\/wp-json\/wp\/v2\/media?parent=9439"}],"wp:term":[{"taxonomy":"category","embeddable":true,"href":"https:\/\/hispanicalliancesc.com\/es\/wp-json\/wp\/v2\/categories?post=9439"},{"taxonomy":"post_tag","embeddable":true,"href":"https:\/\/hispanicalliancesc.com\/es\/wp-json\/wp\/v2\/tags?post=9439"}],"curies":[{"name":"wp","href":"https:\/\/api.w.org\/{rel}","templated":true}]}}