{"id":8691,"date":"2024-03-19T09:56:00","date_gmt":"2024-03-19T13:56:00","guid":{"rendered":"https:\/\/hispanic-alliance.local\/?p=8691"},"modified":"2024-04-16T13:29:26","modified_gmt":"2024-04-16T17:29:26","slug":"ha-news-march-2024","status":"publish","type":"post","link":"https:\/\/hispanicalliancesc.com\/es\/ha-news-march-2024\/","title":{"rendered":"Noticias HA \u2013 marzo de 2024"},"content":{"rendered":"<div data-elementor-type=\"wp-post\" data-elementor-id=\"8691\" class=\"elementor elementor-8691\" data-elementor-post-type=\"post\">\n\t\t\t\t<div class=\"elementor-element elementor-element-94330a1 e-flex e-con-boxed e-con e-parent\" data-id=\"94330a1\" data-element_type=\"container\" data-e-type=\"container\" data-settings=\"{&quot;jet_parallax_layout_list&quot;:[]}\">\n\t\t\t\t\t<div class=\"e-con-inner\">\n\t\t<div class=\"elementor-element elementor-element-422e925 e-con-full e-flex e-con e-child\" data-id=\"422e925\" data-element_type=\"container\" data-e-type=\"container\" data-settings=\"{&quot;jet_parallax_layout_list&quot;:[]}\">\n\t\t\t\t<div class=\"elementor-element elementor-element-3e645bd elementor-widget elementor-widget-heading\" data-id=\"3e645bd\" data-element_type=\"widget\" data-e-type=\"widget\" data-widget_type=\"heading.default\">\n\t\t\t\t<div class=\"elementor-widget-container\">\n\t\t\t\t\t<h3 class=\"elementor-heading-title elementor-size-default\">Una semana hasta Allied4Work<\/h3>\t\t\t\t<\/div>\n\t\t\t\t<\/div>\n\t\t\t\t<div class=\"elementor-element elementor-element-933a3e1 elementor-widget elementor-widget-heading\" data-id=\"933a3e1\" data-element_type=\"widget\" data-e-type=\"widget\" data-widget_type=\"heading.default\">\n\t\t\t\t<div class=\"elementor-widget-container\">\n\t\t\t\t\t<span class=\"elementor-heading-title elementor-size-default\">\u00danase a la Alianza Hispana y Ten at the Top el 25 de marzo<\/span>\t\t\t\t<\/div>\n\t\t\t\t<\/div>\n\t\t\t\t<div class=\"elementor-element elementor-element-d3b71b4 elementor-widget elementor-widget-text-editor\" data-id=\"d3b71b4\" data-element_type=\"widget\" data-e-type=\"widget\" data-widget_type=\"text-editor.default\">\n\t\t\t\t<div class=\"elementor-widget-container\">\n\t\t\t\t\t\t\t\t\t<p>Escuche a un panel estelar y profundice en un informe de investigadores de la Universidad de Clemson sobre el impacto econ\u00f3mico de permitir que los trabajadores presentes legalmente reciban licencias ocupacionales y profesionales. El evento incluye una descripci\u00f3n general del Proyecto de Ley 3288 de la C\u00e1mara de Representantes de Carolina del Sur y un panel de discusi\u00f3n sobre oportunidades para la fuerza laboral legalmente presente.<\/p><p><strong>\ud83d\udcc5 Detalles del evento<\/strong><\/p><p>\u2022 Lunes 25 de marzo de 2024, 8:00 a. m. Puertas abiertas, 8:30 a. m. Inicio del evento<\/p><p>\u2022 Clemson ONE Center, 1 North Main Street, Greenville, SC 29601\u00a0<\/p><p>\u2022 Todos son bienvenidos. Inscripci\u00f3n gratuita en l\u00ednea en:\u00a0<a href=\"https:\/\/hispanicalliancesc.com\/es\/allied-register\/\" target=\"_blank\" rel=\"noopener\">HispanoAllianceSC.com\/allied-register<\/a><\/p><p><strong>\ud83c\udfa4 Altavoces\u00a0\u00a0<\/strong><\/p><p>\u2022 Representante Estatal\u00a0<a href=\"https:\/\/www.scstatehouse.gov\/member.php?code=0388636317\" target=\"_blank\" rel=\"noopener\">Neal Collins<\/a>\u00a0(R \u2013 Pickens)\u00a0\u00a0<\/p><p>\u2022\u00a0<a href=\"https:\/\/travelersrestsc.com\/government\/meet-your-elected-officials\/\" target=\"_blank\" rel=\"noopener\">Brandy Amid\u00f3n<\/a>, Alcalde de Descanso de Viajeros\u00a0\u00a0<\/p><p>\u2022 Nina Cano Richards, abogada y cofundadora,\u00a0<a href=\"https:\/\/www.spanglishconsulting.com\/copy-of-about\" target=\"_blank\" rel=\"noopener\">Consultor\u00eda Spanglish<\/a>\u00a0\u00a0<\/p><p>\u2022\u00a0<a href=\"https:\/\/www.smcsc.edu\/department\/office-of-the-president\/\" target=\"_blank\" rel=\"noopener\">Scott Cochran<\/a>, Presidente, Colegio Metodista de Spartanburg\u00a0\u00a0<\/p><p>\u2022\u00a0<a href=\"https:\/\/www.linkedin.com\/in\/jasonzacher\" target=\"_blank\" rel=\"noopener\">Jason Zacher<\/a>\u00a0(Moderador del panel), presidente y fundador, Bridge Public Strategy Group\u00a0\u00a0<\/p><p>\u00a1Construyamos puentes hacia pol\u00edticas equitativas y un futuro pr\u00f3spero para todos los habitantes de Carolina del Sur!<\/p>\t\t\t\t\t\t\t\t<\/div>\n\t\t\t\t<\/div>\n\t\t\t\t<\/div>\n\t\t\t\t\t<\/div>\n\t\t\t\t<\/div>\n\t\t<div class=\"elementor-element elementor-element-7ca3ea4 e-flex e-con-boxed e-con e-parent\" data-id=\"7ca3ea4\" data-element_type=\"container\" data-e-type=\"container\" data-settings=\"{&quot;jet_parallax_layout_list&quot;:[]}\">\n\t\t\t\t\t<div class=\"e-con-inner\">\n\t\t<div class=\"elementor-element elementor-element-7ed0d31 e-con-full e-flex e-con e-child\" data-id=\"7ed0d31\" data-element_type=\"container\" data-e-type=\"container\" data-settings=\"{&quot;jet_parallax_layout_list&quot;:[]}\">\n\t\t\t\t<div class=\"elementor-element elementor-element-600ca2c elementor-widget elementor-widget-image\" data-id=\"600ca2c\" data-element_type=\"widget\" data-e-type=\"widget\" data-widget_type=\"image.default\">\n\t\t\t\t<div class=\"elementor-widget-container\">\n\t\t\t\t\t\t\t\t\t\t\t\t\t\t\t\t<a href=\"https:\/\/furman.coursestorm.com\/course\/women-s-leadership-initiative\" target=\"_blank\" rel=\"nofollow\">\n\t\t\t\t\t\t\t<img fetchpriority=\"high\" decoding=\"async\" width=\"2560\" height=\"834\" src=\"https:\/\/hispanicalliancesc.com\/wp-content\/uploads\/2024\/04\/3-March-HA-Newsletter-h3288-scaled.jpg\" class=\"attachment-full size-full wp-image-8692\" alt=\"\" srcset=\"https:\/\/hispanicalliancesc.com\/wp-content\/uploads\/2024\/04\/3-March-HA-Newsletter-h3288-scaled.jpg 2560w, https:\/\/hispanicalliancesc.com\/wp-content\/uploads\/2024\/04\/3-March-HA-Newsletter-h3288-300x98.jpg 300w, https:\/\/hispanicalliancesc.com\/wp-content\/uploads\/2024\/04\/3-March-HA-Newsletter-h3288-1024x334.jpg 1024w, https:\/\/hispanicalliancesc.com\/wp-content\/uploads\/2024\/04\/3-March-HA-Newsletter-h3288-768x250.jpg 768w, https:\/\/hispanicalliancesc.com\/wp-content\/uploads\/2024\/04\/3-March-HA-Newsletter-h3288-1536x501.jpg 1536w, https:\/\/hispanicalliancesc.com\/wp-content\/uploads\/2024\/04\/3-March-HA-Newsletter-h3288-2048x668.jpg 2048w, https:\/\/hispanicalliancesc.com\/wp-content\/uploads\/2024\/04\/3-March-HA-Newsletter-h3288-18x6.jpg 18w\" sizes=\"(max-width: 2560px) 100vw, 2560px\" \/>\t\t\t\t\t\t\t\t<\/a>\n\t\t\t\t\t\t\t\t\t\t\t\t\t\t\t<\/div>\n\t\t\t\t<\/div>\n\t\t\t\t<div class=\"elementor-element elementor-element-e7fc0e0 elementor-widget elementor-widget-heading\" data-id=\"e7fc0e0\" data-element_type=\"widget\" data-e-type=\"widget\" data-widget_type=\"heading.default\">\n\t\t\t\t<div class=\"elementor-widget-container\">\n\t\t\t\t\t<h3 class=\"elementor-heading-title elementor-size-default\">Presentamos nuestra nueva campa\u00f1a de promoci\u00f3n: #H3288<\/h3>\t\t\t\t<\/div>\n\t\t\t\t<\/div>\n\t\t\t\t<div class=\"elementor-element elementor-element-f2b9116 elementor-widget elementor-widget-heading\" data-id=\"f2b9116\" data-element_type=\"widget\" data-e-type=\"widget\" data-widget_type=\"heading.default\">\n\t\t\t\t<div class=\"elementor-widget-container\">\n\t\t\t\t\t<span class=\"elementor-heading-title elementor-size-default\">\u00danase a nuestra campa\u00f1a #H3288 en las redes sociales<\/span>\t\t\t\t<\/div>\n\t\t\t\t<\/div>\n\t\t\t\t<div class=\"elementor-element elementor-element-ccfc043 elementor-widget elementor-widget-text-editor\" data-id=\"ccfc043\" data-element_type=\"widget\" data-e-type=\"widget\" data-widget_type=\"text-editor.default\">\n\t\t\t\t<div class=\"elementor-widget-container\">\n\t\t\t\t\t\t\t\t\t<p>Si apoya una fuerza laboral inclusiva y equitativa, por favor\u00a0<a href=\"https:\/\/www.instagram.com\/p\/C4tHknBJAFg\/?utm_source=ig_web_copy_link&amp;igsh=MzRlODBiNWFlZA==\" target=\"_blank\" rel=\"noopener\">comparte nuestra publicaci\u00f3n en las redes sociales<\/a>\u00a0y etiqu\u00e9telo con #H3288. Mientras nos esforzamos por un futuro en el que todos tengan la oportunidad de prosperar, el Proyecto de Ley 3288 de la C\u00e1mara de Representantes es un paso adelante crucial y cada voz cuenta.<\/p><p>Juntos, podemos construir una fuerza laboral m\u00e1s fuerte y diversa para nuestro estado.<\/p>\t\t\t\t\t\t\t\t<\/div>\n\t\t\t\t<\/div>\n\t\t\t\t<\/div>\n\t\t\t\t\t<\/div>\n\t\t\t\t<\/div>\n\t\t<div class=\"elementor-element elementor-element-a64cbb5 e-flex e-con-boxed e-con e-parent\" data-id=\"a64cbb5\" data-element_type=\"container\" data-e-type=\"container\" data-settings=\"{&quot;jet_parallax_layout_list&quot;:[]}\">\n\t\t\t\t\t<div class=\"e-con-inner\">\n\t\t<div class=\"elementor-element elementor-element-6e96547 e-con-full e-flex e-con e-child\" data-id=\"6e96547\" data-element_type=\"container\" data-e-type=\"container\" data-settings=\"{&quot;jet_parallax_layout_list&quot;:[]}\">\n\t\t\t\t<div class=\"elementor-element elementor-element-5610d33 elementor-widget elementor-widget-image\" data-id=\"5610d33\" data-element_type=\"widget\" data-e-type=\"widget\" data-widget_type=\"image.default\">\n\t\t\t\t<div class=\"elementor-widget-container\">\n\t\t\t\t\t\t\t\t\t\t\t\t\t\t\t<img decoding=\"async\" width=\"800\" height=\"159\" data-src=\"https:\/\/hispanicalliancesc.com\/wp-content\/uploads\/2023\/06\/ha-newsletter-community-news@3x-1024x204.png\" class=\"attachment-large size-large wp-image-4962 lazyload\" alt=\"\" data-srcset=\"https:\/\/hispanicalliancesc.com\/wp-content\/uploads\/2023\/06\/ha-newsletter-community-news@3x-1024x204.png 1024w, https:\/\/hispanicalliancesc.com\/wp-content\/uploads\/2023\/06\/ha-newsletter-community-news@3x-300x60.png 300w, https:\/\/hispanicalliancesc.com\/wp-content\/uploads\/2023\/06\/ha-newsletter-community-news@3x-768x153.png 768w, https:\/\/hispanicalliancesc.com\/wp-content\/uploads\/2023\/06\/ha-newsletter-community-news@3x-1536x306.png 1536w, https:\/\/hispanicalliancesc.com\/wp-content\/uploads\/2023\/06\/ha-newsletter-community-news@3x-2048x408.png 2048w, https:\/\/hispanicalliancesc.com\/wp-content\/uploads\/2023\/06\/ha-newsletter-community-news@3x-18x4.png 18w\" data-sizes=\"auto\" src=\"data:image\/svg+xml;base64,PHN2ZyB3aWR0aD0iMSIgaGVpZ2h0PSIxIiB4bWxucz0iaHR0cDovL3d3dy53My5vcmcvMjAwMC9zdmciPjwvc3ZnPg==\" style=\"--smush-placeholder-width: 800px; --smush-placeholder-aspect-ratio: 800\/159;\" data-original-sizes=\"(max-width: 800px) 100vw, 800px\" \/>\t\t\t\t\t\t\t\t\t\t\t\t\t\t\t<\/div>\n\t\t\t\t<\/div>\n\t\t<div class=\"elementor-element elementor-element-d534c5a e-con-full e-flex e-con e-child\" data-id=\"d534c5a\" data-element_type=\"container\" data-e-type=\"container\" data-settings=\"{&quot;jet_parallax_layout_list&quot;:[]}\">\n\t\t\t\t<div class=\"elementor-element elementor-element-5cdf675 elementor-widget elementor-widget-image\" data-id=\"5cdf675\" data-element_type=\"widget\" data-e-type=\"widget\" data-widget_type=\"image.default\">\n\t\t\t\t<div class=\"elementor-widget-container\">\n\t\t\t\t\t\t\t\t\t\t\t\t\t\t\t<img decoding=\"async\" width=\"800\" height=\"177\" data-src=\"https:\/\/hispanicalliancesc.com\/wp-content\/uploads\/2023\/06\/ha-newsletter-network@3x-1024x227.png\" class=\"attachment-large size-large wp-image-4961 lazyload\" alt=\"\" data-srcset=\"https:\/\/hispanicalliancesc.com\/wp-content\/uploads\/2023\/06\/ha-newsletter-network@3x-1024x227.png 1024w, https:\/\/hispanicalliancesc.com\/wp-content\/uploads\/2023\/06\/ha-newsletter-network@3x-300x67.png 300w, https:\/\/hispanicalliancesc.com\/wp-content\/uploads\/2023\/06\/ha-newsletter-network@3x-768x170.png 768w, https:\/\/hispanicalliancesc.com\/wp-content\/uploads\/2023\/06\/ha-newsletter-network@3x-18x4.png 18w, https:\/\/hispanicalliancesc.com\/wp-content\/uploads\/2023\/06\/ha-newsletter-network@3x.png 1317w\" data-sizes=\"auto\" src=\"data:image\/svg+xml;base64,PHN2ZyB3aWR0aD0iMSIgaGVpZ2h0PSIxIiB4bWxucz0iaHR0cDovL3d3dy53My5vcmcvMjAwMC9zdmciPjwvc3ZnPg==\" style=\"--smush-placeholder-width: 800px; --smush-placeholder-aspect-ratio: 800\/177;\" data-original-sizes=\"(max-width: 800px) 100vw, 800px\" \/>\t\t\t\t\t\t\t\t\t\t\t\t\t\t\t<\/div>\n\t\t\t\t<\/div>\n\t\t\t\t<div class=\"elementor-element elementor-element-5d3ca6d elementor-widget elementor-widget-heading\" data-id=\"5d3ca6d\" data-element_type=\"widget\" data-e-type=\"widget\" data-widget_type=\"heading.default\">\n\t\t\t\t<div class=\"elementor-widget-container\">\n\t\t\t\t\t<h5 class=\"elementor-heading-title elementor-size-default\">Resumen de la reuni\u00f3n de la red de marzo<\/h5>\t\t\t\t<\/div>\n\t\t\t\t<\/div>\n\t\t\t\t<div class=\"elementor-element elementor-element-cb64dce elementor-widget elementor-widget-text-editor\" data-id=\"cb64dce\" data-element_type=\"widget\" data-e-type=\"widget\" data-widget_type=\"text-editor.default\">\n\t\t\t\t<div class=\"elementor-widget-container\">\n\t\t\t\t\t\t\t\t\t<p>Si no pudo acompa\u00f1arnos la semana pasada en nuestra reuni\u00f3n de la Red, \u00a1no se preocupe! Puede encontrar a continuaci\u00f3n las actas de la reuni\u00f3n e informaci\u00f3n detallada sobre los pr\u00f3ximos eventos y recursos.<\/p>\t\t\t\t\t\t\t\t<\/div>\n\t\t\t\t<\/div>\n\t\t\t\t<div class=\"elementor-element elementor-element-35fb7f4 elementor-widget elementor-widget-heading\" data-id=\"35fb7f4\" data-element_type=\"widget\" data-e-type=\"widget\" data-widget_type=\"heading.default\">\n\t\t\t\t<div class=\"elementor-widget-container\">\n\t\t\t\t\t<h5 class=\"elementor-heading-title elementor-size-default\"><a href=\"https:\/\/drive.google.com\/drive\/folders\/17fyk-Brg7GyZXmBg3DW3oBSuIZYhJYY-?usp=drive_link\" target=\"_blank\" rel=\"nofollow\">Ver resumen de la reuni\u00f3n de la red de marzo<\/a><\/h5>\t\t\t\t<\/div>\n\t\t\t\t<\/div>\n\t\t\t\t<div class=\"elementor-element elementor-element-bea8d8a elementor-widget-divider--view-line elementor-widget elementor-widget-divider\" data-id=\"bea8d8a\" data-element_type=\"widget\" data-e-type=\"widget\" data-widget_type=\"divider.default\">\n\t\t\t\t<div class=\"elementor-widget-container\">\n\t\t\t\t\t\t\t<div class=\"elementor-divider\">\n\t\t\t<span class=\"elementor-divider-separator\">\n\t\t\t\t\t\t<\/span>\n\t\t<\/div>\n\t\t\t\t\t\t<\/div>\n\t\t\t\t<\/div>\n\t\t\t\t<div class=\"elementor-element elementor-element-4792004 elementor-widget elementor-widget-image\" data-id=\"4792004\" data-element_type=\"widget\" data-e-type=\"widget\" data-widget_type=\"image.default\">\n\t\t\t\t<div class=\"elementor-widget-container\">\n\t\t\t\t\t\t\t\t\t\t\t\t\t\t\t<img decoding=\"async\" width=\"1200\" height=\"926\" data-src=\"https:\/\/hispanicalliancesc.com\/wp-content\/uploads\/2024\/03\/SpringFestival.jpeg\" class=\"attachment-full size-full wp-image-8696 lazyload\" alt=\"\" data-srcset=\"https:\/\/hispanicalliancesc.com\/wp-content\/uploads\/2024\/03\/SpringFestival.jpeg 1200w, https:\/\/hispanicalliancesc.com\/wp-content\/uploads\/2024\/03\/SpringFestival-300x232.jpeg 300w, https:\/\/hispanicalliancesc.com\/wp-content\/uploads\/2024\/03\/SpringFestival-1024x790.jpeg 1024w, https:\/\/hispanicalliancesc.com\/wp-content\/uploads\/2024\/03\/SpringFestival-768x593.jpeg 768w, https:\/\/hispanicalliancesc.com\/wp-content\/uploads\/2024\/03\/SpringFestival-16x12.jpeg 16w\" data-sizes=\"auto\" src=\"data:image\/svg+xml;base64,PHN2ZyB3aWR0aD0iMSIgaGVpZ2h0PSIxIiB4bWxucz0iaHR0cDovL3d3dy53My5vcmcvMjAwMC9zdmciPjwvc3ZnPg==\" style=\"--smush-placeholder-width: 1200px; --smush-placeholder-aspect-ratio: 1200\/926;\" data-original-sizes=\"(max-width: 1200px) 100vw, 1200px\" \/>\t\t\t\t\t\t\t\t\t\t\t\t\t\t\t<\/div>\n\t\t\t\t<\/div>\n\t\t\t\t<div class=\"elementor-element elementor-element-b47d754 elementor-widget elementor-widget-heading\" data-id=\"b47d754\" data-element_type=\"widget\" data-e-type=\"widget\" data-widget_type=\"heading.default\">\n\t\t\t\t<div class=\"elementor-widget-container\">\n\t\t\t\t\t<h5 class=\"elementor-heading-title elementor-size-default\">El D\u00eda Del Ni\u00f1o | 27 de abril<\/h5>\t\t\t\t<\/div>\n\t\t\t\t<\/div>\n\t\t\t\t<div class=\"elementor-element elementor-element-13443df elementor-widget elementor-widget-text-editor\" data-id=\"13443df\" data-element_type=\"widget\" data-e-type=\"widget\" data-widget_type=\"text-editor.default\">\n\t\t\t\t<div class=\"elementor-widget-container\">\n\t\t\t\t\t\t\t\t\t<p>\u00a1Prep\u00e1rese para celebrar el esp\u00edritu vibrante de los ni\u00f1os en el \u201cFestival Hispano de Primavera El D\u00eda Del Ni\u00f1o\u201d patrocinado por Casa Cultura y Neighborhood Focus! \u00danase a la diversi\u00f3n el 27 de abril de 11 a. m. a 3 p. m. en Neighborhood Focus (6914 White Horse Road) para un d\u00eda inolvidable lleno de alegr\u00eda, risas y festividades culturales.\u00a0<\/p><p>Desde emocionantes juegos hasta apasionantes sorteos de premios, desde buena m\u00fasica hasta deliciosos camiones de comida, \u00a1hay algo para todos los gustos! Adem\u00e1s, \u00a1no te pierdas los hermosos bailes culturales y el minitorneo de f\u00fatbol lleno de adrenalina! \u00a1Trae a toda la familia a un d\u00eda de diversi\u00f3n y exploraci\u00f3n! La entrada es GRATUITA, \u00a1as\u00ed que marquen sus calendarios y corran la voz!\u00a0<\/p><p>Los socios comunitarios tambi\u00e9n estar\u00e1n presentes y ofrecer\u00e1n informaci\u00f3n valiosa sobre educaci\u00f3n, atenci\u00f3n m\u00e9dica, finanzas y servicios legales. Es m\u00e1s que un simple festival: \u00a1es una oportunidad para conectar y empoderar a nuestra comunidad!\u00a0<\/p>\t\t\t\t\t\t\t\t<\/div>\n\t\t\t\t<\/div>\n\t\t\t\t<div class=\"elementor-element elementor-element-cd62ac3 elementor-widget elementor-widget-heading\" data-id=\"cd62ac3\" data-element_type=\"widget\" data-e-type=\"widget\" data-widget_type=\"heading.default\">\n\t\t\t\t<div class=\"elementor-widget-container\">\n\t\t\t\t\t<h5 class=\"elementor-heading-title elementor-size-default\"><a href=\"https:\/\/files.constantcontact.com\/fceb2faa701\/f1f8f6f3-fc55-4e8a-bf25-0aa1eccc8619.pdf?rdr=true\" target=\"_blank\" rel=\"nofollow\">Haga clic aqu\u00ed para descargar folletos<\/a><\/h5>\t\t\t\t<\/div>\n\t\t\t\t<\/div>\n\t\t\t\t<div class=\"elementor-element elementor-element-f75d842 elementor-widget elementor-widget-heading\" data-id=\"f75d842\" data-element_type=\"widget\" data-e-type=\"widget\" data-widget_type=\"heading.default\">\n\t\t\t\t<div class=\"elementor-widget-container\">\n\t\t\t\t\t<h5 class=\"elementor-heading-title elementor-size-default\"><a href=\"mailto:casaculturaintl@gmail.com\" target=\"_blank\" rel=\"nofollow\">Env\u00ede un correo electr\u00f3nico a Casa Cultura para obtener m\u00e1s informaci\u00f3n.<\/a><\/h5>\t\t\t\t<\/div>\n\t\t\t\t<\/div>\n\t\t\t\t<\/div>\n\t\t\t\t<\/div>\n\t\t\t\t\t<\/div>\n\t\t\t\t<\/div>\n\t\t<div class=\"elementor-element elementor-element-09a67df e-flex e-con-boxed e-con e-parent\" data-id=\"09a67df\" data-element_type=\"container\" data-e-type=\"container\" data-settings=\"{&quot;jet_parallax_layout_list&quot;:[]}\">\n\t\t\t\t\t<div class=\"e-con-inner\">\n\t\t<div class=\"elementor-element elementor-element-0d24c05 e-con-full e-flex e-con e-child\" data-id=\"0d24c05\" data-element_type=\"container\" data-e-type=\"container\" data-settings=\"{&quot;jet_parallax_layout_list&quot;:[]}\">\n\t\t<div class=\"elementor-element elementor-element-c62e638 e-con-full e-flex e-con e-child\" data-id=\"c62e638\" data-element_type=\"container\" data-e-type=\"container\" data-settings=\"{&quot;jet_parallax_layout_list&quot;:[]}\">\n\t\t\t\t<div class=\"elementor-element elementor-element-8207491 elementor-widget elementor-widget-image\" data-id=\"8207491\" data-element_type=\"widget\" data-e-type=\"widget\" data-widget_type=\"image.default\">\n\t\t\t\t<div class=\"elementor-widget-container\">\n\t\t\t\t\t\t\t\t\t\t\t\t\t\t\t<img decoding=\"async\" width=\"800\" height=\"163\" data-src=\"https:\/\/hispanicalliancesc.com\/wp-content\/uploads\/2023\/06\/ha-newsletter-education@3x-1024x208.png\" class=\"attachment-large size-large wp-image-4954 lazyload\" alt=\"\" data-srcset=\"https:\/\/hispanicalliancesc.com\/wp-content\/uploads\/2023\/06\/ha-newsletter-education@3x-1024x208.png 1024w, https:\/\/hispanicalliancesc.com\/wp-content\/uploads\/2023\/06\/ha-newsletter-education@3x-300x61.png 300w, https:\/\/hispanicalliancesc.com\/wp-content\/uploads\/2023\/06\/ha-newsletter-education@3x-768x156.png 768w, https:\/\/hispanicalliancesc.com\/wp-content\/uploads\/2023\/06\/ha-newsletter-education@3x-18x4.png 18w, https:\/\/hispanicalliancesc.com\/wp-content\/uploads\/2023\/06\/ha-newsletter-education@3x.png 1437w\" data-sizes=\"auto\" src=\"data:image\/svg+xml;base64,PHN2ZyB3aWR0aD0iMSIgaGVpZ2h0PSIxIiB4bWxucz0iaHR0cDovL3d3dy53My5vcmcvMjAwMC9zdmciPjwvc3ZnPg==\" style=\"--smush-placeholder-width: 800px; --smush-placeholder-aspect-ratio: 800\/163;\" data-original-sizes=\"(max-width: 800px) 100vw, 800px\" \/>\t\t\t\t\t\t\t\t\t\t\t\t\t\t\t<\/div>\n\t\t\t\t<\/div>\n\t\t\t\t<\/div>\n\t\t<div class=\"elementor-element elementor-element-f8936d6 e-con-full e-flex e-con e-child\" data-id=\"f8936d6\" data-element_type=\"container\" data-e-type=\"container\" data-settings=\"{&quot;jet_parallax_layout_list&quot;:[]}\">\n\t\t\t\t<div class=\"elementor-element elementor-element-04788d1 elementor-widget elementor-widget-heading\" data-id=\"04788d1\" data-element_type=\"widget\" data-e-type=\"widget\" data-widget_type=\"heading.default\">\n\t\t\t\t<div class=\"elementor-widget-container\">\n\t\t\t\t\t<h5 class=\"elementor-heading-title elementor-size-default\">Las solicitudes para Clemson Career Workshop ya est\u00e1n abiertas<\/h5>\t\t\t\t<\/div>\n\t\t\t\t<\/div>\n\t\t\t\t<div class=\"elementor-element elementor-element-37602c7 elementor-widget elementor-widget-text-editor\" data-id=\"37602c7\" data-element_type=\"widget\" data-e-type=\"widget\" data-widget_type=\"text-editor.default\">\n\t\t\t\t<div class=\"elementor-widget-container\">\n\t\t\t\t\t\t\t\t\t<p>Conestee Nature Preserve tiene pasant\u00edas disponibles para estudiantes de secundaria. Tambi\u00e9n tienen oportunidades de investigaci\u00f3n continua para que adultos o estudiantes mayores de 16 a\u00f1os participen en toda la reserva (monitoreo de aves, restauraci\u00f3n de plantas nativas, eliminaci\u00f3n de especies invasivas, monitoreo de la poblaci\u00f3n de venados, etc.). Correo electr\u00f3nico <a href=\"mailto:klyn@conesteepreserve.org\">Klyn Carr<\/a>\u00a0para cualquier pregunta.<\/p>\t\t\t\t\t\t\t\t<\/div>\n\t\t\t\t<\/div>\n\t\t\t\t<\/div>\n\t\t<div class=\"elementor-element elementor-element-faa0724 e-con-full e-flex e-con e-child\" data-id=\"faa0724\" data-element_type=\"container\" data-e-type=\"container\" data-settings=\"{&quot;jet_parallax_layout_list&quot;:[]}\">\n\t\t\t\t<div class=\"elementor-element elementor-element-485ab6e elementor-widget elementor-widget-heading\" data-id=\"485ab6e\" data-element_type=\"widget\" data-e-type=\"widget\" data-widget_type=\"heading.default\">\n\t\t\t\t<div class=\"elementor-widget-container\">\n\t\t\t\t\t<h5 class=\"elementor-heading-title elementor-size-default\">AHAM - Alertas de becas para estudiantes del \u00faltimo a\u00f1o de secundaria<\/h5>\t\t\t\t<\/div>\n\t\t\t\t<\/div>\n\t\t\t\t<div class=\"elementor-element elementor-element-b689c58 elementor-widget elementor-widget-text-editor\" data-id=\"b689c58\" data-element_type=\"widget\" data-e-type=\"widget\" data-widget_type=\"text-editor.default\">\n\t\t\t\t<div class=\"elementor-widget-container\">\n\t\t\t\t\t\t\t\t\t<p>AHAM ha abierto su proceso de becas para estudiantes del \u00faltimo a\u00f1o de secundaria de ascendencia hispana en el norte del estado. \u00a1Las solicitudes de becas vencen el 31 de marzo!<\/p>\t\t\t\t\t\t\t\t<\/div>\n\t\t\t\t<\/div>\n\t\t\t\t<div class=\"elementor-element elementor-element-02abbca elementor-widget elementor-widget-text-editor\" data-id=\"02abbca\" data-element_type=\"widget\" data-e-type=\"widget\" data-widget_type=\"text-editor.default\">\n\t\t\t\t<div class=\"elementor-widget-container\">\n\t\t\t\t\t\t\t\t\t<p><a href=\"https:\/\/www.ahamsc.org\/about-aham-scholarship\" target=\"_blank\" rel=\"noopener\" data-saferedirecturl=\"https:\/\/www.google.com\/url?q=https:\/\/www.ahamsc.org\/about-aham-scholarship&amp;source=gmail&amp;ust=1708604985455000&amp;usg=AOvVaw1MjLr6ZQBnlsBf-zG-r8AO\">haga clic aqu\u00ed<\/a><a href=\"https:\/\/www.ahamsc.org\/about-aham-scholarship\" target=\"_blank\" rel=\"noopener\" data-saferedirecturl=\"https:\/\/www.google.com\/url?q=https:\/\/www.ahamsc.org\/about-aham-scholarship&amp;source=gmail&amp;ust=1708604985455000&amp;usg=AOvVaw1MjLr6ZQBnlsBf-zG-r8AO\">\u00a0para conocer los requisitos e iniciar la solicitud.<\/a><\/p>\t\t\t\t\t\t\t\t<\/div>\n\t\t\t\t<\/div>\n\t\t\t\t<\/div>\n\t\t\t\t<\/div>\n\t\t\t\t\t<\/div>\n\t\t\t\t<\/div>\n\t\t<div class=\"elementor-element elementor-element-6dcc61f e-flex e-con-boxed e-con e-parent\" data-id=\"6dcc61f\" data-element_type=\"container\" data-e-type=\"container\" data-settings=\"{&quot;jet_parallax_layout_list&quot;:[]}\">\n\t\t\t\t\t<div class=\"e-con-inner\">\n\t\t<div class=\"elementor-element elementor-element-4ba340b e-con-full e-flex e-con e-child\" data-id=\"4ba340b\" data-element_type=\"container\" data-e-type=\"container\" data-settings=\"{&quot;jet_parallax_layout_list&quot;:[]}\">\n\t\t<div class=\"elementor-element elementor-element-10b28a6 e-con-full e-flex e-con e-child\" data-id=\"10b28a6\" data-element_type=\"container\" data-e-type=\"container\" data-settings=\"{&quot;jet_parallax_layout_list&quot;:[]}\">\n\t\t\t\t<div class=\"elementor-element elementor-element-8799d0e elementor-widget elementor-widget-image\" data-id=\"8799d0e\" data-element_type=\"widget\" data-e-type=\"widget\" data-widget_type=\"image.default\">\n\t\t\t\t<div class=\"elementor-widget-container\">\n\t\t\t\t\t\t\t\t\t\t\t\t\t\t\t<img decoding=\"async\" width=\"800\" height=\"100\" data-src=\"https:\/\/hispanicalliancesc.com\/wp-content\/uploads\/2023\/06\/ha-newsletter-finance@3x-1024x128.png\" class=\"attachment-large size-large wp-image-4955 lazyload\" alt=\"\" data-srcset=\"https:\/\/hispanicalliancesc.com\/wp-content\/uploads\/2023\/06\/ha-newsletter-finance@3x-1024x128.png 1024w, https:\/\/hispanicalliancesc.com\/wp-content\/uploads\/2023\/06\/ha-newsletter-finance@3x-300x38.png 300w, https:\/\/hispanicalliancesc.com\/wp-content\/uploads\/2023\/06\/ha-newsletter-finance@3x-768x96.png 768w, https:\/\/hispanicalliancesc.com\/wp-content\/uploads\/2023\/06\/ha-newsletter-finance@3x-1536x193.png 1536w, https:\/\/hispanicalliancesc.com\/wp-content\/uploads\/2023\/06\/ha-newsletter-finance@3x-2048x257.png 2048w, https:\/\/hispanicalliancesc.com\/wp-content\/uploads\/2023\/06\/ha-newsletter-finance@3x-18x2.png 18w\" data-sizes=\"auto\" src=\"data:image\/svg+xml;base64,PHN2ZyB3aWR0aD0iMSIgaGVpZ2h0PSIxIiB4bWxucz0iaHR0cDovL3d3dy53My5vcmcvMjAwMC9zdmciPjwvc3ZnPg==\" style=\"--smush-placeholder-width: 800px; --smush-placeholder-aspect-ratio: 800\/100;\" data-original-sizes=\"(max-width: 800px) 100vw, 800px\" \/>\t\t\t\t\t\t\t\t\t\t\t\t\t\t\t<\/div>\n\t\t\t\t<\/div>\n\t\t\t\t<\/div>\n\t\t<div class=\"elementor-element elementor-element-0b49b2d e-con-full e-flex e-con e-child\" data-id=\"0b49b2d\" data-element_type=\"container\" data-e-type=\"container\" data-settings=\"{&quot;jet_parallax_layout_list&quot;:[]}\">\n\t\t\t\t<div class=\"elementor-element elementor-element-dc9a32c elementor-widget elementor-widget-heading\" data-id=\"dc9a32c\" data-element_type=\"widget\" data-e-type=\"widget\" data-widget_type=\"heading.default\">\n\t\t\t\t<div class=\"elementor-widget-container\">\n\t\t\t\t\t<h5 class=\"elementor-heading-title elementor-size-default\">\u00a1VITA ahora est\u00e1 aceptando citas para presentar sus impuestos!<\/h5>\t\t\t\t<\/div>\n\t\t\t\t<\/div>\n\t\t\t\t<div class=\"elementor-element elementor-element-9f5423e elementor-widget elementor-widget-text-editor\" data-id=\"9f5423e\" data-element_type=\"widget\" data-e-type=\"widget\" data-widget_type=\"text-editor.default\">\n\t\t\t\t<div class=\"elementor-widget-container\">\n\t\t\t\t\t\t\t\t\t<p>\u00a1VITA ahora est\u00e1 aceptando citas para presentar sus impuestos! Este programa de United Way brinda asistencia gratuita en la preparaci\u00f3n de impuestos sobre la renta a personas y familias con un ingreso familiar de $60,000 al a\u00f1o o menos.<\/p><p>Para programar una cita visita <a href=\"https:\/\/www.unitedwaygc.org\/impact\/vita\/\">el sitio web de VITA<\/a>.<\/p><p>VITA tambi\u00e9n est\u00e1 apoyando a las personas a obtener su ITIN para poder presentar sus impuestos sin costo alguno, incluidos los miembros de la comunidad indocumentados. Debe poder responder algunas preguntas para verificar si es elegible. Para hacerlo por favor contacte <a href=\"mailto:debbra@hispanicalliancesc.com\">Debbra Alvarado<\/a> al o al 864-256-0760.\u00a0 <em><strong>Plazas limitadas disponibles y se requieren citas<\/strong><\/em><\/p>\t\t\t\t\t\t\t\t<\/div>\n\t\t\t\t<\/div>\n\t\t\t\t<\/div>\n\t\t\t\t<\/div>\n\t\t\t\t\t<\/div>\n\t\t\t\t<\/div>\n\t\t<div class=\"elementor-element elementor-element-07fd1ce e-flex e-con-boxed e-con e-parent\" data-id=\"07fd1ce\" data-element_type=\"container\" data-e-type=\"container\" data-settings=\"{&quot;jet_parallax_layout_list&quot;:[]}\">\n\t\t\t\t\t<div class=\"e-con-inner\">\n\t\t<div class=\"elementor-element elementor-element-7ece81f e-con-full e-flex e-con e-child\" data-id=\"7ece81f\" data-element_type=\"container\" data-e-type=\"container\" data-settings=\"{&quot;jet_parallax_layout_list&quot;:[]}\">\n\t\t<div class=\"elementor-element elementor-element-2b80d6a e-con-full e-flex e-con e-child\" data-id=\"2b80d6a\" data-element_type=\"container\" data-e-type=\"container\" data-settings=\"{&quot;jet_parallax_layout_list&quot;:[]}\">\n\t\t\t\t<div class=\"elementor-element elementor-element-8bf9991 elementor-widget elementor-widget-image\" data-id=\"8bf9991\" data-element_type=\"widget\" data-e-type=\"widget\" data-widget_type=\"image.default\">\n\t\t\t\t<div class=\"elementor-widget-container\">\n\t\t\t\t\t\t\t\t\t\t\t\t\t\t\t<img decoding=\"async\" width=\"800\" height=\"215\" data-src=\"https:\/\/hispanicalliancesc.com\/wp-content\/uploads\/2023\/06\/ha-newsletter-health@3x-1024x275.png\" class=\"attachment-large size-large wp-image-4957 lazyload\" alt=\"\" data-srcset=\"https:\/\/hispanicalliancesc.com\/wp-content\/uploads\/2023\/06\/ha-newsletter-health@3x-1024x275.png 1024w, https:\/\/hispanicalliancesc.com\/wp-content\/uploads\/2023\/06\/ha-newsletter-health@3x-300x81.png 300w, https:\/\/hispanicalliancesc.com\/wp-content\/uploads\/2023\/06\/ha-newsletter-health@3x-768x206.png 768w, https:\/\/hispanicalliancesc.com\/wp-content\/uploads\/2023\/06\/ha-newsletter-health@3x-18x5.png 18w, https:\/\/hispanicalliancesc.com\/wp-content\/uploads\/2023\/06\/ha-newsletter-health@3x.png 1099w\" data-sizes=\"auto\" src=\"data:image\/svg+xml;base64,PHN2ZyB3aWR0aD0iMSIgaGVpZ2h0PSIxIiB4bWxucz0iaHR0cDovL3d3dy53My5vcmcvMjAwMC9zdmciPjwvc3ZnPg==\" style=\"--smush-placeholder-width: 800px; --smush-placeholder-aspect-ratio: 800\/215;\" data-original-sizes=\"(max-width: 800px) 100vw, 800px\" \/>\t\t\t\t\t\t\t\t\t\t\t\t\t\t\t<\/div>\n\t\t\t\t<\/div>\n\t\t\t\t<\/div>\n\t\t<div class=\"elementor-element elementor-element-cde48ed e-con-full e-flex e-con e-child\" data-id=\"cde48ed\" data-element_type=\"container\" data-e-type=\"container\" data-settings=\"{&quot;jet_parallax_layout_list&quot;:[]}\">\n\t\t\t\t<div class=\"elementor-element elementor-element-b811a96 elementor-widget elementor-widget-heading\" data-id=\"b811a96\" data-element_type=\"widget\" data-e-type=\"widget\" data-widget_type=\"heading.default\">\n\t\t\t\t<div class=\"elementor-widget-container\">\n\t\t\t\t\t<h5 class=\"elementor-heading-title elementor-size-default\">Cultivar el bienestar permanente<\/h5>\t\t\t\t<\/div>\n\t\t\t\t<\/div>\n\t\t\t\t<div class=\"elementor-element elementor-element-cb431d6 elementor-widget elementor-widget-text-editor\" data-id=\"cb431d6\" data-element_type=\"widget\" data-e-type=\"widget\" data-widget_type=\"text-editor.default\">\n\t\t\t\t<div class=\"elementor-widget-container\">\n\t\t\t\t\t\t\t\t\t<p>Molina Healthcare y Foothills Community Health Care organizar\u00e1n un sorteo comunitario de jam\u00f3n de Pascua el s\u00e1bado 30 de marzo de 9 a. m. a 11 a. m. en el West Side Community Center en Anderson, Carolina del Sur. Este es un evento por orden de llegada y se proporcionar\u00e1 1 jam\u00f3n congelado por autom\u00f3vil (l\u00edmite de 2 jamones congelados por autom\u00f3vil con comprobante de domicilio separado). SC THRIVE tambi\u00e9n estar\u00e1 en el lugar brindando asistencia para la renovaci\u00f3n de Medicaid.<\/p><p>Se requiere registro, <a href=\"https:\/\/form.jotform.com\/240635635472155\">haga clic aqu\u00ed<\/a> para registrarse.<\/p>\t\t\t\t\t\t\t\t<\/div>\n\t\t\t\t<\/div>\n\t\t\t\t<\/div>\n\t\t\t\t<\/div>\n\t\t\t\t\t<\/div>\n\t\t\t\t<\/div>\n\t\t<div class=\"elementor-element elementor-element-83edaa5 e-flex e-con-boxed e-con e-parent\" data-id=\"83edaa5\" data-element_type=\"container\" data-e-type=\"container\" data-settings=\"{&quot;jet_parallax_layout_list&quot;:[]}\">\n\t\t\t\t\t<div class=\"e-con-inner\">\n\t\t<div class=\"elementor-element elementor-element-b381de8 e-con-full e-flex e-con e-child\" data-id=\"b381de8\" data-element_type=\"container\" data-e-type=\"container\" data-settings=\"{&quot;jet_parallax_layout_list&quot;:[]}\">\n\t\t<div class=\"elementor-element elementor-element-49fb80f e-con-full e-flex e-con e-child\" data-id=\"49fb80f\" data-element_type=\"container\" data-e-type=\"container\" data-settings=\"{&quot;jet_parallax_layout_list&quot;:[]}\">\n\t\t\t\t<div class=\"elementor-element elementor-element-bbcfcae elementor-widget elementor-widget-image\" data-id=\"bbcfcae\" data-element_type=\"widget\" data-e-type=\"widget\" data-widget_type=\"image.default\">\n\t\t\t\t<div class=\"elementor-widget-container\">\n\t\t\t\t\t\t\t\t\t\t\t\t\t\t\t<img decoding=\"async\" width=\"800\" height=\"246\" data-src=\"https:\/\/hispanicalliancesc.com\/wp-content\/uploads\/2023\/06\/ha-newsletter-legal@3x.png\" class=\"attachment-large size-large wp-image-4958 lazyload\" alt=\"\" data-srcset=\"https:\/\/hispanicalliancesc.com\/wp-content\/uploads\/2023\/06\/ha-newsletter-legal@3x.png 982w, https:\/\/hispanicalliancesc.com\/wp-content\/uploads\/2023\/06\/ha-newsletter-legal@3x-300x92.png 300w, https:\/\/hispanicalliancesc.com\/wp-content\/uploads\/2023\/06\/ha-newsletter-legal@3x-768x236.png 768w, https:\/\/hispanicalliancesc.com\/wp-content\/uploads\/2023\/06\/ha-newsletter-legal@3x-18x6.png 18w\" data-sizes=\"auto\" src=\"data:image\/svg+xml;base64,PHN2ZyB3aWR0aD0iMSIgaGVpZ2h0PSIxIiB4bWxucz0iaHR0cDovL3d3dy53My5vcmcvMjAwMC9zdmciPjwvc3ZnPg==\" style=\"--smush-placeholder-width: 800px; --smush-placeholder-aspect-ratio: 800\/246;\" data-original-sizes=\"(max-width: 800px) 100vw, 800px\" \/>\t\t\t\t\t\t\t\t\t\t\t\t\t\t\t<\/div>\n\t\t\t\t<\/div>\n\t\t\t\t<\/div>\n\t\t<div class=\"elementor-element elementor-element-37ad281 e-con-full e-flex e-con e-child\" data-id=\"37ad281\" data-element_type=\"container\" data-e-type=\"container\" data-settings=\"{&quot;jet_parallax_layout_list&quot;:[]}\">\n\t\t\t\t<div class=\"elementor-element elementor-element-616deb8 elementor-widget elementor-widget-heading\" data-id=\"616deb8\" data-element_type=\"widget\" data-e-type=\"widget\" data-widget_type=\"heading.default\">\n\t\t\t\t<div class=\"elementor-widget-container\">\n\t\t\t\t\t<h5 class=\"elementor-heading-title elementor-size-default\">Las tarifas de USCIS cambiar\u00e1n el 1 de abril de 2024\n<\/h5>\t\t\t\t<\/div>\n\t\t\t\t<\/div>\n\t\t\t\t<div class=\"elementor-element elementor-element-0288dde elementor-widget elementor-widget-text-editor\" data-id=\"0288dde\" data-element_type=\"widget\" data-e-type=\"widget\" data-widget_type=\"text-editor.default\">\n\t\t\t\t<div class=\"elementor-widget-container\">\n\t\t\t\t\t\t\t\t\t<p>A partir del 1 de abril de este a\u00f1o, varias solicitudes de USCIS ver\u00e1n un cambio que incluye aumento de tarifas, exenciones de tarifas ampliadas y cambios en la pol\u00edtica de exenci\u00f3n de tarifas. El Centro de Recursos Legales para Inmigrantes ha creado una gu\u00eda completa con nuevas reglas y tarifas de presentaci\u00f3n.<\/p>\t\t\t\t\t\t\t\t<\/div>\n\t\t\t\t<\/div>\n\t\t\t\t<div class=\"elementor-element elementor-element-49549ff elementor-widget elementor-widget-heading\" data-id=\"49549ff\" data-element_type=\"widget\" data-e-type=\"widget\" data-widget_type=\"heading.default\">\n\t\t\t\t<div class=\"elementor-widget-container\">\n\t\t\t\t\t<h5 class=\"elementor-heading-title elementor-size-default\"><a href=\"https:\/\/files.constantcontact.com\/fceb2faa701\/6f3f8e48-2b2e-4c18-ba6c-fd095ecc38fb.pdf?rdr=true\" target=\"_blank\" rel=\"nofollow\">Haga clic aqu\u00ed para descargar la gu\u00eda<\/a><\/h5>\t\t\t\t<\/div>\n\t\t\t\t<\/div>\n\t\t\t\t<\/div>\n\t\t\t\t<\/div>\n\t\t\t\t\t<\/div>\n\t\t\t\t<\/div>\n\t\t<div class=\"elementor-element elementor-element-c0f5fde e-flex e-con-boxed e-con e-parent\" data-id=\"c0f5fde\" data-element_type=\"container\" data-e-type=\"container\" data-settings=\"{&quot;jet_parallax_layout_list&quot;:[]}\">\n\t\t\t\t\t<div class=\"e-con-inner\">\n\t\t<div class=\"elementor-element elementor-element-b8d4d6c e-con-full e-flex e-con e-child\" data-id=\"b8d4d6c\" data-element_type=\"container\" data-e-type=\"container\" data-settings=\"{&quot;jet_parallax_layout_list&quot;:[]}\">\n\t\t<div class=\"elementor-element elementor-element-de3dfb4 e-con-full e-flex e-con e-child\" data-id=\"de3dfb4\" data-element_type=\"container\" data-e-type=\"container\" data-settings=\"{&quot;jet_parallax_layout_list&quot;:[]}\">\n\t\t\t\t<div class=\"elementor-element elementor-element-f879c61 elementor-widget elementor-widget-image\" data-id=\"f879c61\" data-element_type=\"widget\" data-e-type=\"widget\" data-widget_type=\"image.default\">\n\t\t\t\t<div class=\"elementor-widget-container\">\n\t\t\t\t\t\t\t\t\t\t\t\t\t\t\t<img decoding=\"async\" width=\"800\" height=\"149\" data-src=\"https:\/\/hispanicalliancesc.com\/wp-content\/uploads\/2023\/06\/ha-newsletter-community@3x-1024x191.png\" class=\"attachment-large size-large wp-image-4953 lazyload\" alt=\"\" data-srcset=\"https:\/\/hispanicalliancesc.com\/wp-content\/uploads\/2023\/06\/ha-newsletter-community@3x-1024x191.png 1024w, https:\/\/hispanicalliancesc.com\/wp-content\/uploads\/2023\/06\/ha-newsletter-community@3x-300x56.png 300w, https:\/\/hispanicalliancesc.com\/wp-content\/uploads\/2023\/06\/ha-newsletter-community@3x-768x143.png 768w, https:\/\/hispanicalliancesc.com\/wp-content\/uploads\/2023\/06\/ha-newsletter-community@3x-1536x287.png 1536w, https:\/\/hispanicalliancesc.com\/wp-content\/uploads\/2023\/06\/ha-newsletter-community@3x-18x3.png 18w, https:\/\/hispanicalliancesc.com\/wp-content\/uploads\/2023\/06\/ha-newsletter-community@3x.png 1633w\" data-sizes=\"auto\" src=\"data:image\/svg+xml;base64,PHN2ZyB3aWR0aD0iMSIgaGVpZ2h0PSIxIiB4bWxucz0iaHR0cDovL3d3dy53My5vcmcvMjAwMC9zdmciPjwvc3ZnPg==\" style=\"--smush-placeholder-width: 800px; --smush-placeholder-aspect-ratio: 800\/149;\" data-original-sizes=\"(max-width: 800px) 100vw, 800px\" \/>\t\t\t\t\t\t\t\t\t\t\t\t\t\t\t<\/div>\n\t\t\t\t<\/div>\n\t\t\t\t<\/div>\n\t\t<div class=\"elementor-element elementor-element-3e3bf5d e-con-full e-flex e-con e-child\" data-id=\"3e3bf5d\" data-element_type=\"container\" data-e-type=\"container\" data-settings=\"{&quot;jet_parallax_layout_list&quot;:[]}\">\n\t\t\t\t<div class=\"elementor-element elementor-element-5e906d3 elementor-widget elementor-widget-heading\" data-id=\"5e906d3\" data-element_type=\"widget\" data-e-type=\"widget\" data-widget_type=\"heading.default\">\n\t\t\t\t<div class=\"elementor-widget-container\">\n\t\t\t\t\t<h5 class=\"elementor-heading-title elementor-size-default\">Certificados con el Centro de Liderazgo Innovador<\/h5>\t\t\t\t<\/div>\n\t\t\t\t<\/div>\n\t\t\t\t<div class=\"elementor-element elementor-element-6aa7b79 elementor-widget elementor-widget-text-editor\" data-id=\"6aa7b79\" data-element_type=\"widget\" data-e-type=\"widget\" data-widget_type=\"text-editor.default\">\n\t\t\t\t<div class=\"elementor-widget-container\">\n\t\t\t\t\t\t\t\t\t<p>El 21 de marzo, el Centro para el Liderazgo Innovador organizar\u00e1 un seminario web informativo sobre UX (experiencia de usuario) y certificados de UI. Obtenga m\u00e1s informaci\u00f3n sobre el plan de estudios y descubra por qu\u00e9 es un buen momento para adentrarse en el dise\u00f1o de UX y c\u00f3mo puede dar forma a las experiencias de los usuarios. <a href=\"https:\/\/www.eventbrite.com\/e\/ux-design-institute-certificate-information-webinar-321-tickets-846365962377\">haga clic aqu\u00ed<\/a> para registrarse.<\/p><p>Tambi\u00e9n comenzar\u00e1n su enfoque de tres meses en IA con un curso corto sobre IA generativa e ingenier\u00eda r\u00e1pida el 10 de abril. <a href=\"https:\/\/www.eventbrite.com\/e\/ai-prompt-engineering-workshop-tickets-848568249477\">Registrate aqu\u00ed<\/a> para aprender m\u00e1s sobre uno de los campos m\u00e1s transformadores y din\u00e1micos de nuestro tiempo.<\/p>\t\t\t\t\t\t\t\t<\/div>\n\t\t\t\t<\/div>\n\t\t\t\t<\/div>\n\t\t<div class=\"elementor-element elementor-element-391c097 e-con-full e-flex e-con e-child\" data-id=\"391c097\" data-element_type=\"container\" data-e-type=\"container\" data-settings=\"{&quot;jet_parallax_layout_list&quot;:[]}\">\n\t\t\t\t<div class=\"elementor-element elementor-element-09d7c11 elementor-widget elementor-widget-heading\" data-id=\"09d7c11\" data-element_type=\"widget\" data-e-type=\"widget\" data-widget_type=\"heading.default\">\n\t\t\t\t<div class=\"elementor-widget-container\">\n\t\t\t\t\t<h5 class=\"elementor-heading-title elementor-size-default\">Formaci\u00f3n en comunicaci\u00f3n<\/h5>\t\t\t\t<\/div>\n\t\t\t\t<\/div>\n\t\t\t\t<div class=\"elementor-element elementor-element-80f2336 elementor-widget elementor-widget-text-editor\" data-id=\"80f2336\" data-element_type=\"widget\" data-e-type=\"widget\" data-widget_type=\"text-editor.default\">\n\t\t\t\t<div class=\"elementor-widget-container\">\n\t\t\t\t\t\t\t\t\t<p>Greater Good Greenville ser\u00e1 el anfitri\u00f3n de \u201cComunicaci\u00f3n intergeneracional: uniendo la brecha generacional\u201d el 27 de marzo a las 9 a.m. Este programa es para aquellos en todos los campos y puestos de liderazgo que involucra las mejores pr\u00e1cticas de comunicaci\u00f3n para las cinco generaciones laborales en la fuerza laboral.<\/p><p>Reg\u00edstrate en este taller gratuito <a href=\"https:\/\/www.eventbrite.com\/e\/intergenerational-communication-bridging-the-generational-gap-tickets-771095737107\">haciendo clic aqu\u00ed<\/a>.<\/p>\t\t\t\t\t\t\t\t<\/div>\n\t\t\t\t<\/div>\n\t\t\t\t<\/div>\n\t\t<div class=\"elementor-element elementor-element-ae2f35c e-con-full e-flex e-con e-child\" data-id=\"ae2f35c\" data-element_type=\"container\" data-e-type=\"container\" data-settings=\"{&quot;jet_parallax_layout_list&quot;:[]}\">\n\t\t\t\t<div class=\"elementor-element elementor-element-461688c elementor-widget elementor-widget-heading\" data-id=\"461688c\" data-element_type=\"widget\" data-e-type=\"widget\" data-widget_type=\"heading.default\">\n\t\t\t\t<div class=\"elementor-widget-container\">\n\t\t\t\t\t<h5 class=\"elementor-heading-title elementor-size-default\">\u00a1Solicite hoy Leadership Greenville!<\/h5>\t\t\t\t<\/div>\n\t\t\t\t<\/div>\n\t\t\t\t<div class=\"elementor-element elementor-element-ca28b24 elementor-widget elementor-widget-text-editor\" data-id=\"ca28b24\" data-element_type=\"widget\" data-e-type=\"widget\" data-widget_type=\"text-editor.default\">\n\t\t\t\t<div class=\"elementor-widget-container\">\n\t\t\t\t\t\t\t\t\t<p>Leadership Greenville es el programa de liderazgo emblem\u00e1tico de la C\u00e1mara, una experiencia intensiva de diez meses donde los participantes trabajan en equipos en un proyecto de voluntariado dise\u00f1ado para hacerlos m\u00e1s informados, comprometidos y equipados para ser l\u00edderes en el condado de Greenville. Al analizar detenidamente los problemas que afectan al condado de Greenville, Leadership Greenville elige proyectos que preparan y motivan a los participantes para brindar un liderazgo din\u00e1mico y de calidad dentro del \u00e1rea. Las solicitudes ya est\u00e1n abiertas hasta el 1 de abril. <a href=\"https:\/\/www.greenvillechamber.org\/leadership\/leadership-greenville\/\">Clic aqu\u00ed para saber m\u00e1s.<\/a><\/p>\t\t\t\t\t\t\t\t<\/div>\n\t\t\t\t<\/div>\n\t\t\t\t<\/div>\n\t\t\t\t<\/div>\n\t\t\t\t\t<\/div>\n\t\t\t\t<\/div>\n\t\t\t\t<\/div>","protected":false},"excerpt":{"rendered":"<p>Su voz importa, \u00fanase a nosotros para #Allied4Work y una presentaci\u00f3n en #H3288 | Marzo de 2024: \u00a1p\u00f3ngase al d\u00eda con las \u00faltimas actualizaciones de HA Network!<\/p>","protected":false},"author":1,"featured_media":8694,"comment_status":"closed","ping_status":"closed","sticky":false,"template":"","format":"standard","meta":{"_acf_changed":false,"wds_primary_category":1,"footnotes":""},"categories":[1,35],"tags":[],"class_list":["post-8691","post","type-post","status-publish","format-standard","has-post-thumbnail","hentry","category-all-posts","category-ha-newsletter"],"acf":[],"_links":{"self":[{"href":"https:\/\/hispanicalliancesc.com\/es\/wp-json\/wp\/v2\/posts\/8691","targetHints":{"allow":["GET"]}}],"collection":[{"href":"https:\/\/hispanicalliancesc.com\/es\/wp-json\/wp\/v2\/posts"}],"about":[{"href":"https:\/\/hispanicalliancesc.com\/es\/wp-json\/wp\/v2\/types\/post"}],"author":[{"embeddable":true,"href":"https:\/\/hispanicalliancesc.com\/es\/wp-json\/wp\/v2\/users\/1"}],"replies":[{"embeddable":true,"href":"https:\/\/hispanicalliancesc.com\/es\/wp-json\/wp\/v2\/comments?post=8691"}],"version-history":[{"count":0,"href":"https:\/\/hispanicalliancesc.com\/es\/wp-json\/wp\/v2\/posts\/8691\/revisions"}],"wp:featuredmedia":[{"embeddable":true,"href":"https:\/\/hispanicalliancesc.com\/es\/wp-json\/wp\/v2\/media\/8694"}],"wp:attachment":[{"href":"https:\/\/hispanicalliancesc.com\/es\/wp-json\/wp\/v2\/media?parent=8691"}],"wp:term":[{"taxonomy":"category","embeddable":true,"href":"https:\/\/hispanicalliancesc.com\/es\/wp-json\/wp\/v2\/categories?post=8691"},{"taxonomy":"post_tag","embeddable":true,"href":"https:\/\/hispanicalliancesc.com\/es\/wp-json\/wp\/v2\/tags?post=8691"}],"curies":[{"name":"wp","href":"https:\/\/api.w.org\/{rel}","templated":true}]}}