{"id":8489,"date":"2024-03-13T06:38:17","date_gmt":"2024-03-13T10:38:17","guid":{"rendered":"https:\/\/hispanic-alliance.local\/?p=8489"},"modified":"2024-03-13T06:39:46","modified_gmt":"2024-03-13T10:39:46","slug":"allied4work-press-release","status":"publish","type":"post","link":"https:\/\/hispanicalliancesc.com\/es\/allied4work-press-release\/","title":{"rendered":"Comunicado de prensa de Allied4Work"},"content":{"rendered":"<div data-elementor-type=\"wp-post\" data-elementor-id=\"8489\" class=\"elementor elementor-8489\" data-elementor-post-type=\"post\">\n\t\t\t\t<div class=\"elementor-element elementor-element-71943c2 e-flex e-con-boxed e-con e-parent\" data-id=\"71943c2\" data-element_type=\"container\" data-e-type=\"container\" data-settings=\"{&quot;jet_parallax_layout_list&quot;:[]}\">\n\t\t\t\t\t<div class=\"e-con-inner\">\n\t\t\t\t<div class=\"elementor-element elementor-element-11dc0b5 elementor-widget elementor-widget-text-editor\" data-id=\"11dc0b5\" data-element_type=\"widget\" data-e-type=\"widget\" data-widget_type=\"text-editor.default\">\n\t\t\t\t<div class=\"elementor-widget-container\">\n\t\t\t\t\t\t\t\t\t<p><span style=\"font-weight: 400;\">GREENVILLE, Carolina del Sur (11 de marzo de 2024) \u2013 El 25 de marzo, se divulgar\u00e1 al p\u00fablico en Greenville un informe escrito por investigadores de la Universidad de Clemson que explora el impacto econ\u00f3mico de permitir que los trabajadores presentes legalmente reciban licencias ocupacionales y profesionales en diversos sectores. Organizado conjuntamente por la Alianza Hispana y Ten at the Top, el evento Allied4Work tambi\u00e9n incluir\u00e1 una descripci\u00f3n general del Proyecto de Ley 3288 de la C\u00e1mara de Representantes de Carolina del Sur y un panel de discusi\u00f3n sobre las oportunidades y desaf\u00edos para la fuerza laboral legalmente presente en Carolina del Sur.<\/span><\/p><p><span style=\"font-weight: 400;\">\u201cLa comunidad de inmigrantes legales es una porci\u00f3n de la fuerza laboral del Norte del Estado en r\u00e1pido crecimiento. Esperamos una discusi\u00f3n productiva, basada en datos, sobre estrategias que mejorar\u00e1n la vitalidad econ\u00f3mica y la calidad de vida en nuestra regi\u00f3n de diez condados y en el estado en su conjunto\u201d, dijo Dean Hybl, director ejecutivo de Ten at the Top.<\/span><\/p><p><span style=\"font-weight: 400;\">\u201cNuestro objetivo es arrojar luz sobre las oportunidades para involucrar a la poblaci\u00f3n hispana y a otros miembros legalmente presentes de la fuerza laboral en la construcci\u00f3n de comunidades pr\u00f3speras para todos en todo el estado\u201d, dijo Adela Mendoza, directora ejecutiva de la Alianza Hispana. \"Invitamos a personas de todas las industrias, or\u00edgenes y culturas a unirse a nosotros en el di\u00e1logo y la colaboraci\u00f3n para construir puentes hacia pol\u00edticas equitativas y un futuro pr\u00f3spero para todos los habitantes de Carolina del Sur\".<\/span><\/p><p><b>Fecha y hora<\/b><\/p><ul><li style=\"font-weight: 400;\" aria-level=\"1\"><span style=\"font-weight: 400;\">Lunes, 25 de marzo de 2024<\/span><\/li><li style=\"font-weight: 400;\" aria-level=\"1\"><span style=\"font-weight: 400;\">8:15 am Abrir\u00e1n las puertas<\/span><\/li><li style=\"font-weight: 400;\" aria-level=\"1\"><span style=\"font-weight: 400;\">8:30 a.m. \u2013 9:30 a.m. Comienza el evento<\/span><\/li><\/ul><p>\u00a0<\/p><p><b>Ubicaci\u00f3n<\/b><\/p><p><span style=\"font-weight: 400;\">Clemson ONE Center, 1 North Main Street, Greenville, SC 29601<\/span><\/p><p><b>Registro<\/b><\/p><p><span style=\"font-weight: 400;\">El evento es gratuito y abierto al p\u00fablico. Puede registrarse en l\u00ednea en: <\/span><a href=\"https:\/\/hispanicalliancesc.com\/es\/allied\/\"><span style=\"font-weight: 400;\">hispanicalliancesc.org\/allied<\/span><\/a><span style=\"font-weight: 400;\">.\u00a0<\/span><\/p><p><b>Oradores<\/b><\/p><ul><li style=\"font-weight: 400;\" aria-level=\"1\"><span style=\"font-weight: 400;\">Representante Estatal, Neal Collins (R - Pickens)\u00a0<\/span><\/li><li style=\"font-weight: 400;\" aria-level=\"1\"><span style=\"font-weight: 400;\">Brandy Amidon, Alcaldesa de Travelers Rest\u00a0<\/span><\/li><li style=\"font-weight: 400;\" aria-level=\"1\"><span style=\"font-weight: 400;\">Nina Cano Richards, Abogada y Co-fundadora de Spanglish Consulting<\/span><\/li><li style=\"font-weight: 400;\" aria-level=\"1\"><span style=\"font-weight: 400;\">Scott Cochran, Presidente, Spartanburg Methodist College<\/span><\/li><li style=\"font-weight: 400;\" aria-level=\"1\"><span style=\"font-weight: 400;\">Jason Zacher (moderador del panel), Presidente y Fundador, Bridge Public Strategy Group<\/span><\/li><\/ul><p>\u00a0<\/p><p><b>Datos<\/b><\/p><ul><li style=\"list-style-type: none;\"><ul><li style=\"font-weight: 400;\" aria-level=\"1\"><span style=\"font-weight: 400;\">El diecisiete por ciento de la fuerza laboral de Carolina del Sur est\u00e1 empleada actualmente en un campo autorizado.<\/span><\/li><li style=\"font-weight: 400;\" aria-level=\"1\"><span style=\"font-weight: 400;\">Hay al menos 5.500 personas en Carolina del Sur aprobadas y autorizadas para ser empleadas por las autoridades federales a quienes la ley estatal les proh\u00edbe obtener una licencia para trabajar en campos como el inmobiliario, la enfermer\u00eda y la educaci\u00f3n.<\/span><\/li><li style=\"font-weight: 400;\" aria-level=\"1\"><span style=\"font-weight: 400;\">Seg\u00fan la Administraci\u00f3n de Servicios y Recursos de Salud del Departamento de Salud y Servicios Humanos de EE. UU., Carolina del Sur ocupar\u00e1 el cuarto lugar entre los estados para 2030 con escasez de enfermeras.<\/span><\/li><li style=\"font-weight: 400;\" aria-level=\"1\"><span style=\"font-weight: 400;\">Seg\u00fan el Centro para la Retenci\u00f3n y el Avance del Reclutamiento de Educadores (CERRA), la escasez de docentes en Carolina del Sur alcanz\u00f3 su punto m\u00e1s alto al inicio del a\u00f1o escolar 2023-2024 con m\u00e1s de 1,600 vacantes.<\/span><\/li><\/ul><\/li><\/ul><ul><li aria-level=\"1\"><span style=\"font-weight: 400;\">El Proyecto de Ley 3288 de la C\u00e1mara de Representantes de Carolina del Sur es un proyecto de ley de una sola oraci\u00f3n para permitir que las personas que tienen autorizaciones de empleo vigentes y v\u00e1lidas aprobadas por las autoridades federales de inmigraci\u00f3n sean elegibles para obtener una licencia ocupacional o profesional si se cumplen todos los dem\u00e1s requisitos aplicables.<\/span><\/li><\/ul><p>\u00a0<\/p><p><b>Acerca de Alianza Hispana<\/b><\/p><p><span style=\"font-weight: 400;\">La Alianza Hispana es el facilitador de ideas, individuos e instituciones que colaboran para hacer avanzar a las comunidades hispanas en Carolina del Sur. Con la misi\u00f3n de fomentar la colaboraci\u00f3n y la conectividad entre personas, recursos y culturas para construir comunidades pr\u00f3speras, la Alianza Hispana visualiza una comunidad vibrante e inclusiva donde todos tengan acceso a oportunidades de \u00e9xito y prosperidad. La Alianza Hispana es una organizaci\u00f3n no partidista que aboga fielmente por la diversidad, la igualdad, la aceptaci\u00f3n, la comprensi\u00f3n y la aceptaci\u00f3n del sue\u00f1o americano. Para obtener m\u00e1s informaci\u00f3n, visite <\/span><a href=\"http:\/\/hispanicalliancesc.com\/es\/\"><span style=\"font-weight: 400;\">HispanicAllianceSC.com<\/span><\/a><span style=\"font-weight: 400;\">.<\/span><\/p><p>\u00a0<\/p><p><b>Acerca Ten at the Top<\/b><\/p><p><span style=\"font-weight: 400;\">Compuesto por l\u00edderes p\u00fablicos, privados y c\u00edvicos de diez condados de toda la regi\u00f3n en el norte del estado de Carolina del Sur, Ten at the Top se cre\u00f3 para conectar y fomentar la colaboraci\u00f3n regional a trav\u00e9s de investigaciones, basadas en datos y convocatorias peri\u00f3dicas de l\u00edderes y ciudadanos para abordar los problemas clave que enfrenta la regi\u00f3n. Ten at the Top trabaja con socios regionales para fomentar la colaboraci\u00f3n y la planificaci\u00f3n estrat\u00e9gica que promueve mejorar la vitalidad econ\u00f3mica y la calidad de vida de los residentes del Norte del Estado, tanto hoy como a medida que la regi\u00f3n contin\u00faa creciendo. Para obtener m\u00e1s informaci\u00f3n, visite:<\/span><a href=\"http:\/\/www.tenatthetop.org\/\"><span style=\"font-weight: 400;\">\u00a0www.tenatthetop.org<\/span><\/a><span style=\"font-weight: 400;\">.<\/span><\/p>\t\t\t\t\t\t\t\t<\/div>\n\t\t\t\t<\/div>\n\t\t\t\t\t<\/div>\n\t\t\t\t<\/div>\n\t\t\t\t<\/div>","protected":false},"excerpt":{"rendered":"<p>El 25 de marzo en Greenville se dar\u00e1 a conocer al p\u00fablico un informe escrito por investigadores de la Universidad de Clemson que explora el impacto econ\u00f3mico de permitir que los trabajadores presentes legalmente reciban licencias ocupacionales y profesionales en varios sectores. <\/p>","protected":false},"author":1,"featured_media":8491,"comment_status":"closed","ping_status":"closed","sticky":false,"template":"","format":"standard","meta":{"_acf_changed":false,"wds_primary_category":22,"footnotes":""},"categories":[22],"tags":[],"class_list":["post-8489","post","type-post","status-publish","format-standard","has-post-thumbnail","hentry","category-press-releases"],"acf":[],"_links":{"self":[{"href":"https:\/\/hispanicalliancesc.com\/es\/wp-json\/wp\/v2\/posts\/8489","targetHints":{"allow":["GET"]}}],"collection":[{"href":"https:\/\/hispanicalliancesc.com\/es\/wp-json\/wp\/v2\/posts"}],"about":[{"href":"https:\/\/hispanicalliancesc.com\/es\/wp-json\/wp\/v2\/types\/post"}],"author":[{"embeddable":true,"href":"https:\/\/hispanicalliancesc.com\/es\/wp-json\/wp\/v2\/users\/1"}],"replies":[{"embeddable":true,"href":"https:\/\/hispanicalliancesc.com\/es\/wp-json\/wp\/v2\/comments?post=8489"}],"version-history":[{"count":0,"href":"https:\/\/hispanicalliancesc.com\/es\/wp-json\/wp\/v2\/posts\/8489\/revisions"}],"wp:featuredmedia":[{"embeddable":true,"href":"https:\/\/hispanicalliancesc.com\/es\/wp-json\/wp\/v2\/media\/8491"}],"wp:attachment":[{"href":"https:\/\/hispanicalliancesc.com\/es\/wp-json\/wp\/v2\/media?parent=8489"}],"wp:term":[{"taxonomy":"category","embeddable":true,"href":"https:\/\/hispanicalliancesc.com\/es\/wp-json\/wp\/v2\/categories?post=8489"},{"taxonomy":"post_tag","embeddable":true,"href":"https:\/\/hispanicalliancesc.com\/es\/wp-json\/wp\/v2\/tags?post=8489"}],"curies":[{"name":"wp","href":"https:\/\/api.w.org\/{rel}","templated":true}]}}