{"id":8299,"date":"2019-01-29T09:57:00","date_gmt":"2019-01-29T14:57:00","guid":{"rendered":"https:\/\/hispanic-alliance.local\/?p=8299"},"modified":"2024-02-21T09:59:38","modified_gmt":"2024-02-21T14:59:38","slug":"hispanics-in-greenville","status":"publish","type":"post","link":"https:\/\/hispanicalliancesc.com\/es\/hispanics-in-greenville\/","title":{"rendered":"Hispanos en Greenville"},"content":{"rendered":"<div data-elementor-type=\"wp-post\" data-elementor-id=\"8299\" class=\"elementor elementor-8299\" data-elementor-post-type=\"post\">\n\t\t\t\t<div class=\"elementor-element elementor-element-3f060d2 e-flex e-con-boxed e-con e-parent\" data-id=\"3f060d2\" data-element_type=\"container\" data-e-type=\"container\" data-settings=\"{&quot;jet_parallax_layout_list&quot;:[]}\">\n\t\t\t\t\t<div class=\"e-con-inner\">\n\t\t\t\t<div class=\"elementor-element elementor-element-cae5284 elementor-widget elementor-widget-text-editor\" data-id=\"cae5284\" data-element_type=\"widget\" data-e-type=\"widget\" data-widget_type=\"text-editor.default\">\n\t\t\t\t<div class=\"elementor-widget-container\">\n\t\t\t\t\t\t\t\t\tLos resultados de este estudio, la culminaci\u00f3n de dos a\u00f1os de investigaci\u00f3n desafiante y participaci\u00f3n comunitaria, se dieron a conocer en una presentaci\u00f3n p\u00fablica el martes 29 de enero de 2019. Esta informaci\u00f3n brinda una imagen compasiva y realista de las barreras y los activos para nuestra comunidad hispana, con la intenci\u00f3n de impulsar e informar colaboraciones interculturales. Nuestra esperanza es que esta informaci\u00f3n se utilice para construir una comunidad diversa, equitativa y pr\u00f3spera para todos.\t\t\t\t\t\t\t\t<\/div>\n\t\t\t\t<\/div>\n\t\t\t\t<div class=\"elementor-element elementor-element-d665059 elementor-widget elementor-widget-shortcode\" data-id=\"d665059\" data-element_type=\"widget\" data-e-type=\"widget\" data-widget_type=\"shortcode.default\">\n\t\t\t\t<div class=\"elementor-widget-container\">\n\t\t\t\t\t\t\t<div class=\"elementor-shortcode\"><div class=\"_df_book df-lite\" id=\"df_1680\"  _slug=\"hispanics-in-greenville\" data-title=\"hispanics-in-greenville\" wpoptions=\"true\" thumbtype=\"\" ><\/div><script class=\"df-shortcode-script\" nowprocket type=\"application\/javascript\">window.option_df_1680 = {\"outline\":[],\"backgroundColor\":\"#ffffff\",\"height\":\"700px\",\"autoEnableOutline\":\"false\",\"autoEnableThumbnail\":\"false\",\"overwritePDFOutline\":\"false\",\"enableDownload\":\"true\",\"direction\":\"1\",\"pageSize\":\"0\",\"source\":\"https:\\\/\\\/hispanicalliancesc.com\\\/wp-content\\\/uploads\\\/2022\\\/11\\\/HispanicsinGreenvillePDF.pdf\",\"wpOptions\":\"true\"}; if(window.DFLIP && window.DFLIP.parseBooks){window.DFLIP.parseBooks();}<\/script><\/div>\n\t\t\t\t\t\t<\/div>\n\t\t\t\t<\/div>\n\t\t\t\t<div class=\"elementor-element elementor-element-5cd7188 elementor-align-center elementor-widget elementor-widget-button\" data-id=\"5cd7188\" data-element_type=\"widget\" data-e-type=\"widget\" data-widget_type=\"button.default\">\n\t\t\t\t<div class=\"elementor-widget-container\">\n\t\t\t\t\t\t\t\t\t<div class=\"elementor-button-wrapper\">\n\t\t\t\t\t<a class=\"elementor-button elementor-button-link elementor-size-sm\" href=\"https:\/\/hispanicalliancesc.com\/wp-content\/uploads\/2022\/11\/HispanicsinGreenvillePDF.pdf\" target=\"_blank\">\n\t\t\t\t\t\t<span class=\"elementor-button-content-wrapper\">\n\t\t\t\t\t\t\t\t\t<span class=\"elementor-button-text\">Descargar versi\u00f3n PDF<\/span>\n\t\t\t\t\t<\/span>\n\t\t\t\t\t<\/a>\n\t\t\t\t<\/div>\n\t\t\t\t\t\t\t\t<\/div>\n\t\t\t\t<\/div>\n\t\t\t\t\t<\/div>\n\t\t\t\t<\/div>\n\t\t\t\t<\/div>","protected":false},"excerpt":{"rendered":"<p>Esta informaci\u00f3n proporciona una imagen compasiva y realista de las barreras y los activos de nuestra comunidad hispana, con la intenci\u00f3n de impulsar e informar las colaboraciones interculturales. <\/p>","protected":false},"author":1,"featured_media":8300,"comment_status":"closed","ping_status":"closed","sticky":false,"template":"","format":"standard","meta":{"_acf_changed":false,"wds_primary_category":1,"footnotes":""},"categories":[1,15],"tags":[],"class_list":["post-8299","post","type-post","status-publish","format-standard","has-post-thumbnail","hentry","category-all-posts","category-research-and-statistics"],"acf":[],"_links":{"self":[{"href":"https:\/\/hispanicalliancesc.com\/es\/wp-json\/wp\/v2\/posts\/8299","targetHints":{"allow":["GET"]}}],"collection":[{"href":"https:\/\/hispanicalliancesc.com\/es\/wp-json\/wp\/v2\/posts"}],"about":[{"href":"https:\/\/hispanicalliancesc.com\/es\/wp-json\/wp\/v2\/types\/post"}],"author":[{"embeddable":true,"href":"https:\/\/hispanicalliancesc.com\/es\/wp-json\/wp\/v2\/users\/1"}],"replies":[{"embeddable":true,"href":"https:\/\/hispanicalliancesc.com\/es\/wp-json\/wp\/v2\/comments?post=8299"}],"version-history":[{"count":0,"href":"https:\/\/hispanicalliancesc.com\/es\/wp-json\/wp\/v2\/posts\/8299\/revisions"}],"wp:featuredmedia":[{"embeddable":true,"href":"https:\/\/hispanicalliancesc.com\/es\/wp-json\/wp\/v2\/media\/8300"}],"wp:attachment":[{"href":"https:\/\/hispanicalliancesc.com\/es\/wp-json\/wp\/v2\/media?parent=8299"}],"wp:term":[{"taxonomy":"category","embeddable":true,"href":"https:\/\/hispanicalliancesc.com\/es\/wp-json\/wp\/v2\/categories?post=8299"},{"taxonomy":"post_tag","embeddable":true,"href":"https:\/\/hispanicalliancesc.com\/es\/wp-json\/wp\/v2\/tags?post=8299"}],"curies":[{"name":"wp","href":"https:\/\/api.w.org\/{rel}","templated":true}]}}