{"id":6427,"date":"2023-11-16T10:35:07","date_gmt":"2023-11-16T15:35:07","guid":{"rendered":"http:\/\/localhost:10028\/?p=6427"},"modified":"2023-12-06T11:33:23","modified_gmt":"2023-12-06T16:33:23","slug":"pedro","status":"publish","type":"post","link":"https:\/\/hispanicalliancesc.com\/es\/pedro\/","title":{"rendered":"Empoderando a la juventud hispana con Pedro Escobar"},"content":{"rendered":"<div data-elementor-type=\"wp-post\" data-elementor-id=\"6427\" class=\"elementor elementor-6427\" data-elementor-post-type=\"post\">\n\t\t\t\t\t\t<section class=\"elementor-section elementor-top-section elementor-element elementor-element-208975e elementor-section-boxed elementor-section-height-default elementor-section-height-default\" data-id=\"208975e\" data-element_type=\"section\" data-e-type=\"section\" data-settings=\"{&quot;jet_parallax_layout_list&quot;:[]}\">\n\t\t\t\t\t\t<div class=\"elementor-container elementor-column-gap-default\">\n\t\t\t\t\t<div class=\"elementor-column elementor-col-100 elementor-top-column elementor-element elementor-element-3ce3554\" data-id=\"3ce3554\" data-element_type=\"column\" data-e-type=\"column\">\n\t\t\t<div class=\"elementor-widget-wrap elementor-element-populated\">\n\t\t\t\t\t\t<div class=\"elementor-element elementor-element-f930373 elementor-widget elementor-widget-text-editor\" data-id=\"f930373\" data-element_type=\"widget\" data-e-type=\"widget\" data-widget_type=\"text-editor.default\">\n\t\t\t\t<div class=\"elementor-widget-container\">\n\t\t\t\t\t\t\t\t\t<p>En el centro de nuestra misi\u00f3n se encuentra el compromiso inquebrantable de mejorar las vidas de las personas que consideran a Carolina del Sur su hogar. Creemos que la prosperidad no conoce l\u00edmites y es esta creencia la que alimenta nuestra dedicaci\u00f3n para empoderar a cada miembro de nuestra comunidad.<\/p><p>Cuando encontramos personas que tienen principios que se alinean con nuestros valores organizacionales, el impacto se amplifica.<\/p><p>Conozca a Pedro Escobar, un joven emprendedor e inmigrante de segunda generaci\u00f3n. Aprovech\u00f3 la oportunidad de nutrir y empoderar a la pr\u00f3xima generaci\u00f3n de l\u00edderes en Carolina del Sur.<\/p>\t\t\t\t\t\t\t\t<\/div>\n\t\t\t\t<\/div>\n\t\t\t\t<div class=\"elementor-element elementor-element-af44ea8 elementor-widget elementor-widget-image\" data-id=\"af44ea8\" data-element_type=\"widget\" data-e-type=\"widget\" data-widget_type=\"image.default\">\n\t\t\t\t<div class=\"elementor-widget-container\">\n\t\t\t\t\t\t\t\t\t\t\t\t\t\t\t<img fetchpriority=\"high\" decoding=\"async\" width=\"800\" height=\"800\" src=\"https:\/\/hispanicalliancesc.com\/wp-content\/uploads\/2023\/11\/Pedro_Headshot-1024x1024.png\" class=\"attachment-large size-large wp-image-6519\" alt=\"\" srcset=\"https:\/\/hispanicalliancesc.com\/wp-content\/uploads\/2023\/11\/Pedro_Headshot-1024x1024.png 1024w, https:\/\/hispanicalliancesc.com\/wp-content\/uploads\/2023\/11\/Pedro_Headshot-300x300.png 300w, https:\/\/hispanicalliancesc.com\/wp-content\/uploads\/2023\/11\/Pedro_Headshot-150x150.png 150w, https:\/\/hispanicalliancesc.com\/wp-content\/uploads\/2023\/11\/Pedro_Headshot-768x768.png 768w, https:\/\/hispanicalliancesc.com\/wp-content\/uploads\/2023\/11\/Pedro_Headshot-12x12.png 12w, https:\/\/hispanicalliancesc.com\/wp-content\/uploads\/2023\/11\/Pedro_Headshot-700x700.png 700w, https:\/\/hispanicalliancesc.com\/wp-content\/uploads\/2023\/11\/Pedro_Headshot.png 1125w\" sizes=\"(max-width: 800px) 100vw, 800px\" \/>\t\t\t\t\t\t\t\t\t\t\t\t\t\t\t<\/div>\n\t\t\t\t<\/div>\n\t\t\t\t<div class=\"elementor-element elementor-element-d6be736 elementor-widget elementor-widget-heading\" data-id=\"d6be736\" data-element_type=\"widget\" data-e-type=\"widget\" data-widget_type=\"heading.default\">\n\t\t\t\t<div class=\"elementor-widget-container\">\n\t\t\t\t\t<div class=\"elementor-heading-title elementor-size-default\">Como afirma Pedro, &quot;Fue una oportunidad conmovedora de conocer a personas brillantes y ambiciosas y comprender el profundo impacto que la ASD est\u00e1 preparada para tener en nuestra comunidad&quot;.<\/div>\t\t\t\t<\/div>\n\t\t\t\t<\/div>\n\t\t\t\t<div class=\"elementor-element elementor-element-e982ae7 elementor-widget elementor-widget-text-editor\" data-id=\"e982ae7\" data-element_type=\"widget\" data-e-type=\"widget\" data-widget_type=\"text-editor.default\">\n\t\t\t\t<div class=\"elementor-widget-container\">\n\t\t\t\t\t\t\t\t\t<p>El viaje de Pedro comienza en Brooklyn, Nueva York, donde sus padres, inmigrantes de Honduras, llegaron en 1979 buscando la promesa de una vida mejor. Orgullosamente estadounidense de primera generaci\u00f3n, Pedro reconoce los sacrificios que hicieron sus padres para brindar oportunidades en una nueva tierra.<\/p><p>Al reflexionar sobre su educaci\u00f3n, Pedro comparte: \u201cMis padres trabajaron muy duro. Ten\u00edan una gran \u00e9tica de trabajo. Todav\u00eda lo hacen\u201d. Sin embargo, los desaf\u00edos de la vida de inmigrante significaron una participaci\u00f3n limitada en la educaci\u00f3n de Pedro, ya que se centraban en la supervivencia.<\/p>\t\t\t\t\t\t\t\t<\/div>\n\t\t\t\t<\/div>\n\t\t\t\t<div class=\"elementor-element elementor-element-d09a450 elementor-widget elementor-widget-gallery\" data-id=\"d09a450\" data-element_type=\"widget\" data-e-type=\"widget\" data-settings=\"{&quot;columns&quot;:2,&quot;lazyload&quot;:&quot;yes&quot;,&quot;gallery_layout&quot;:&quot;grid&quot;,&quot;columns_tablet&quot;:2,&quot;columns_mobile&quot;:1,&quot;gap&quot;:{&quot;unit&quot;:&quot;px&quot;,&quot;size&quot;:10,&quot;sizes&quot;:[]},&quot;gap_tablet&quot;:{&quot;unit&quot;:&quot;px&quot;,&quot;size&quot;:10,&quot;sizes&quot;:[]},&quot;gap_mobile&quot;:{&quot;unit&quot;:&quot;px&quot;,&quot;size&quot;:10,&quot;sizes&quot;:[]},&quot;link_to&quot;:&quot;file&quot;,&quot;aspect_ratio&quot;:&quot;3:2&quot;,&quot;overlay_background&quot;:&quot;yes&quot;,&quot;content_hover_animation&quot;:&quot;fade-in&quot;}\" data-widget_type=\"gallery.default\">\n\t\t\t\t<div class=\"elementor-widget-container\">\n\t\t\t\t\t\t\t<div class=\"elementor-gallery__container\">\n\t\t\t\t\t\t\t<a class=\"e-gallery-item elementor-gallery-item elementor-animated-content\" href=\"https:\/\/hispanicalliancesc.com\/wp-content\/uploads\/2023\/11\/Pedro-parents_wtc_1979.jpeg\" data-elementor-open-lightbox=\"yes\" data-elementor-lightbox-slideshow=\"d09a450\" data-elementor-lightbox-title=\"Pedro-parents_wtc_1979\" data-e-action-hash=\"#elementor-action%3Aaction%3Dlightbox%26settings%3DeyJpZCI6NjUyNCwidXJsIjoiaHR0cHM6XC9cL2hpc3BhbmljYWxsaWFuY2VzYy5jb21cL3dwLWNvbnRlbnRcL3VwbG9hZHNcLzIwMjNcLzExXC9QZWRyby1wYXJlbnRzX3d0Y18xOTc5LmpwZWciLCJzbGlkZXNob3ciOiJkMDlhNDUwIn0%3D\">\n\t\t\t\t\t<div class=\"e-gallery-image elementor-gallery-item__image\" data-thumbnail=\"https:\/\/hispanicalliancesc.com\/wp-content\/uploads\/2023\/11\/Pedro-parents_wtc_1979.jpeg\" data-width=\"471\" data-height=\"604\" aria-label=\"\" role=\"img\" ><\/div>\n\t\t\t\t\t\t\t\t\t\t\t<div class=\"elementor-gallery-item__overlay\"><\/div>\n\t\t\t\t\t\t\t\t\t\t\t\t\t\t<\/a>\n\t\t\t\t\t\t\t<a class=\"e-gallery-item elementor-gallery-item elementor-animated-content\" href=\"https:\/\/hispanicalliancesc.com\/wp-content\/uploads\/2023\/11\/Pedro-and-Mom_Susu.png\" data-elementor-open-lightbox=\"yes\" data-elementor-lightbox-slideshow=\"d09a450\" data-elementor-lightbox-title=\"Pedro-and-Mom_Susu\" data-e-action-hash=\"#elementor-action%3Aaction%3Dlightbox%26settings%3DeyJpZCI6NjUyMywidXJsIjoiaHR0cHM6XC9cL2hpc3BhbmljYWxsaWFuY2VzYy5jb21cL3dwLWNvbnRlbnRcL3VwbG9hZHNcLzIwMjNcLzExXC9QZWRyby1hbmQtTW9tX1N1c3UucG5nIiwic2xpZGVzaG93IjoiZDA5YTQ1MCJ9\">\n\t\t\t\t\t<div class=\"e-gallery-image elementor-gallery-item__image\" data-thumbnail=\"https:\/\/hispanicalliancesc.com\/wp-content\/uploads\/2023\/11\/Pedro-and-Mom_Susu.png\" data-width=\"719\" data-height=\"722\" aria-label=\"\" role=\"img\" ><\/div>\n\t\t\t\t\t\t\t\t\t\t\t<div class=\"elementor-gallery-item__overlay\"><\/div>\n\t\t\t\t\t\t\t\t\t\t\t\t\t\t<\/a>\n\t\t\t\t\t<\/div>\n\t\t\t\t\t<\/div>\n\t\t\t\t<\/div>\n\t\t\t\t<div class=\"elementor-element elementor-element-c6fd9b2 elementor-widget elementor-widget-heading\" data-id=\"c6fd9b2\" data-element_type=\"widget\" data-e-type=\"widget\" data-widget_type=\"heading.default\">\n\t\t\t\t<div class=\"elementor-widget-container\">\n\t\t\t\t\t<div class=\"elementor-heading-title elementor-size-default\">&quot;Realmente desear\u00eda tener a alguien en mi vida que pudiera guiarme y decirme, ya sabes, pon un poco m\u00e1s de esfuerzo en tu tarea. Deber\u00edas estudiar esto. Deber\u00edas investigar esa escuela&quot;, reflexiona Pedro.\n<\/div>\t\t\t\t<\/div>\n\t\t\t\t<\/div>\n\t\t\t\t<div class=\"elementor-element elementor-element-dd4b916 elementor-widget elementor-widget-text-editor\" data-id=\"dd4b916\" data-element_type=\"widget\" data-e-type=\"widget\" data-widget_type=\"text-editor.default\">\n\t\t\t\t<div class=\"elementor-widget-container\">\n\t\t\t\t\t\t\t\t\t<p>El conocimiento de Pedro sobre la Alianza Hispana y su dedicaci\u00f3n a fomentar el liderazgo lo inspiraron a convertirse en mentor de Student DREAMers Alliance (SDA). \u201cEntiendo por lo que est\u00e1n pasando estos hombres y mujeres j\u00f3venes. Muchos de ellos est\u00e1n pasando por las mismas dificultades que yo pas\u00e9, y algunos est\u00e1n pasando por cosas mucho peores que las que yo pas\u00e9\u201d, se identifica.<\/p><p>Impulsado por el deseo de cerrar las brechas educativas, Pedro se uni\u00f3 a SDA, con el objetivo de guiar las mentes j\u00f3venes hacia el \u00e9xito en la tecnolog\u00eda de la informaci\u00f3n. &quot;Si puedo acelerar el objetivo de un joven de trabajar en TI, si puedo ayudarlo de alguna manera, pens\u00e9 que puedo ser esa persona&quot;.<\/p><p>Pedro enfatiza la importancia de retribuir y afirma: &quot;Ahora que he logrado el sue\u00f1o americano de no solo ir a la universidad, sino que algunos dir\u00edan que es, ya sabes, ir a una escuela de la Ivy League, eso es algo que logr\u00e9&quot;. un punto por hacer. Quiero que personas que se parezcan a m\u00ed puedan lograr el mismo \u00e9xito, si no m\u00e1s\u201d.<\/p>\t\t\t\t\t\t\t\t<\/div>\n\t\t\t\t<\/div>\n\t\t\t\t<div class=\"elementor-element elementor-element-d8e6b46 elementor-widget elementor-widget-text-editor\" data-id=\"d8e6b46\" data-element_type=\"widget\" data-e-type=\"widget\" data-widget_type=\"text-editor.default\">\n\t\t\t\t<div class=\"elementor-widget-container\">\n\t\t\t\t\t\t\t\t\t<p>Junto con un joven emprendedor llamado Edwin, Pedro fue testigo del poder transformador de la tutor\u00eda. &quot;\u00a1Su confianza se ha disparado!&quot; exclama Pedro, destacando la alegr\u00eda de empoderar a alguien para que crea en sus habilidades.<\/p><p>En tres conversaciones, Pedro observ\u00f3 el crecimiento de Edwin y enfatiza la importancia del empoderamiento en la mentor\u00eda. &quot;No s\u00f3lo darle a alguien las herramientas, sino ayudarlo a creer que puede hacerlo por s\u00ed mismo&quot;. Pedro fomenta una mentalidad de buscar ayuda y aceptar desaf\u00edos.<\/p>\t\t\t\t\t\t\t\t<\/div>\n\t\t\t\t<\/div>\n\t\t\t\t<div class=\"elementor-element elementor-element-c782c09 elementor-widget elementor-widget-gallery\" data-id=\"c782c09\" data-element_type=\"widget\" data-e-type=\"widget\" data-settings=\"{&quot;columns&quot;:2,&quot;aspect_ratio&quot;:&quot;1:1&quot;,&quot;lazyload&quot;:&quot;yes&quot;,&quot;gallery_layout&quot;:&quot;grid&quot;,&quot;columns_tablet&quot;:2,&quot;columns_mobile&quot;:1,&quot;gap&quot;:{&quot;unit&quot;:&quot;px&quot;,&quot;size&quot;:10,&quot;sizes&quot;:[]},&quot;gap_tablet&quot;:{&quot;unit&quot;:&quot;px&quot;,&quot;size&quot;:10,&quot;sizes&quot;:[]},&quot;gap_mobile&quot;:{&quot;unit&quot;:&quot;px&quot;,&quot;size&quot;:10,&quot;sizes&quot;:[]},&quot;link_to&quot;:&quot;file&quot;,&quot;overlay_background&quot;:&quot;yes&quot;,&quot;content_hover_animation&quot;:&quot;fade-in&quot;}\" data-widget_type=\"gallery.default\">\n\t\t\t\t<div class=\"elementor-widget-container\">\n\t\t\t\t\t\t\t<div class=\"elementor-gallery__container\">\n\t\t\t\t\t\t\t<a class=\"e-gallery-item elementor-gallery-item elementor-animated-content\" href=\"https:\/\/hispanicalliancesc.com\/wp-content\/uploads\/2023\/11\/Hispanic-Alliance-11.29.18-ARP-6051-scaled.jpg\" data-elementor-open-lightbox=\"yes\" data-elementor-lightbox-slideshow=\"c782c09\" data-elementor-lightbox-title=\"Hispanic Alliance 11.29.18 ARP-6051\" data-e-action-hash=\"#elementor-action%3Aaction%3Dlightbox%26settings%3DeyJpZCI6NjUyMSwidXJsIjoiaHR0cHM6XC9cL2hpc3BhbmljYWxsaWFuY2VzYy5jb21cL3dwLWNvbnRlbnRcL3VwbG9hZHNcLzIwMjNcLzExXC9IaXNwYW5pYy1BbGxpYW5jZS0xMS4yOS4xOC1BUlAtNjA1MS1zY2FsZWQuanBnIiwic2xpZGVzaG93IjoiYzc4MmMwOSJ9\">\n\t\t\t\t\t<div class=\"e-gallery-image elementor-gallery-item__image\" data-thumbnail=\"https:\/\/hispanicalliancesc.com\/wp-content\/uploads\/2023\/11\/Hispanic-Alliance-11.29.18-ARP-6051-1024x683.jpg\" data-width=\"800\" data-height=\"534\" aria-label=\"\" role=\"img\" ><\/div>\n\t\t\t\t\t\t\t\t\t\t\t<div class=\"elementor-gallery-item__overlay\"><\/div>\n\t\t\t\t\t\t\t\t\t\t\t\t\t\t<\/a>\n\t\t\t\t\t\t\t<a class=\"e-gallery-item elementor-gallery-item elementor-animated-content\" href=\"https:\/\/hispanicalliancesc.com\/wp-content\/uploads\/2023\/11\/best-group-picture-scaled.jpg\" data-elementor-open-lightbox=\"yes\" data-elementor-lightbox-slideshow=\"c782c09\" data-elementor-lightbox-title=\"best group picture\" data-e-action-hash=\"#elementor-action%3Aaction%3Dlightbox%26settings%3DeyJpZCI6NjUyMCwidXJsIjoiaHR0cHM6XC9cL2hpc3BhbmljYWxsaWFuY2VzYy5jb21cL3dwLWNvbnRlbnRcL3VwbG9hZHNcLzIwMjNcLzExXC9iZXN0LWdyb3VwLXBpY3R1cmUtc2NhbGVkLmpwZyIsInNsaWRlc2hvdyI6ImM3ODJjMDkifQ%3D%3D\">\n\t\t\t\t\t<div class=\"e-gallery-image elementor-gallery-item__image\" data-thumbnail=\"https:\/\/hispanicalliancesc.com\/wp-content\/uploads\/2023\/11\/best-group-picture-1024x768.jpg\" data-width=\"800\" data-height=\"600\" aria-label=\"\" role=\"img\" ><\/div>\n\t\t\t\t\t\t\t\t\t\t\t<div class=\"elementor-gallery-item__overlay\"><\/div>\n\t\t\t\t\t\t\t\t\t\t\t\t\t\t<\/a>\n\t\t\t\t\t\t\t<a class=\"e-gallery-item elementor-gallery-item elementor-animated-content\" href=\"https:\/\/hispanicalliancesc.com\/wp-content\/uploads\/2023\/11\/RRCo-HA-Furman-102023-3872.jpg\" data-elementor-open-lightbox=\"yes\" data-elementor-lightbox-slideshow=\"c782c09\" data-elementor-lightbox-title=\"RRCo-HA-Furman-102023-3872\" data-e-action-hash=\"#elementor-action%3Aaction%3Dlightbox%26settings%3DeyJpZCI6NjUyNSwidXJsIjoiaHR0cHM6XC9cL2hpc3BhbmljYWxsaWFuY2VzYy5jb21cL3dwLWNvbnRlbnRcL3VwbG9hZHNcLzIwMjNcLzExXC9SUkNvLUhBLUZ1cm1hbi0xMDIwMjMtMzg3Mi5qcGciLCJzbGlkZXNob3ciOiJjNzgyYzA5In0%3D\">\n\t\t\t\t\t<div class=\"e-gallery-image elementor-gallery-item__image\" data-thumbnail=\"https:\/\/hispanicalliancesc.com\/wp-content\/uploads\/2023\/11\/RRCo-HA-Furman-102023-3872.jpg\" data-width=\"800\" data-height=\"800\" aria-label=\"\" role=\"img\" ><\/div>\n\t\t\t\t\t\t\t\t\t\t\t<div class=\"elementor-gallery-item__overlay\"><\/div>\n\t\t\t\t\t\t\t\t\t\t\t\t\t\t<\/a>\n\t\t\t\t\t\t\t<a class=\"e-gallery-item elementor-gallery-item elementor-animated-content\" href=\"https:\/\/hispanicalliancesc.com\/wp-content\/uploads\/2023\/11\/RRCo-HA-Furman-102023-3974.jpg\" data-elementor-open-lightbox=\"yes\" data-elementor-lightbox-slideshow=\"c782c09\" data-elementor-lightbox-title=\"RRCo-HA-Furman-102023-3974\" data-e-action-hash=\"#elementor-action%3Aaction%3Dlightbox%26settings%3DeyJpZCI6NjUyNiwidXJsIjoiaHR0cHM6XC9cL2hpc3BhbmljYWxsaWFuY2VzYy5jb21cL3dwLWNvbnRlbnRcL3VwbG9hZHNcLzIwMjNcLzExXC9SUkNvLUhBLUZ1cm1hbi0xMDIwMjMtMzk3NC5qcGciLCJzbGlkZXNob3ciOiJjNzgyYzA5In0%3D\">\n\t\t\t\t\t<div class=\"e-gallery-image elementor-gallery-item__image\" data-thumbnail=\"https:\/\/hispanicalliancesc.com\/wp-content\/uploads\/2023\/11\/RRCo-HA-Furman-102023-3974.jpg\" data-width=\"800\" data-height=\"534\" aria-label=\"\" role=\"img\" ><\/div>\n\t\t\t\t\t\t\t\t\t\t\t<div class=\"elementor-gallery-item__overlay\"><\/div>\n\t\t\t\t\t\t\t\t\t\t\t\t\t\t<\/a>\n\t\t\t\t\t<\/div>\n\t\t\t\t\t<\/div>\n\t\t\t\t<\/div>\n\t\t\t\t<div class=\"elementor-element elementor-element-91c41f2 elementor-widget elementor-widget-heading\" data-id=\"91c41f2\" data-element_type=\"widget\" data-e-type=\"widget\" data-widget_type=\"heading.default\">\n\t\t\t\t<div class=\"elementor-widget-container\">\n\t\t\t\t\t<div class=\"elementor-heading-title elementor-size-default\">&quot;Est\u00e1 bien pedir ayuda. Est\u00e1 bien no saber todas las respuestas. Siempre hay que intentarlo. Y personas como yo y la gente de la SDA estaremos aqu\u00ed para ayudarle&quot;.<\/div>\t\t\t\t<\/div>\n\t\t\t\t<\/div>\n\t\t\t\t<div class=\"elementor-element elementor-element-b310af8 elementor-widget elementor-widget-text-editor\" data-id=\"b310af8\" data-element_type=\"widget\" data-e-type=\"widget\" data-widget_type=\"text-editor.default\">\n\t\t\t\t<div class=\"elementor-widget-container\">\n\t\t\t\t\t\t\t\t\t<p>Mientras Pedro comparte sus experiencias, subraya la universalidad de la misi\u00f3n, que trasciende las barreras del idioma. \u201cLa lucha es universal. No importa qu\u00e9 idioma hables, pero es importante tener conductos como yo que puedan hablar ambos idiomas y comprender y ser parte de ambos mundos\u201d.<\/p><p>Para concluir, Pedro expresa su compromiso con la misi\u00f3n, afirmando: \u201cPuedes cambiar la vida de una sola persona, y cambiar la vida de una persona es suficiente. \u00bfPero adivina que? Va a crecer como una bola de nieve. La vida que le cambies a esa persona afectar\u00e1 a su familia. Y luego ellos, a su vez, tambi\u00e9n har\u00e1n lo mismo para ayudar a su comunidad\u201d.<\/p><p>La historia de Pedro Escobar encarna el esp\u00edritu de empoderamiento y construcci\u00f3n de comunidad, y resuena con la misi\u00f3n de la Alianza Hispana de crear caminos hacia el \u00e9xito.<\/p>\t\t\t\t\t\t\t\t<\/div>\n\t\t\t\t<\/div>\n\t\t\t\t\t<\/div>\n\t\t<\/div>\n\t\t\t\t\t<\/div>\n\t\t<\/section>\n\t\t\t\t<\/div>","protected":false},"excerpt":{"rendered":"<p>Como mentor ASD, Pedro comparte su viaje, guiando a su aprendiz Edwin. Gracias a la tutor\u00eda de Pedro, la confianza de Edwin se ha disparado, lo que ilustra el poder transformador de la tutor\u00eda. Como afirma Pedro: &quot;Fue una oportunidad conmovedora de conocer a personas brillantes y ambiciosas y comprender el profundo impacto que la ASD est\u00e1 preparada para tener en nuestra comunidad&quot;.<\/p>","protected":false},"author":1,"featured_media":6617,"comment_status":"closed","ping_status":"closed","sticky":false,"template":"","format":"standard","meta":{"_acf_changed":false,"wds_primary_category":41,"footnotes":""},"categories":[31,41],"tags":[],"class_list":["post-6427","post","type-post","status-publish","format-standard","has-post-thumbnail","hentry","category-campaigns","category-eoy2023"],"acf":[],"_links":{"self":[{"href":"https:\/\/hispanicalliancesc.com\/es\/wp-json\/wp\/v2\/posts\/6427","targetHints":{"allow":["GET"]}}],"collection":[{"href":"https:\/\/hispanicalliancesc.com\/es\/wp-json\/wp\/v2\/posts"}],"about":[{"href":"https:\/\/hispanicalliancesc.com\/es\/wp-json\/wp\/v2\/types\/post"}],"author":[{"embeddable":true,"href":"https:\/\/hispanicalliancesc.com\/es\/wp-json\/wp\/v2\/users\/1"}],"replies":[{"embeddable":true,"href":"https:\/\/hispanicalliancesc.com\/es\/wp-json\/wp\/v2\/comments?post=6427"}],"version-history":[{"count":0,"href":"https:\/\/hispanicalliancesc.com\/es\/wp-json\/wp\/v2\/posts\/6427\/revisions"}],"wp:featuredmedia":[{"embeddable":true,"href":"https:\/\/hispanicalliancesc.com\/es\/wp-json\/wp\/v2\/media\/6617"}],"wp:attachment":[{"href":"https:\/\/hispanicalliancesc.com\/es\/wp-json\/wp\/v2\/media?parent=6427"}],"wp:term":[{"taxonomy":"category","embeddable":true,"href":"https:\/\/hispanicalliancesc.com\/es\/wp-json\/wp\/v2\/categories?post=6427"},{"taxonomy":"post_tag","embeddable":true,"href":"https:\/\/hispanicalliancesc.com\/es\/wp-json\/wp\/v2\/tags?post=6427"}],"curies":[{"name":"wp","href":"https:\/\/api.w.org\/{rel}","templated":true}]}}