{"id":6421,"date":"2023-11-16T11:01:13","date_gmt":"2023-11-16T16:01:13","guid":{"rendered":"http:\/\/localhost:10028\/?p=6421"},"modified":"2023-11-22T04:55:38","modified_gmt":"2023-11-22T09:55:38","slug":"iliana","status":"publish","type":"post","link":"https:\/\/hispanicalliancesc.com\/es\/iliana\/","title":{"rendered":"Celebrando la Cultura con iliana Rose"},"content":{"rendered":"<div data-elementor-type=\"wp-post\" data-elementor-id=\"6421\" class=\"elementor elementor-6421\" data-elementor-post-type=\"post\">\n\t\t\t\t\t\t<section class=\"elementor-section elementor-top-section elementor-element elementor-element-208975e elementor-section-boxed elementor-section-height-default elementor-section-height-default\" data-id=\"208975e\" data-element_type=\"section\" data-e-type=\"section\" data-settings=\"{&quot;jet_parallax_layout_list&quot;:[]}\">\n\t\t\t\t\t\t<div class=\"elementor-container elementor-column-gap-default\">\n\t\t\t\t\t<div class=\"elementor-column elementor-col-100 elementor-top-column elementor-element elementor-element-3ce3554\" data-id=\"3ce3554\" data-element_type=\"column\" data-e-type=\"column\">\n\t\t\t<div class=\"elementor-widget-wrap elementor-element-populated\">\n\t\t\t\t\t\t<div class=\"elementor-element elementor-element-f930373 elementor-widget elementor-widget-text-editor\" data-id=\"f930373\" data-element_type=\"widget\" data-e-type=\"widget\" data-widget_type=\"text-editor.default\">\n\t\t\t\t<div class=\"elementor-widget-container\">\n\t\t\t\t\t\t\t\t\t<p>En nuestra ciudad de Greenville, donde prospera la diversidad, una artista se encuentra en la intersecci\u00f3n de la cultura y la comunidad: Iliana Rose, cantante, educadora y maestra musical cubanoamericana. Su viaje, profundamente arraigado en la experiencia de los inmigrantes, es un testimonio del poder de la herencia hispana y el impacto transformador que puede tener en una comunidad.<\/p><p>La historia de Iliana comenz\u00f3 en Miami, donde la cadencia de la cultura cubana de su familia puso la banda sonora a su juventud. Nacida como Iliana Morej\u00f3n, su viaje refleja la resiliencia y los sacrificios inherentes a la experiencia de los inmigrantes. \u201cMis padres vinieron de Cuba cuando ten\u00edan unos 12 a\u00f1os\u201d, comparte, destacando el profundo viaje que emprendi\u00f3 su familia.<\/p><p>Como hija de inmigrantes, el aprecio de Iliana por su herencia se profundiz\u00f3 con los a\u00f1os.<\/p>\t\t\t\t\t\t\t\t<\/div>\n\t\t\t\t<\/div>\n\t\t\t\t<div class=\"elementor-element elementor-element-af44ea8 elementor-widget elementor-widget-image\" data-id=\"af44ea8\" data-element_type=\"widget\" data-e-type=\"widget\" data-widget_type=\"image.default\">\n\t\t\t\t<div class=\"elementor-widget-container\">\n\t\t\t\t\t\t\t\t\t\t\t\t\t\t\t<img fetchpriority=\"high\" decoding=\"async\" width=\"800\" height=\"730\" src=\"https:\/\/hispanicalliancesc.com\/wp-content\/uploads\/2023\/11\/iliand-Rose-Standing-Cropped-1024x935.jpg\" class=\"attachment-large size-large wp-image-6475\" alt=\"\" srcset=\"https:\/\/hispanicalliancesc.com\/wp-content\/uploads\/2023\/11\/iliand-Rose-Standing-Cropped-1024x935.jpg 1024w, https:\/\/hispanicalliancesc.com\/wp-content\/uploads\/2023\/11\/iliand-Rose-Standing-Cropped-300x274.jpg 300w, https:\/\/hispanicalliancesc.com\/wp-content\/uploads\/2023\/11\/iliand-Rose-Standing-Cropped-768x702.jpg 768w, https:\/\/hispanicalliancesc.com\/wp-content\/uploads\/2023\/11\/iliand-Rose-Standing-Cropped-1536x1403.jpg 1536w, https:\/\/hispanicalliancesc.com\/wp-content\/uploads\/2023\/11\/iliand-Rose-Standing-Cropped-2048x1871.jpg 2048w, https:\/\/hispanicalliancesc.com\/wp-content\/uploads\/2023\/11\/iliand-Rose-Standing-Cropped-13x12.jpg 13w\" sizes=\"(max-width: 800px) 100vw, 800px\" \/>\t\t\t\t\t\t\t\t\t\t\t\t\t\t\t<\/div>\n\t\t\t\t<\/div>\n\t\t\t\t<div class=\"elementor-element elementor-element-c6fd9b2 elementor-widget elementor-widget-heading\" data-id=\"c6fd9b2\" data-element_type=\"widget\" data-e-type=\"widget\" data-widget_type=\"heading.default\">\n\t\t\t\t<div class=\"elementor-widget-container\">\n\t\t\t\t\t<div class=\"elementor-heading-title elementor-size-default\">&quot;Cuando era ni\u00f1a, estaba constantemente rodeada de cultura latina y cubana, lo que, ahora en retrospectiva, me parece una bendici\u00f3n&quot;, reflexiona, subrayando el rico tapiz cultural que sent\u00f3 las bases de sus futuros proyectos.<\/div>\t\t\t\t<\/div>\n\t\t\t\t<\/div>\n\t\t\t\t<div class=\"elementor-element elementor-element-e982ae7 elementor-widget elementor-widget-text-editor\" data-id=\"e982ae7\" data-element_type=\"widget\" data-e-type=\"widget\" data-widget_type=\"text-editor.default\">\n\t\t\t\t<div class=\"elementor-widget-container\">\n\t\t\t\t\t\t\t\t\t<p>Despu\u00e9s de graduarse de la universidad, Iliana se embarc\u00f3 en un nuevo cap\u00edtulo en Los \u00c1ngeles, donde la vibrante comunidad hispana infundi\u00f3 una nueva energ\u00eda a su exploraci\u00f3n musical. Aqu\u00ed, se sumergi\u00f3 en los diversos sonidos de la m\u00fasica latina (Salsa, Cha Cha Cha, Bolero), marcando la g\u00e9nesis de su expresi\u00f3n art\u00edstica \u00fanica y aprendiendo de otros m\u00fasicos profesionales.<\/p>\t\t\t\t\t\t\t\t<\/div>\n\t\t\t\t<\/div>\n\t\t\t\t<div class=\"elementor-element elementor-element-c782c09 elementor-widget elementor-widget-gallery\" data-id=\"c782c09\" data-element_type=\"widget\" data-e-type=\"widget\" data-settings=\"{&quot;columns&quot;:2,&quot;aspect_ratio&quot;:&quot;1:1&quot;,&quot;lazyload&quot;:&quot;yes&quot;,&quot;gallery_layout&quot;:&quot;grid&quot;,&quot;columns_tablet&quot;:2,&quot;columns_mobile&quot;:1,&quot;gap&quot;:{&quot;unit&quot;:&quot;px&quot;,&quot;size&quot;:10,&quot;sizes&quot;:[]},&quot;gap_tablet&quot;:{&quot;unit&quot;:&quot;px&quot;,&quot;size&quot;:10,&quot;sizes&quot;:[]},&quot;gap_mobile&quot;:{&quot;unit&quot;:&quot;px&quot;,&quot;size&quot;:10,&quot;sizes&quot;:[]},&quot;link_to&quot;:&quot;file&quot;,&quot;overlay_background&quot;:&quot;yes&quot;,&quot;content_hover_animation&quot;:&quot;fade-in&quot;}\" data-widget_type=\"gallery.default\">\n\t\t\t\t<div class=\"elementor-widget-container\">\n\t\t\t\t\t\t\t<div class=\"elementor-gallery__container\">\n\t\t\t\t\t\t\t<a class=\"e-gallery-item elementor-gallery-item elementor-animated-content\" href=\"https:\/\/hispanicalliancesc.com\/wp-content\/uploads\/2023\/11\/iliana-Rose-studio-scaled.jpg\" data-elementor-open-lightbox=\"yes\" data-elementor-lightbox-slideshow=\"c782c09\" data-elementor-lightbox-title=\"iliana Rose studio\" data-e-action-hash=\"#elementor-action%3Aaction%3Dlightbox%26settings%3DeyJpZCI6NjQ3OSwidXJsIjoiaHR0cHM6XC9cL2hpc3BhbmljYWxsaWFuY2VzYy5jb21cL3dwLWNvbnRlbnRcL3VwbG9hZHNcLzIwMjNcLzExXC9pbGlhbmEtUm9zZS1zdHVkaW8tc2NhbGVkLmpwZyIsInNsaWRlc2hvdyI6ImM3ODJjMDkifQ%3D%3D\">\n\t\t\t\t\t<div class=\"e-gallery-image elementor-gallery-item__image\" data-thumbnail=\"https:\/\/hispanicalliancesc.com\/wp-content\/uploads\/2023\/11\/iliana-Rose-studio-768x1024.jpg\" data-width=\"768\" data-height=\"1024\" aria-label=\"\" role=\"img\" ><\/div>\n\t\t\t\t\t\t\t\t\t\t\t<div class=\"elementor-gallery-item__overlay\"><\/div>\n\t\t\t\t\t\t\t\t\t\t\t\t\t\t<\/a>\n\t\t\t\t\t\t\t<a class=\"e-gallery-item elementor-gallery-item elementor-animated-content\" href=\"https:\/\/hispanicalliancesc.com\/wp-content\/uploads\/2023\/11\/iliana-rose-sings.jpg\" data-elementor-open-lightbox=\"yes\" data-elementor-lightbox-slideshow=\"c782c09\" data-elementor-lightbox-title=\"iliana rose sings\" data-e-action-hash=\"#elementor-action%3Aaction%3Dlightbox%26settings%3DeyJpZCI6NjQ3OCwidXJsIjoiaHR0cHM6XC9cL2hpc3BhbmljYWxsaWFuY2VzYy5jb21cL3dwLWNvbnRlbnRcL3VwbG9hZHNcLzIwMjNcLzExXC9pbGlhbmEtcm9zZS1zaW5ncy5qcGciLCJzbGlkZXNob3ciOiJjNzgyYzA5In0%3D\">\n\t\t\t\t\t<div class=\"e-gallery-image elementor-gallery-item__image\" data-thumbnail=\"https:\/\/hispanicalliancesc.com\/wp-content\/uploads\/2023\/11\/iliana-rose-sings.jpg\" data-width=\"640\" data-height=\"628\" aria-label=\"\" role=\"img\" ><\/div>\n\t\t\t\t\t\t\t\t\t\t\t<div class=\"elementor-gallery-item__overlay\"><\/div>\n\t\t\t\t\t\t\t\t\t\t\t\t\t\t<\/a>\n\t\t\t\t\t\t\t<a class=\"e-gallery-item elementor-gallery-item elementor-animated-content\" href=\"https:\/\/hispanicalliancesc.com\/wp-content\/uploads\/2023\/11\/iliana-Rose-piano.jpg\" data-elementor-open-lightbox=\"yes\" data-elementor-lightbox-slideshow=\"c782c09\" data-elementor-lightbox-title=\"Created with GIMP\" data-e-action-hash=\"#elementor-action%3Aaction%3Dlightbox%26settings%3DeyJpZCI6NjQ3NywidXJsIjoiaHR0cHM6XC9cL2hpc3BhbmljYWxsaWFuY2VzYy5jb21cL3dwLWNvbnRlbnRcL3VwbG9hZHNcLzIwMjNcLzExXC9pbGlhbmEtUm9zZS1waWFuby5qcGciLCJzbGlkZXNob3ciOiJjNzgyYzA5In0%3D\">\n\t\t\t\t\t<div class=\"e-gallery-image elementor-gallery-item__image\" data-thumbnail=\"https:\/\/hispanicalliancesc.com\/wp-content\/uploads\/2023\/11\/iliana-Rose-piano-1024x856.jpg\" data-width=\"800\" data-height=\"669\" aria-label=\"\" role=\"img\" ><\/div>\n\t\t\t\t\t\t\t\t\t\t\t<div class=\"elementor-gallery-item__overlay\"><\/div>\n\t\t\t\t\t\t\t\t\t\t\t\t\t\t<\/a>\n\t\t\t\t\t\t\t<a class=\"e-gallery-item elementor-gallery-item elementor-animated-content\" href=\"https:\/\/hispanicalliancesc.com\/wp-content\/uploads\/2023\/11\/iliana-Rose-2022-Film-Festival.png\" data-elementor-open-lightbox=\"yes\" data-elementor-lightbox-slideshow=\"c782c09\" data-elementor-lightbox-title=\"iliana Rose 2022 Film Festival\" data-e-action-hash=\"#elementor-action%3Aaction%3Dlightbox%26settings%3DeyJpZCI6NjQ3NiwidXJsIjoiaHR0cHM6XC9cL2hpc3BhbmljYWxsaWFuY2VzYy5jb21cL3dwLWNvbnRlbnRcL3VwbG9hZHNcLzIwMjNcLzExXC9pbGlhbmEtUm9zZS0yMDIyLUZpbG0tRmVzdGl2YWwucG5nIiwic2xpZGVzaG93IjoiYzc4MmMwOSJ9\">\n\t\t\t\t\t<div class=\"e-gallery-image elementor-gallery-item__image\" data-thumbnail=\"https:\/\/hispanicalliancesc.com\/wp-content\/uploads\/2023\/11\/iliana-Rose-2022-Film-Festival.png\" data-width=\"427\" data-height=\"640\" aria-label=\"\" role=\"img\" ><\/div>\n\t\t\t\t\t\t\t\t\t\t\t<div class=\"elementor-gallery-item__overlay\"><\/div>\n\t\t\t\t\t\t\t\t\t\t\t\t\t\t<\/a>\n\t\t\t\t\t<\/div>\n\t\t\t\t\t<\/div>\n\t\t\t\t<\/div>\n\t\t\t\t<div class=\"elementor-element elementor-element-9de735f elementor-widget elementor-widget-text-editor\" data-id=\"9de735f\" data-element_type=\"widget\" data-e-type=\"widget\" data-widget_type=\"text-editor.default\">\n\t\t\t\t<div class=\"elementor-widget-container\">\n\t\t\t\t\t\t\t\t\t<p>Sin embargo, durante la pandemia, el pulso de la familia la llam\u00f3 de regreso, lo que la llev\u00f3 a mudarse transformadoramente a Greenville. \u201cDecidimos que necesit\u00e1bamos estar cerca de la familia\u201d, explica Iliana, encontrando no solo una ciudad sino una comunidad que la abraz\u00f3 y celebr\u00f3 a ella y a su familia.<\/p><p>En Greenville, el viaje de Iliana se cruz\u00f3 con el latido del primer M\u00e1s Salsa, una iniciativa colaborativa que trasciende las culturas para convertirse en una celebraci\u00f3n comunitaria. M\u00e1s Salsa fomenta la unidad y el entendimiento. Es aqu\u00ed donde se hace evidente la influencia de la Alianza Hispana, una fuerza gu\u00eda para conectar y celebrar a la comunidad hispana.<\/p>\t\t\t\t\t\t\t\t<\/div>\n\t\t\t\t<\/div>\n\t\t\t\t<div class=\"elementor-element elementor-element-2ac1406 elementor-widget elementor-widget-heading\" data-id=\"2ac1406\" data-element_type=\"widget\" data-e-type=\"widget\" data-widget_type=\"heading.default\">\n\t\t\t\t<div class=\"elementor-widget-container\">\n\t\t\t\t\t<div class=\"elementor-heading-title elementor-size-default\">&quot;M\u00e1s Salsa fue una noche tan hermosa&quot;, recuerda Iliana, pintando una v\u00edvida imagen de una comunidad uni\u00e9ndose a trav\u00e9s de la m\u00fasica, la danza y el intercambio cultural. <\/div>\t\t\t\t<\/div>\n\t\t\t\t<\/div>\n\t\t\t\t<div class=\"elementor-element elementor-element-dd4b916 elementor-widget elementor-widget-text-editor\" data-id=\"dd4b916\" data-element_type=\"widget\" data-e-type=\"widget\" data-widget_type=\"text-editor.default\">\n\t\t\t\t<div class=\"elementor-widget-container\">\n\t\t\t\t\t\t\t\t\t<p>El evento, impulsado por el compromiso de la Alianza Hispana de fomentar las conexiones culturales, va m\u00e1s all\u00e1 del mero entretenimiento: es un testimonio del poder transformador de la celebraci\u00f3n cultural.<\/p><p>La experiencia de Iliana subraya las joyas culturales ocultas que esperan ser descubiertas en Greenville. &quot;Simplemente necesitamos m\u00e1s... m\u00e1s conciertos, m\u00e1s eventos, m\u00e1s arte&quot;, insta, expresando su deseo de elevar la vitalidad cultural de la ciudad. En este llamado a lograr m\u00e1s, la Alianza Hispana emerge como un socio crucial, allanando el camino para el enriquecimiento y la comprensi\u00f3n cultural.<\/p><p>La Alianza Hispana, a trav\u00e9s de iniciativas como M\u00e1s Salsa, desempe\u00f1a un papel fundamental en el cultivo del jard\u00edn cultural de Greenville. Al fomentar una plataforma para que artistas como Iliana compartan su herencia, garantizamos que el paisaje cultural de la ciudad contin\u00fae floreciendo y evolucionando.<\/p>\t\t\t\t\t\t\t\t<\/div>\n\t\t\t\t<\/div>\n\t\t\t\t<div class=\"elementor-element elementor-element-3e7fe83 elementor-widget elementor-widget-gallery\" data-id=\"3e7fe83\" data-element_type=\"widget\" data-e-type=\"widget\" data-settings=\"{&quot;columns&quot;:2,&quot;aspect_ratio&quot;:&quot;1:1&quot;,&quot;lazyload&quot;:&quot;yes&quot;,&quot;gallery_layout&quot;:&quot;grid&quot;,&quot;columns_tablet&quot;:2,&quot;columns_mobile&quot;:1,&quot;gap&quot;:{&quot;unit&quot;:&quot;px&quot;,&quot;size&quot;:10,&quot;sizes&quot;:[]},&quot;gap_tablet&quot;:{&quot;unit&quot;:&quot;px&quot;,&quot;size&quot;:10,&quot;sizes&quot;:[]},&quot;gap_mobile&quot;:{&quot;unit&quot;:&quot;px&quot;,&quot;size&quot;:10,&quot;sizes&quot;:[]},&quot;link_to&quot;:&quot;file&quot;,&quot;overlay_background&quot;:&quot;yes&quot;,&quot;content_hover_animation&quot;:&quot;fade-in&quot;}\" data-widget_type=\"gallery.default\">\n\t\t\t\t<div class=\"elementor-widget-container\">\n\t\t\t\t\t\t\t<div class=\"elementor-gallery__container\">\n\t\t\t\t\t\t\t<a class=\"e-gallery-item elementor-gallery-item elementor-animated-content\" href=\"https:\/\/hispanicalliancesc.com\/wp-content\/uploads\/2023\/11\/salsa57-scaled.jpg\" data-elementor-open-lightbox=\"yes\" data-elementor-lightbox-slideshow=\"3e7fe83\" data-elementor-lightbox-title=\"salsa(57)\" data-e-action-hash=\"#elementor-action%3Aaction%3Dlightbox%26settings%3DeyJpZCI6NjQ4MSwidXJsIjoiaHR0cHM6XC9cL2hpc3BhbmljYWxsaWFuY2VzYy5jb21cL3dwLWNvbnRlbnRcL3VwbG9hZHNcLzIwMjNcLzExXC9zYWxzYTU3LXNjYWxlZC5qcGciLCJzbGlkZXNob3ciOiIzZTdmZTgzIn0%3D\">\n\t\t\t\t\t<div class=\"e-gallery-image elementor-gallery-item__image\" data-thumbnail=\"https:\/\/hispanicalliancesc.com\/wp-content\/uploads\/2023\/11\/salsa57-1024x683.jpg\" data-width=\"800\" data-height=\"534\" aria-label=\"\" role=\"img\" ><\/div>\n\t\t\t\t\t\t\t\t\t\t\t<div class=\"elementor-gallery-item__overlay\"><\/div>\n\t\t\t\t\t\t\t\t\t\t\t\t\t\t<\/a>\n\t\t\t\t\t\t\t<a class=\"e-gallery-item elementor-gallery-item elementor-animated-content\" href=\"https:\/\/hispanicalliancesc.com\/wp-content\/uploads\/2023\/11\/salsa61-scaled.jpg\" data-elementor-open-lightbox=\"yes\" data-elementor-lightbox-slideshow=\"3e7fe83\" data-elementor-lightbox-title=\"salsa(61)\" data-e-action-hash=\"#elementor-action%3Aaction%3Dlightbox%26settings%3DeyJpZCI6NjQ4MiwidXJsIjoiaHR0cHM6XC9cL2hpc3BhbmljYWxsaWFuY2VzYy5jb21cL3dwLWNvbnRlbnRcL3VwbG9hZHNcLzIwMjNcLzExXC9zYWxzYTYxLXNjYWxlZC5qcGciLCJzbGlkZXNob3ciOiIzZTdmZTgzIn0%3D\">\n\t\t\t\t\t<div class=\"e-gallery-image elementor-gallery-item__image\" data-thumbnail=\"https:\/\/hispanicalliancesc.com\/wp-content\/uploads\/2023\/11\/salsa61-1024x683.jpg\" data-width=\"800\" data-height=\"534\" aria-label=\"\" role=\"img\" ><\/div>\n\t\t\t\t\t\t\t\t\t\t\t<div class=\"elementor-gallery-item__overlay\"><\/div>\n\t\t\t\t\t\t\t\t\t\t\t\t\t\t<\/a>\n\t\t\t\t\t\t\t<a class=\"e-gallery-item elementor-gallery-item elementor-animated-content\" href=\"https:\/\/hispanicalliancesc.com\/wp-content\/uploads\/2023\/11\/salsa64-scaled.jpg\" data-elementor-open-lightbox=\"yes\" data-elementor-lightbox-slideshow=\"3e7fe83\" data-elementor-lightbox-title=\"salsa(64)\" data-e-action-hash=\"#elementor-action%3Aaction%3Dlightbox%26settings%3DeyJpZCI6NjQ4MywidXJsIjoiaHR0cHM6XC9cL2hpc3BhbmljYWxsaWFuY2VzYy5jb21cL3dwLWNvbnRlbnRcL3VwbG9hZHNcLzIwMjNcLzExXC9zYWxzYTY0LXNjYWxlZC5qcGciLCJzbGlkZXNob3ciOiIzZTdmZTgzIn0%3D\">\n\t\t\t\t\t<div class=\"e-gallery-image elementor-gallery-item__image\" data-thumbnail=\"https:\/\/hispanicalliancesc.com\/wp-content\/uploads\/2023\/11\/salsa64-1024x683.jpg\" data-width=\"800\" data-height=\"534\" aria-label=\"\" role=\"img\" ><\/div>\n\t\t\t\t\t\t\t\t\t\t\t<div class=\"elementor-gallery-item__overlay\"><\/div>\n\t\t\t\t\t\t\t\t\t\t\t\t\t\t<\/a>\n\t\t\t\t\t\t\t<a class=\"e-gallery-item elementor-gallery-item elementor-animated-content\" href=\"https:\/\/hispanicalliancesc.com\/wp-content\/uploads\/2023\/11\/salsa67-scaled.jpg\" data-elementor-open-lightbox=\"yes\" data-elementor-lightbox-slideshow=\"3e7fe83\" data-elementor-lightbox-title=\"salsa(67)\" data-e-action-hash=\"#elementor-action%3Aaction%3Dlightbox%26settings%3DeyJpZCI6NjQ4NCwidXJsIjoiaHR0cHM6XC9cL2hpc3BhbmljYWxsaWFuY2VzYy5jb21cL3dwLWNvbnRlbnRcL3VwbG9hZHNcLzIwMjNcLzExXC9zYWxzYTY3LXNjYWxlZC5qcGciLCJzbGlkZXNob3ciOiIzZTdmZTgzIn0%3D\">\n\t\t\t\t\t<div class=\"e-gallery-image elementor-gallery-item__image\" data-thumbnail=\"https:\/\/hispanicalliancesc.com\/wp-content\/uploads\/2023\/11\/salsa67-1024x683.jpg\" data-width=\"800\" data-height=\"534\" aria-label=\"\" role=\"img\" ><\/div>\n\t\t\t\t\t\t\t\t\t\t\t<div class=\"elementor-gallery-item__overlay\"><\/div>\n\t\t\t\t\t\t\t\t\t\t\t\t\t\t<\/a>\n\t\t\t\t\t\t\t<a class=\"e-gallery-item elementor-gallery-item elementor-animated-content\" href=\"https:\/\/hispanicalliancesc.com\/wp-content\/uploads\/2023\/11\/salsa85-scaled.jpg\" data-elementor-open-lightbox=\"yes\" data-elementor-lightbox-slideshow=\"3e7fe83\" data-elementor-lightbox-title=\"salsa(85)\" data-e-action-hash=\"#elementor-action%3Aaction%3Dlightbox%26settings%3DeyJpZCI6NjQ4NSwidXJsIjoiaHR0cHM6XC9cL2hpc3BhbmljYWxsaWFuY2VzYy5jb21cL3dwLWNvbnRlbnRcL3VwbG9hZHNcLzIwMjNcLzExXC9zYWxzYTg1LXNjYWxlZC5qcGciLCJzbGlkZXNob3ciOiIzZTdmZTgzIn0%3D\">\n\t\t\t\t\t<div class=\"e-gallery-image elementor-gallery-item__image\" data-thumbnail=\"https:\/\/hispanicalliancesc.com\/wp-content\/uploads\/2023\/11\/salsa85-1024x683.jpg\" data-width=\"800\" data-height=\"534\" aria-label=\"\" role=\"img\" ><\/div>\n\t\t\t\t\t\t\t\t\t\t\t<div class=\"elementor-gallery-item__overlay\"><\/div>\n\t\t\t\t\t\t\t\t\t\t\t\t\t\t<\/a>\n\t\t\t\t\t\t\t<a class=\"e-gallery-item elementor-gallery-item elementor-animated-content\" href=\"https:\/\/hispanicalliancesc.com\/wp-content\/uploads\/2023\/11\/salsa86-scaled.jpg\" data-elementor-open-lightbox=\"yes\" data-elementor-lightbox-slideshow=\"3e7fe83\" data-elementor-lightbox-title=\"salsa(86)\" data-e-action-hash=\"#elementor-action%3Aaction%3Dlightbox%26settings%3DeyJpZCI6NjQ4NiwidXJsIjoiaHR0cHM6XC9cL2hpc3BhbmljYWxsaWFuY2VzYy5jb21cL3dwLWNvbnRlbnRcL3VwbG9hZHNcLzIwMjNcLzExXC9zYWxzYTg2LXNjYWxlZC5qcGciLCJzbGlkZXNob3ciOiIzZTdmZTgzIn0%3D\">\n\t\t\t\t\t<div class=\"e-gallery-image elementor-gallery-item__image\" data-thumbnail=\"https:\/\/hispanicalliancesc.com\/wp-content\/uploads\/2023\/11\/salsa86-1024x683.jpg\" data-width=\"800\" data-height=\"534\" aria-label=\"\" role=\"img\" ><\/div>\n\t\t\t\t\t\t\t\t\t\t\t<div class=\"elementor-gallery-item__overlay\"><\/div>\n\t\t\t\t\t\t\t\t\t\t\t\t\t\t<\/a>\n\t\t\t\t\t\t\t<a class=\"e-gallery-item elementor-gallery-item elementor-animated-content\" href=\"https:\/\/hispanicalliancesc.com\/wp-content\/uploads\/2023\/11\/salsa87-scaled.jpg\" data-elementor-open-lightbox=\"yes\" data-elementor-lightbox-slideshow=\"3e7fe83\" data-elementor-lightbox-title=\"salsa(87)\" data-e-action-hash=\"#elementor-action%3Aaction%3Dlightbox%26settings%3DeyJpZCI6NjQ4NywidXJsIjoiaHR0cHM6XC9cL2hpc3BhbmljYWxsaWFuY2VzYy5jb21cL3dwLWNvbnRlbnRcL3VwbG9hZHNcLzIwMjNcLzExXC9zYWxzYTg3LXNjYWxlZC5qcGciLCJzbGlkZXNob3ciOiIzZTdmZTgzIn0%3D\">\n\t\t\t\t\t<div class=\"e-gallery-image elementor-gallery-item__image\" data-thumbnail=\"https:\/\/hispanicalliancesc.com\/wp-content\/uploads\/2023\/11\/salsa87-1024x683.jpg\" data-width=\"800\" data-height=\"534\" aria-label=\"\" role=\"img\" ><\/div>\n\t\t\t\t\t\t\t\t\t\t\t<div class=\"elementor-gallery-item__overlay\"><\/div>\n\t\t\t\t\t\t\t\t\t\t\t\t\t\t<\/a>\n\t\t\t\t\t\t\t<a class=\"e-gallery-item elementor-gallery-item elementor-animated-content\" href=\"https:\/\/hispanicalliancesc.com\/wp-content\/uploads\/2023\/11\/salsa88-scaled.jpg\" data-elementor-open-lightbox=\"yes\" data-elementor-lightbox-slideshow=\"3e7fe83\" data-elementor-lightbox-title=\"salsa(88)\" data-e-action-hash=\"#elementor-action%3Aaction%3Dlightbox%26settings%3DeyJpZCI6NjQ4OCwidXJsIjoiaHR0cHM6XC9cL2hpc3BhbmljYWxsaWFuY2VzYy5jb21cL3dwLWNvbnRlbnRcL3VwbG9hZHNcLzIwMjNcLzExXC9zYWxzYTg4LXNjYWxlZC5qcGciLCJzbGlkZXNob3ciOiIzZTdmZTgzIn0%3D\">\n\t\t\t\t\t<div class=\"e-gallery-image elementor-gallery-item__image\" data-thumbnail=\"https:\/\/hispanicalliancesc.com\/wp-content\/uploads\/2023\/11\/salsa88-1024x683.jpg\" data-width=\"800\" data-height=\"534\" aria-label=\"\" role=\"img\" ><\/div>\n\t\t\t\t\t\t\t\t\t\t\t<div class=\"elementor-gallery-item__overlay\"><\/div>\n\t\t\t\t\t\t\t\t\t\t\t\t\t\t<\/a>\n\t\t\t\t\t<\/div>\n\t\t\t\t\t<\/div>\n\t\t\t\t<\/div>\n\t\t\t\t<div class=\"elementor-element elementor-element-d8e6b46 elementor-widget elementor-widget-text-editor\" data-id=\"d8e6b46\" data-element_type=\"widget\" data-e-type=\"widget\" data-widget_type=\"text-editor.default\">\n\t\t\t\t<div class=\"elementor-widget-container\">\n\t\t\t\t\t\t\t\t\t<p>Mientras Greenville se convierte en un crisol de culturas, Iliana y otros artistas locales act\u00faan como embajadores culturales, tejiendo los hilos de su herencia en el vibrante tapiz de la ciudad. La Alianza Hispana, con su compromiso de celebrar la diversidad, se convierte en un colaborador esencial en esta sinfon\u00eda cultural.<\/p>\t\t\t\t\t\t\t\t<\/div>\n\t\t\t\t<\/div>\n\t\t\t\t<div class=\"elementor-element elementor-element-91c41f2 elementor-widget elementor-widget-heading\" data-id=\"91c41f2\" data-element_type=\"widget\" data-e-type=\"widget\" data-widget_type=\"heading.default\">\n\t\t\t\t<div class=\"elementor-widget-container\">\n\t\t\t\t\t<div class=\"elementor-heading-title elementor-size-default\">&quot;Estoy muy agradecida de saber que la cultura hispana est\u00e1 viva en Greenville&quot;, comparte Iliana. <\/div>\t\t\t\t<\/div>\n\t\t\t\t<\/div>\n\t\t\t\t<div class=\"elementor-element elementor-element-b310af8 elementor-widget elementor-widget-text-editor\" data-id=\"b310af8\" data-element_type=\"widget\" data-e-type=\"widget\" data-widget_type=\"text-editor.default\">\n\t\t\t\t<div class=\"elementor-widget-container\">\n\t\t\t\t\t\t\t\t\t<p>La celebraci\u00f3n de la herencia hispana no es s\u00f3lo un esfuerzo art\u00edstico sino un esfuerzo de colaboraci\u00f3n, en el que la Alianza Hispana desempe\u00f1a un papel clave en la armonizaci\u00f3n de las diversas notas que hacen que la sinfon\u00eda cultural de Greenville sea verdaderamente extraordinaria.<\/p><p>En esta sinfon\u00eda colaborativa, la m\u00fasica de Iliana Rose se convierte en una poderosa melod\u00eda que resuena con la misi\u00f3n de la Alianza Hispana de promover la unidad a trav\u00e9s de la celebraci\u00f3n cultural. A medida que el jard\u00edn cultural de Greenville contin\u00faa floreciendo, este esfuerzo colaborativo garantiza que cada nota tocada contribuya a una comunidad m\u00e1s armoniosa y enriquecida.<\/p>\t\t\t\t\t\t\t\t<\/div>\n\t\t\t\t<\/div>\n\t\t\t\t\t<\/div>\n\t\t<\/div>\n\t\t\t\t\t<\/div>\n\t\t<\/section>\n\t\t\t\t<\/div>","protected":false},"excerpt":{"rendered":"<p>En septiembre, organizamos el primer M\u00e1s Salsa, una iniciativa colaborativa que trasciende las culturas para convertirse en una celebraci\u00f3n comunitaria. Es aqu\u00ed donde se hace evidente la influencia de la Alianza Hispana, una fuerza gu\u00eda para conectar y celebrar a la comunidad hispana.<\/p>","protected":false},"author":1,"featured_media":6614,"comment_status":"closed","ping_status":"closed","sticky":false,"template":"","format":"standard","meta":{"_acf_changed":false,"wds_primary_category":41,"footnotes":""},"categories":[31,41],"tags":[],"class_list":["post-6421","post","type-post","status-publish","format-standard","has-post-thumbnail","hentry","category-campaigns","category-eoy2023"],"acf":[],"_links":{"self":[{"href":"https:\/\/hispanicalliancesc.com\/es\/wp-json\/wp\/v2\/posts\/6421","targetHints":{"allow":["GET"]}}],"collection":[{"href":"https:\/\/hispanicalliancesc.com\/es\/wp-json\/wp\/v2\/posts"}],"about":[{"href":"https:\/\/hispanicalliancesc.com\/es\/wp-json\/wp\/v2\/types\/post"}],"author":[{"embeddable":true,"href":"https:\/\/hispanicalliancesc.com\/es\/wp-json\/wp\/v2\/users\/1"}],"replies":[{"embeddable":true,"href":"https:\/\/hispanicalliancesc.com\/es\/wp-json\/wp\/v2\/comments?post=6421"}],"version-history":[{"count":0,"href":"https:\/\/hispanicalliancesc.com\/es\/wp-json\/wp\/v2\/posts\/6421\/revisions"}],"wp:featuredmedia":[{"embeddable":true,"href":"https:\/\/hispanicalliancesc.com\/es\/wp-json\/wp\/v2\/media\/6614"}],"wp:attachment":[{"href":"https:\/\/hispanicalliancesc.com\/es\/wp-json\/wp\/v2\/media?parent=6421"}],"wp:term":[{"taxonomy":"category","embeddable":true,"href":"https:\/\/hispanicalliancesc.com\/es\/wp-json\/wp\/v2\/categories?post=6421"},{"taxonomy":"post_tag","embeddable":true,"href":"https:\/\/hispanicalliancesc.com\/es\/wp-json\/wp\/v2\/tags?post=6421"}],"curies":[{"name":"wp","href":"https:\/\/api.w.org\/{rel}","templated":true}]}}