{"id":6420,"date":"2023-11-16T11:16:34","date_gmt":"2023-11-16T16:16:34","guid":{"rendered":"http:\/\/localhost:10028\/?p=6420"},"modified":"2023-11-22T06:06:57","modified_gmt":"2023-11-22T11:06:57","slug":"ariana","status":"publish","type":"post","link":"https:\/\/hispanicalliancesc.com\/es\/ariana\/","title":{"rendered":"Un ecosistema de prosperidad: Ariana Hernandez"},"content":{"rendered":"<div data-elementor-type=\"wp-post\" data-elementor-id=\"6420\" class=\"elementor elementor-6420\" data-elementor-post-type=\"post\">\n\t\t\t\t\t\t<section class=\"elementor-section elementor-top-section elementor-element elementor-element-208975e elementor-section-boxed elementor-section-height-default elementor-section-height-default\" data-id=\"208975e\" data-element_type=\"section\" data-e-type=\"section\" data-settings=\"{&quot;jet_parallax_layout_list&quot;:[]}\">\n\t\t\t\t\t\t<div class=\"elementor-container elementor-column-gap-default\">\n\t\t\t\t\t<div class=\"elementor-column elementor-col-100 elementor-top-column elementor-element elementor-element-3ce3554\" data-id=\"3ce3554\" data-element_type=\"column\" data-e-type=\"column\">\n\t\t\t<div class=\"elementor-widget-wrap elementor-element-populated\">\n\t\t\t\t\t\t<div class=\"elementor-element elementor-element-f930373 elementor-widget elementor-widget-text-editor\" data-id=\"f930373\" data-element_type=\"widget\" data-e-type=\"widget\" data-widget_type=\"text-editor.default\">\n\t\t\t\t<div class=\"elementor-widget-container\">\n\t\t\t\t\t\t\t\t\t<p><span style=\"font-weight: 400;\">En el centro de nuestra misi\u00f3n se encuentra el compromiso inquebrantable de mejorar las vidas de las personas que consideran a Carolina del Sur su hogar. Creemos que la prosperidad no conoce l\u00edmites y es esta creencia la que alimenta nuestra dedicaci\u00f3n para empoderar a cada miembro de nuestra comunidad.&nbsp;<\/span><\/p>\n<p><span style=\"font-weight: 400;\">Ariana Hern\u00e1ndez es un brillante ejemplo de una joven dotada de las herramientas, los recursos y la inspiraci\u00f3n que necesita para crear un futuro brillante. En camino a graduarse de Berea High School en la primavera de 2024, Ariana actualmente realiza una pasant\u00eda en la Alianza Hispana, adquiriendo experiencia valiosa en el mundo real sirviendo a nuestra comunidad.<\/span><\/p>\t\t\t\t\t\t\t\t<\/div>\n\t\t\t\t<\/div>\n\t\t\t\t<div class=\"elementor-element elementor-element-c6fd9b2 elementor-widget elementor-widget-heading\" data-id=\"c6fd9b2\" data-element_type=\"widget\" data-e-type=\"widget\" data-widget_type=\"heading.default\">\n\t\t\t\t<div class=\"elementor-widget-container\">\n\t\t\t\t\t<div class=\"elementor-heading-title elementor-size-default\">&quot;Mi motivaci\u00f3n proviene de mis padres&quot;, comenta Ariana, &quot;pero tambi\u00e9n de ser la primera en mi familia en ir a la universidad&quot;.<\/div>\t\t\t\t<\/div>\n\t\t\t\t<\/div>\n\t\t\t\t<div class=\"elementor-element elementor-element-e982ae7 elementor-widget elementor-widget-text-editor\" data-id=\"e982ae7\" data-element_type=\"widget\" data-e-type=\"widget\" data-widget_type=\"text-editor.default\">\n\t\t\t\t<div class=\"elementor-widget-container\">\n\t\t\t\t\t\t\t\t\t<p><span style=\"font-weight: 400;\">Como hija de inmigrantes de Costa Rica que se mudaron a los EE. UU. en la d\u00e9cada de 2000, la pasi\u00f3n y el impulso de Ariana le han sido transmitidos, pero le esperan desaf\u00edos en el mundo real.\u00a0<\/span><\/p><p><span style=\"font-weight: 400;\">\u201cMi familia no tiene mucho dinero para enviarme a la universidad\u201d, menciona. \u201cTambi\u00e9n tengo otras dos hermanas que quieren ir a la universidad y mi familia no es millonaria ni nada por el estilo\u201d. Consistentemente diligente, Ariana comenz\u00f3 a poner su mirada en su camino universitario desde una edad temprana. Con s\u00f3lo doce a\u00f1os, Ariana ya estaba buscando en la web informaci\u00f3n sobre universidades, programas y trayectorias que la intrigaban.\u00a0<\/span><\/p><p><span style=\"font-weight: 400;\">Descubri\u00f3 la Universidad de Nueva York y los ojos de Ariana se iluminan cuando habla de la vibrante cultura y el sentido de comunidad de Nueva York. Siente una profunda conexi\u00f3n con la universidad y visualiza un futuro en el que pueda dedicarse a su pasi\u00f3n por el cine o, tal vez, la psicolog\u00eda. Le entusiasma la oportunidad de tener un impacto positivo en la vida de las personas.<\/span><\/p>\t\t\t\t\t\t\t\t<\/div>\n\t\t\t\t<\/div>\n\t\t\t\t<div class=\"elementor-element elementor-element-af44ea8 elementor-widget elementor-widget-image\" data-id=\"af44ea8\" data-element_type=\"widget\" data-e-type=\"widget\" data-widget_type=\"image.default\">\n\t\t\t\t<div class=\"elementor-widget-container\">\n\t\t\t\t\t\t\t\t\t\t\t\t\t\t\t<img fetchpriority=\"high\" decoding=\"async\" width=\"800\" height=\"909\" src=\"https:\/\/hispanicalliancesc.com\/wp-content\/uploads\/2023\/11\/Ariana-Hernandez-e1700083359506-901x1024.jpg\" class=\"attachment-large size-large wp-image-6382\" alt=\"\" srcset=\"https:\/\/hispanicalliancesc.com\/wp-content\/uploads\/2023\/11\/Ariana-Hernandez-e1700083359506-901x1024.jpg 901w, https:\/\/hispanicalliancesc.com\/wp-content\/uploads\/2023\/11\/Ariana-Hernandez-e1700083359506-264x300.jpg 264w, https:\/\/hispanicalliancesc.com\/wp-content\/uploads\/2023\/11\/Ariana-Hernandez-e1700083359506-768x873.jpg 768w, https:\/\/hispanicalliancesc.com\/wp-content\/uploads\/2023\/11\/Ariana-Hernandez-e1700083359506-11x12.jpg 11w, https:\/\/hispanicalliancesc.com\/wp-content\/uploads\/2023\/11\/Ariana-Hernandez-e1700083359506.jpg 1024w\" sizes=\"(max-width: 800px) 100vw, 800px\" \/>\t\t\t\t\t\t\t\t\t\t\t\t\t\t\t<\/div>\n\t\t\t\t<\/div>\n\t\t\t\t<div class=\"elementor-element elementor-element-dd4b916 elementor-widget elementor-widget-text-editor\" data-id=\"dd4b916\" data-element_type=\"widget\" data-e-type=\"widget\" data-widget_type=\"text-editor.default\">\n\t\t\t\t<div class=\"elementor-widget-container\">\n\t\t\t\t\t\t\t\t\t<p><span style=\"font-weight: 400;\">El viaje de Ariana con la Alianza Hispana comenz\u00f3 cuando se uni\u00f3 a SDA en su \u00faltimo a\u00f1o en Berea High School. Rodeada de un sentido de comunidad y familia, ella describe el programa como lo m\u00e1s destacado de su mes. SDA no solo le present\u00f3 una red de amigos que la apoyaban, sino que tambi\u00e9n la anim\u00f3 a ser abierta y vulnerable, un espacio donde los estudiantes pod\u00edan compartir sus historias y sue\u00f1os sin temor a ser juzgados.<\/span><\/p><p><span style=\"font-weight: 400;\">Ariana le da cr\u00e9dito a SDA por haberla ayudado a descubrir sus cualidades de liderazgo. El ambiente de apoyo del programa le permiti\u00f3 reconocer su potencial como l\u00edder. Recuerda un momento de empoderamiento en el que un mentor la reconoci\u00f3 como una l\u00edder nata, lo que le dej\u00f3 un impacto duradero, uno que recuerda a diario.<\/span><\/p>\t\t\t\t\t\t\t\t<\/div>\n\t\t\t\t<\/div>\n\t\t\t\t<div class=\"elementor-element elementor-element-c782c09 elementor-widget elementor-widget-gallery\" data-id=\"c782c09\" data-element_type=\"widget\" data-e-type=\"widget\" data-settings=\"{&quot;columns&quot;:2,&quot;lazyload&quot;:&quot;yes&quot;,&quot;gallery_layout&quot;:&quot;grid&quot;,&quot;columns_tablet&quot;:2,&quot;columns_mobile&quot;:1,&quot;gap&quot;:{&quot;unit&quot;:&quot;px&quot;,&quot;size&quot;:10,&quot;sizes&quot;:[]},&quot;gap_tablet&quot;:{&quot;unit&quot;:&quot;px&quot;,&quot;size&quot;:10,&quot;sizes&quot;:[]},&quot;gap_mobile&quot;:{&quot;unit&quot;:&quot;px&quot;,&quot;size&quot;:10,&quot;sizes&quot;:[]},&quot;link_to&quot;:&quot;file&quot;,&quot;aspect_ratio&quot;:&quot;3:2&quot;,&quot;overlay_background&quot;:&quot;yes&quot;,&quot;content_hover_animation&quot;:&quot;fade-in&quot;}\" data-widget_type=\"gallery.default\">\n\t\t\t\t<div class=\"elementor-widget-container\">\n\t\t\t\t\t\t\t<div class=\"elementor-gallery__container\">\n\t\t\t\t\t\t\t<a class=\"e-gallery-item elementor-gallery-item elementor-animated-content\" href=\"https:\/\/hispanicalliancesc.com\/wp-content\/uploads\/2023\/11\/SDA-89-scaled.jpg\" data-elementor-open-lightbox=\"yes\" data-elementor-lightbox-slideshow=\"c782c09\" data-elementor-lightbox-title=\"SDA-89\" data-e-action-hash=\"#elementor-action%3Aaction%3Dlightbox%26settings%3DeyJpZCI6NjM4MywidXJsIjoiaHR0cHM6XC9cL2hpc3BhbmljYWxsaWFuY2VzYy5jb21cL3dwLWNvbnRlbnRcL3VwbG9hZHNcLzIwMjNcLzExXC9TREEtODktc2NhbGVkLmpwZyIsInNsaWRlc2hvdyI6ImM3ODJjMDkifQ%3D%3D\">\n\t\t\t\t\t<div class=\"e-gallery-image elementor-gallery-item__image\" data-thumbnail=\"https:\/\/hispanicalliancesc.com\/wp-content\/uploads\/2023\/11\/SDA-89-1024x819.jpg\" data-width=\"800\" data-height=\"640\" aria-label=\"\" role=\"img\" ><\/div>\n\t\t\t\t\t\t\t\t\t\t\t<div class=\"elementor-gallery-item__overlay\"><\/div>\n\t\t\t\t\t\t\t\t\t\t\t\t\t\t<\/a>\n\t\t\t\t\t\t\t<a class=\"e-gallery-item elementor-gallery-item elementor-animated-content\" href=\"https:\/\/hispanicalliancesc.com\/wp-content\/uploads\/2023\/11\/SDA-25-scaled.jpg\" data-elementor-open-lightbox=\"yes\" data-elementor-lightbox-slideshow=\"c782c09\" data-elementor-lightbox-title=\"SDA-25\" data-e-action-hash=\"#elementor-action%3Aaction%3Dlightbox%26settings%3DeyJpZCI6NjM4NCwidXJsIjoiaHR0cHM6XC9cL2hpc3BhbmljYWxsaWFuY2VzYy5jb21cL3dwLWNvbnRlbnRcL3VwbG9hZHNcLzIwMjNcLzExXC9TREEtMjUtc2NhbGVkLmpwZyIsInNsaWRlc2hvdyI6ImM3ODJjMDkifQ%3D%3D\">\n\t\t\t\t\t<div class=\"e-gallery-image elementor-gallery-item__image\" data-thumbnail=\"https:\/\/hispanicalliancesc.com\/wp-content\/uploads\/2023\/11\/SDA-25-1024x819.jpg\" data-width=\"800\" data-height=\"640\" aria-label=\"\" role=\"img\" ><\/div>\n\t\t\t\t\t\t\t\t\t\t\t<div class=\"elementor-gallery-item__overlay\"><\/div>\n\t\t\t\t\t\t\t\t\t\t\t\t\t\t<\/a>\n\t\t\t\t\t\t\t<a class=\"e-gallery-item elementor-gallery-item elementor-animated-content\" href=\"https:\/\/hispanicalliancesc.com\/wp-content\/uploads\/2023\/11\/SDA-14-scaled.jpg\" data-elementor-open-lightbox=\"yes\" data-elementor-lightbox-slideshow=\"c782c09\" data-elementor-lightbox-title=\"SDA-14\" data-e-action-hash=\"#elementor-action%3Aaction%3Dlightbox%26settings%3DeyJpZCI6NjM4NSwidXJsIjoiaHR0cHM6XC9cL2hpc3BhbmljYWxsaWFuY2VzYy5jb21cL3dwLWNvbnRlbnRcL3VwbG9hZHNcLzIwMjNcLzExXC9TREEtMTQtc2NhbGVkLmpwZyIsInNsaWRlc2hvdyI6ImM3ODJjMDkifQ%3D%3D\">\n\t\t\t\t\t<div class=\"e-gallery-image elementor-gallery-item__image\" data-thumbnail=\"https:\/\/hispanicalliancesc.com\/wp-content\/uploads\/2023\/11\/SDA-14-1024x819.jpg\" data-width=\"800\" data-height=\"640\" aria-label=\"\" role=\"img\" ><\/div>\n\t\t\t\t\t\t\t\t\t\t\t<div class=\"elementor-gallery-item__overlay\"><\/div>\n\t\t\t\t\t\t\t\t\t\t\t\t\t\t<\/a>\n\t\t\t\t\t\t\t<a class=\"e-gallery-item elementor-gallery-item elementor-animated-content\" href=\"https:\/\/hispanicalliancesc.com\/wp-content\/uploads\/2023\/11\/SDA-10-scaled.jpg\" data-elementor-open-lightbox=\"yes\" data-elementor-lightbox-slideshow=\"c782c09\" data-elementor-lightbox-title=\"SDA-10\" data-e-action-hash=\"#elementor-action%3Aaction%3Dlightbox%26settings%3DeyJpZCI6NjM4NiwidXJsIjoiaHR0cHM6XC9cL2hpc3BhbmljYWxsaWFuY2VzYy5jb21cL3dwLWNvbnRlbnRcL3VwbG9hZHNcLzIwMjNcLzExXC9TREEtMTAtc2NhbGVkLmpwZyIsInNsaWRlc2hvdyI6ImM3ODJjMDkifQ%3D%3D\">\n\t\t\t\t\t<div class=\"e-gallery-image elementor-gallery-item__image\" data-thumbnail=\"https:\/\/hispanicalliancesc.com\/wp-content\/uploads\/2023\/11\/SDA-10-1024x819.jpg\" data-width=\"800\" data-height=\"640\" aria-label=\"\" role=\"img\" ><\/div>\n\t\t\t\t\t\t\t\t\t\t\t<div class=\"elementor-gallery-item__overlay\"><\/div>\n\t\t\t\t\t\t\t\t\t\t\t\t\t\t<\/a>\n\t\t\t\t\t<\/div>\n\t\t\t\t\t<\/div>\n\t\t\t\t<\/div>\n\t\t\t\t<div class=\"elementor-element elementor-element-d8e6b46 elementor-widget elementor-widget-text-editor\" data-id=\"d8e6b46\" data-element_type=\"widget\" data-e-type=\"widget\" data-widget_type=\"text-editor.default\">\n\t\t\t\t<div class=\"elementor-widget-container\">\n\t\t\t\t\t\t\t\t\t<p><span style=\"font-weight: 400;\">En su transici\u00f3n de SDA a su pasant\u00eda en la Alianza Hispana, el compromiso de Ariana con su comunidad se mantuvo inquebrantable. Destaca la importancia de esta pasant\u00eda en su crecimiento, donde est\u00e1 adquiriendo habilidades valiosas (gesti\u00f3n de proyectos, relaciones p\u00fablicas y administraci\u00f3n) para su futuro.\u00a0<\/span><\/p>\t\t\t\t\t\t\t\t<\/div>\n\t\t\t\t<\/div>\n\t\t\t\t<div class=\"elementor-element elementor-element-edd6e82 elementor-widget elementor-widget-text-editor\" data-id=\"edd6e82\" data-element_type=\"widget\" data-e-type=\"widget\" data-widget_type=\"text-editor.default\">\n\t\t\t\t<div class=\"elementor-widget-container\">\n\t\t\t\t\t\t\t\t\t<p><span style=\"font-weight: 400;\">Mientras Ariana contin\u00faa su trayectoria acad\u00e9mica y profesional, lleva los valores inculcados por la Alianza Hispana: empat\u00eda, comunidad y esp\u00edritu de familia en su futuro y en toda nuestra comunidad.<\/span><\/p>\t\t\t\t\t\t\t\t<\/div>\n\t\t\t\t<\/div>\n\t\t\t\t<div class=\"elementor-element elementor-element-91c41f2 elementor-widget elementor-widget-heading\" data-id=\"91c41f2\" data-element_type=\"widget\" data-e-type=\"widget\" data-widget_type=\"heading.default\">\n\t\t\t\t<div class=\"elementor-widget-container\">\n\t\t\t\t\t<div class=\"elementor-heading-title elementor-size-default\">Su apoyo crea oportunidades y tiene un impacto positivo en las vidas de estudiantes como Ariana, muchos de los cuales son los primeros en sus familias en asistir a la universidad.\u00a0<\/div>\t\t\t\t<\/div>\n\t\t\t\t<\/div>\n\t\t\t\t<div class=\"elementor-element elementor-element-b310af8 elementor-widget elementor-widget-text-editor\" data-id=\"b310af8\" data-element_type=\"widget\" data-e-type=\"widget\" data-widget_type=\"text-editor.default\">\n\t\t\t\t<div class=\"elementor-widget-container\">\n\t\t\t\t\t\t\t\t\t<p><span style=\"font-weight: 400;\">El viaje de Ariana es un testimonio de la misi\u00f3n de la Alianza Hispana, donde personas como ella encuentran el apoyo que necesitan para perseguir sus sue\u00f1os.\u00a0<\/span><\/p><p><span style=\"font-weight: 400;\">Al donar a la Alianza Hispana, le est\u00e1s dando a m\u00e1s j\u00f3venes la oportunidad de alcanzar sus sue\u00f1os. Su contribuci\u00f3n puede marcar una profunda diferencia en la configuraci\u00f3n de su futuro.<\/span><\/p>\t\t\t\t\t\t\t\t<\/div>\n\t\t\t\t<\/div>\n\t\t\t\t\t<\/div>\n\t\t<\/div>\n\t\t\t\t\t<\/div>\n\t\t<\/section>\n\t\t\t\t<\/div>","protected":false},"excerpt":{"rendered":"<p>\u201cEmp\u00e1tico, comunitario y familiar\u201d. Para Ariana Hern\u00e1ndez Montero, estas palabras resumen el ambiente \u00fanico que la Alianza Hispana brinda a los j\u00f3venes hispanos a trav\u00e9s de Student DREAMers Alliance (SDA), donde los estudiantes aprenden y crecen juntos.<\/p>","protected":false},"author":1,"featured_media":6616,"comment_status":"closed","ping_status":"closed","sticky":false,"template":"","format":"standard","meta":{"_acf_changed":false,"wds_primary_category":41,"footnotes":""},"categories":[31,41],"tags":[],"class_list":["post-6420","post","type-post","status-publish","format-standard","has-post-thumbnail","hentry","category-campaigns","category-eoy2023"],"acf":[],"_links":{"self":[{"href":"https:\/\/hispanicalliancesc.com\/es\/wp-json\/wp\/v2\/posts\/6420","targetHints":{"allow":["GET"]}}],"collection":[{"href":"https:\/\/hispanicalliancesc.com\/es\/wp-json\/wp\/v2\/posts"}],"about":[{"href":"https:\/\/hispanicalliancesc.com\/es\/wp-json\/wp\/v2\/types\/post"}],"author":[{"embeddable":true,"href":"https:\/\/hispanicalliancesc.com\/es\/wp-json\/wp\/v2\/users\/1"}],"replies":[{"embeddable":true,"href":"https:\/\/hispanicalliancesc.com\/es\/wp-json\/wp\/v2\/comments?post=6420"}],"version-history":[{"count":0,"href":"https:\/\/hispanicalliancesc.com\/es\/wp-json\/wp\/v2\/posts\/6420\/revisions"}],"wp:featuredmedia":[{"embeddable":true,"href":"https:\/\/hispanicalliancesc.com\/es\/wp-json\/wp\/v2\/media\/6616"}],"wp:attachment":[{"href":"https:\/\/hispanicalliancesc.com\/es\/wp-json\/wp\/v2\/media?parent=6420"}],"wp:term":[{"taxonomy":"category","embeddable":true,"href":"https:\/\/hispanicalliancesc.com\/es\/wp-json\/wp\/v2\/categories?post=6420"},{"taxonomy":"post_tag","embeddable":true,"href":"https:\/\/hispanicalliancesc.com\/es\/wp-json\/wp\/v2\/tags?post=6420"}],"curies":[{"name":"wp","href":"https:\/\/api.w.org\/{rel}","templated":true}]}}