{"id":4536,"date":"2023-05-31T11:46:16","date_gmt":"2023-05-31T15:46:16","guid":{"rendered":"http:\/\/localhost:10028\/?p=4536"},"modified":"2023-05-31T11:54:09","modified_gmt":"2023-05-31T15:54:09","slug":"ha-news-may-2023","status":"publish","type":"post","link":"https:\/\/hispanicalliancesc.com\/es\/ha-news-may-2023\/","title":{"rendered":"Noticias HA \u2013 Mayo 2023"},"content":{"rendered":"<div data-elementor-type=\"wp-post\" data-elementor-id=\"4536\" class=\"elementor elementor-4536\" data-elementor-post-type=\"post\">\n\t\t\t\t\t\t<section class=\"elementor-section elementor-top-section elementor-element elementor-element-007c0b4 elementor-section-boxed elementor-section-height-default elementor-section-height-default\" data-id=\"007c0b4\" data-element_type=\"section\" data-e-type=\"section\" data-settings=\"{&quot;jet_parallax_layout_list&quot;:[]}\">\n\t\t\t\t\t\t<div class=\"elementor-container elementor-column-gap-default\">\n\t\t\t\t\t<div class=\"elementor-column elementor-col-100 elementor-top-column elementor-element elementor-element-e7a0e85\" data-id=\"e7a0e85\" data-element_type=\"column\" data-e-type=\"column\">\n\t\t\t<div class=\"elementor-widget-wrap elementor-element-populated\">\n\t\t\t\t\t\t<div class=\"elementor-element elementor-element-d64a483 elementor-widget elementor-widget-heading\" data-id=\"d64a483\" data-element_type=\"widget\" data-e-type=\"widget\" data-widget_type=\"heading.default\">\n\t\t\t\t<div class=\"elementor-widget-container\">\n\t\t\t\t\t<h3 class=\"elementor-heading-title elementor-size-default\">Una nota de agradecimiento por el impacto colectivo<\/h3>\t\t\t\t<\/div>\n\t\t\t\t<\/div>\n\t\t\t\t<div class=\"elementor-element elementor-element-4e54b99 elementor-widget elementor-widget-heading\" data-id=\"4e54b99\" data-element_type=\"widget\" data-e-type=\"widget\" data-widget_type=\"heading.default\">\n\t\t\t\t<div class=\"elementor-widget-container\">\n\t\t\t\t\t<h5 class=\"elementor-heading-title elementor-size-default\"> De Nuestra Directora Ejecutiva, Adela Mendoza<\/h5>\t\t\t\t<\/div>\n\t\t\t\t<\/div>\n\t\t\t\t<div class=\"elementor-element elementor-element-525bf18 elementor-widget elementor-widget-text-editor\" data-id=\"525bf18\" data-element_type=\"widget\" data-e-type=\"widget\" data-widget_type=\"text-editor.default\">\n\t\t\t\t<div class=\"elementor-widget-container\">\n\t\t\t\t\t\t\t\t\tLa Alianza Hispana fue creada por voluntarios y, durante m\u00e1s de una d\u00e9cada, son los voluntarios quienes dan vida a nuestra misi\u00f3n a trav\u00e9s del servicio desinteresado a nuestra comunidad. El a\u00f1o pasado tuvimos el mejor Fiesta y no est\u00e1bamos del todo seguros de poder superar esa experiencia. Sin embargo, gracias a la visi\u00f3n de incre\u00edbles voluntarios, \u00a1La Fiesta de este a\u00f1o fue a\u00fan mejor!\n\n\t\t\t\t\t\t\t\t<\/div>\n\t\t\t\t<\/div>\n\t\t\t\t<div class=\"elementor-element elementor-element-af973b6 elementor-widget elementor-widget-heading\" data-id=\"af973b6\" data-element_type=\"widget\" data-e-type=\"widget\" data-widget_type=\"heading.default\">\n\t\t\t\t<div class=\"elementor-widget-container\">\n\t\t\t\t\t<h5 class=\"elementor-heading-title elementor-size-default\">\u00danase a m\u00ed para expresar nuestra m\u00e1s sincera gratitud a nuestra presidenta del evento rockstar: Melissa Hernandez. <\/h5>\t\t\t\t<\/div>\n\t\t\t\t<\/div>\n\t\t\t\t<div class=\"elementor-element elementor-element-eab006c elementor-widget elementor-widget-text-editor\" data-id=\"eab006c\" data-element_type=\"widget\" data-e-type=\"widget\" data-widget_type=\"text-editor.default\">\n\t\t\t\t<div class=\"elementor-widget-container\">\n\t\t\t\t\t\t\t\t\tHa sido un placer absoluto y un privilegio trabajar de cerca con ella y ver c\u00f3mo su visi\u00f3n cobraba vida. Su contagioso entusiasmo y liderazgo positivo jugaron un papel muy importante en el \u00e9xito de La Fiesta. Por supuesto, todo buen l\u00edder recibe un apoyo vital de su equipo, y todo nuestro comit\u00e9 de planificaci\u00f3n de La Fiesta merece nuestra inmensa gratitud y reconocimiento. \t\t\t\t\t\t\t\t<\/div>\n\t\t\t\t<\/div>\n\t\t\t\t<div class=\"elementor-element elementor-element-cff0116 elementor-widget elementor-widget-heading\" data-id=\"cff0116\" data-element_type=\"widget\" data-e-type=\"widget\" data-widget_type=\"heading.default\">\n\t\t\t\t<div class=\"elementor-widget-container\">\n\t\t\t\t\t<h5 class=\"elementor-heading-title elementor-size-default\">Agradecemos a Felicia Baca, Yadira Nu\u00f1ez, Sara Montero-Buria y, por supuesto, a la Directora Art\u00edstica de nuestra Exposici\u00f3n de Artes Colaborativas: Nathalie Morgan.<\/h5>\t\t\t\t<\/div>\n\t\t\t\t<\/div>\n\t\t\t\t<div class=\"elementor-element elementor-element-9a7f844 elementor-widget elementor-widget-text-editor\" data-id=\"9a7f844\" data-element_type=\"widget\" data-e-type=\"widget\" data-widget_type=\"text-editor.default\">\n\t\t\t\t<div class=\"elementor-widget-container\">\n\t\t\t\t\t\t\t\t\t<p>Es realmente un privilegio hacer una pausa por un momento y tomarse el tiempo para reflexionar sobre la incre\u00edble comunidad de la que formamos parte y reconocer a las personas que son las manos y los corazones detr\u00e1s del cambio positivo. Nuestro trabajo depende del apoyo y la generosidad de la comunidad.<\/p><p>En La Fiesta, el 5 de mayo, tuvimos el gran honor de presentar nuestros premios anuales a quienes ejemplifican los valores fundamentales de nuestra organizaci\u00f3n: pasi\u00f3n, confianza, integridad, colaboraci\u00f3n, inclusi\u00f3n e innovaci\u00f3n. Todos los galardonados con el premio 2023 se enumeran a continuaci\u00f3n. Esperamos que se una a nosotros para agradecerles su dedicaci\u00f3n a crear un futuro libre de limitaciones.<\/p>\t\t\t\t\t\t\t\t<\/div>\n\t\t\t\t<\/div>\n\t\t\t\t<section class=\"elementor-section elementor-inner-section elementor-element elementor-element-d4c28ab elementor-section-boxed elementor-section-height-default elementor-section-height-default\" data-id=\"d4c28ab\" data-element_type=\"section\" data-e-type=\"section\" data-settings=\"{&quot;jet_parallax_layout_list&quot;:[]}\">\n\t\t\t\t\t\t<div class=\"elementor-container elementor-column-gap-default\">\n\t\t\t\t\t<div class=\"elementor-column elementor-col-50 elementor-inner-column elementor-element elementor-element-b425815\" data-id=\"b425815\" data-element_type=\"column\" data-e-type=\"column\">\n\t\t\t<div class=\"elementor-widget-wrap elementor-element-populated\">\n\t\t\t\t\t\t<div class=\"elementor-element elementor-element-6510750 elementor-widget elementor-widget-image\" data-id=\"6510750\" data-element_type=\"widget\" data-e-type=\"widget\" data-widget_type=\"image.default\">\n\t\t\t\t<div class=\"elementor-widget-container\">\n\t\t\t\t\t\t\t\t\t\t\t\t\t\t\t<img fetchpriority=\"high\" decoding=\"async\" width=\"800\" height=\"534\" src=\"https:\/\/hispanicalliancesc.com\/wp-content\/uploads\/2023\/05\/Fiesta-96.jpg\" class=\"attachment-large size-large wp-image-4429\" alt=\"\" srcset=\"https:\/\/hispanicalliancesc.com\/wp-content\/uploads\/2023\/05\/Fiesta-96.jpg 1024w, https:\/\/hispanicalliancesc.com\/wp-content\/uploads\/2023\/05\/Fiesta-96-300x200.jpg 300w, https:\/\/hispanicalliancesc.com\/wp-content\/uploads\/2023\/05\/Fiesta-96-768x512.jpg 768w, https:\/\/hispanicalliancesc.com\/wp-content\/uploads\/2023\/05\/Fiesta-96-18x12.jpg 18w\" sizes=\"(max-width: 800px) 100vw, 800px\" \/>\t\t\t\t\t\t\t\t\t\t\t\t\t\t\t<\/div>\n\t\t\t\t<\/div>\n\t\t\t\t\t<\/div>\n\t\t<\/div>\n\t\t\t\t<div class=\"elementor-column elementor-col-50 elementor-inner-column elementor-element elementor-element-7506372\" data-id=\"7506372\" data-element_type=\"column\" data-e-type=\"column\">\n\t\t\t<div class=\"elementor-widget-wrap elementor-element-populated\">\n\t\t\t\t\t\t<div class=\"elementor-element elementor-element-70e85f5 elementor-widget elementor-widget-heading\" data-id=\"70e85f5\" data-element_type=\"widget\" data-e-type=\"widget\" data-widget_type=\"heading.default\">\n\t\t\t\t<div class=\"elementor-widget-container\">\n\t\t\t\t\t<h6 class=\"elementor-heading-title elementor-size-default\">Miembro de la Junta de HA del a\u00f1o<\/h6>\t\t\t\t<\/div>\n\t\t\t\t<\/div>\n\t\t\t\t<div class=\"elementor-element elementor-element-94d5cc3 elementor-widget elementor-widget-heading\" data-id=\"94d5cc3\" data-element_type=\"widget\" data-e-type=\"widget\" data-widget_type=\"heading.default\">\n\t\t\t\t<div class=\"elementor-widget-container\">\n\t\t\t\t\t<h5 class=\"elementor-heading-title elementor-size-default\">Megan Early-Soppa<\/h5>\t\t\t\t<\/div>\n\t\t\t\t<\/div>\n\t\t\t\t<div class=\"elementor-element elementor-element-5edefe5 elementor-widget elementor-widget-text-editor\" data-id=\"5edefe5\" data-element_type=\"widget\" data-e-type=\"widget\" data-widget_type=\"text-editor.default\">\n\t\t\t\t<div class=\"elementor-widget-container\">\n\t\t\t\t\t\t\t\t\t<p>La Junta Directiva de Hispanic Alliance reconoce a un miembro de la Junta que ha ido m\u00e1s all\u00e1 de su deber para garantizar que nuestra organizaci\u00f3n est\u00e9 posicionada para el \u00e9xito.<\/p>\t\t\t\t\t\t\t\t<\/div>\n\t\t\t\t<\/div>\n\t\t\t\t\t<\/div>\n\t\t<\/div>\n\t\t\t\t\t<\/div>\n\t\t<\/section>\n\t\t\t\t<section class=\"elementor-section elementor-inner-section elementor-element elementor-element-caf1742 elementor-section-boxed elementor-section-height-default elementor-section-height-default\" data-id=\"caf1742\" data-element_type=\"section\" data-e-type=\"section\" data-settings=\"{&quot;jet_parallax_layout_list&quot;:[]}\">\n\t\t\t\t\t\t<div class=\"elementor-container elementor-column-gap-default\">\n\t\t\t\t\t<div class=\"elementor-column elementor-col-50 elementor-inner-column elementor-element elementor-element-125b186\" data-id=\"125b186\" data-element_type=\"column\" data-e-type=\"column\">\n\t\t\t<div class=\"elementor-widget-wrap elementor-element-populated\">\n\t\t\t\t\t\t<div class=\"elementor-element elementor-element-861ae0b elementor-widget elementor-widget-image\" data-id=\"861ae0b\" data-element_type=\"widget\" data-e-type=\"widget\" data-widget_type=\"image.default\">\n\t\t\t\t<div class=\"elementor-widget-container\">\n\t\t\t\t\t\t\t\t\t\t\t\t\t\t\t<img decoding=\"async\" width=\"800\" height=\"640\" data-src=\"https:\/\/hispanicalliancesc.com\/wp-content\/uploads\/2023\/05\/1-Fiesta-101.jpg\" class=\"attachment-large size-large wp-image-4540 lazyload\" alt=\"\" data-srcset=\"https:\/\/hispanicalliancesc.com\/wp-content\/uploads\/2023\/05\/1-Fiesta-101.jpg 1024w, https:\/\/hispanicalliancesc.com\/wp-content\/uploads\/2023\/05\/1-Fiesta-101-300x240.jpg 300w, https:\/\/hispanicalliancesc.com\/wp-content\/uploads\/2023\/05\/1-Fiesta-101-768x614.jpg 768w, https:\/\/hispanicalliancesc.com\/wp-content\/uploads\/2023\/05\/1-Fiesta-101-15x12.jpg 15w\" data-sizes=\"auto\" src=\"data:image\/svg+xml;base64,PHN2ZyB3aWR0aD0iMSIgaGVpZ2h0PSIxIiB4bWxucz0iaHR0cDovL3d3dy53My5vcmcvMjAwMC9zdmciPjwvc3ZnPg==\" style=\"--smush-placeholder-width: 800px; --smush-placeholder-aspect-ratio: 800\/640;\" data-original-sizes=\"(max-width: 800px) 100vw, 800px\" \/>\t\t\t\t\t\t\t\t\t\t\t\t\t\t\t<\/div>\n\t\t\t\t<\/div>\n\t\t\t\t\t<\/div>\n\t\t<\/div>\n\t\t\t\t<div class=\"elementor-column elementor-col-50 elementor-inner-column elementor-element elementor-element-d8e1ba9\" data-id=\"d8e1ba9\" data-element_type=\"column\" data-e-type=\"column\">\n\t\t\t<div class=\"elementor-widget-wrap elementor-element-populated\">\n\t\t\t\t\t\t<div class=\"elementor-element elementor-element-c1fff13 elementor-widget elementor-widget-heading\" data-id=\"c1fff13\" data-element_type=\"widget\" data-e-type=\"widget\" data-widget_type=\"heading.default\">\n\t\t\t\t<div class=\"elementor-widget-container\">\n\t\t\t\t\t<h6 class=\"elementor-heading-title elementor-size-default\">Premio Campe\u00f3n<\/h6>\t\t\t\t<\/div>\n\t\t\t\t<\/div>\n\t\t\t\t<div class=\"elementor-element elementor-element-8db2732 elementor-widget elementor-widget-heading\" data-id=\"8db2732\" data-element_type=\"widget\" data-e-type=\"widget\" data-widget_type=\"heading.default\">\n\t\t\t\t<div class=\"elementor-widget-container\">\n\t\t\t\t\t<h5 class=\"elementor-heading-title elementor-size-default\">La Fundaci\u00f3n Jolley<\/h5>\t\t\t\t<\/div>\n\t\t\t\t<\/div>\n\t\t\t\t<div class=\"elementor-element elementor-element-1a22dea elementor-widget elementor-widget-text-editor\" data-id=\"1a22dea\" data-element_type=\"widget\" data-e-type=\"widget\" data-widget_type=\"text-editor.default\">\n\t\t\t\t<div class=\"elementor-widget-container\">\n\t\t\t\t\t\t\t\t\tPor invertir en nuestra juventud mientras cultivamos la pr\u00f3xima generaci\u00f3n de l\u00edderes en Carolina del Sur a trav\u00e9s de nuestra Student DREAMers Alliance.\t\t\t\t\t\t\t\t<\/div>\n\t\t\t\t<\/div>\n\t\t\t\t\t<\/div>\n\t\t<\/div>\n\t\t\t\t\t<\/div>\n\t\t<\/section>\n\t\t\t\t<section class=\"elementor-section elementor-inner-section elementor-element elementor-element-ef69504 elementor-section-boxed elementor-section-height-default elementor-section-height-default\" data-id=\"ef69504\" data-element_type=\"section\" data-e-type=\"section\" data-settings=\"{&quot;jet_parallax_layout_list&quot;:[]}\">\n\t\t\t\t\t\t<div class=\"elementor-container elementor-column-gap-default\">\n\t\t\t\t\t<div class=\"elementor-column elementor-col-50 elementor-inner-column elementor-element elementor-element-4be521d\" data-id=\"4be521d\" data-element_type=\"column\" data-e-type=\"column\">\n\t\t\t<div class=\"elementor-widget-wrap elementor-element-populated\">\n\t\t\t\t\t\t<div class=\"elementor-element elementor-element-a0ca1a0 elementor-widget elementor-widget-image\" data-id=\"a0ca1a0\" data-element_type=\"widget\" data-e-type=\"widget\" data-widget_type=\"image.default\">\n\t\t\t\t<div class=\"elementor-widget-container\">\n\t\t\t\t\t\t\t\t\t\t\t\t\t\t\t<img decoding=\"async\" width=\"800\" height=\"534\" data-src=\"https:\/\/hispanicalliancesc.com\/wp-content\/uploads\/2023\/05\/3-Fiesta-109.jpg\" class=\"attachment-large size-large wp-image-4542 lazyload\" alt=\"\" data-srcset=\"https:\/\/hispanicalliancesc.com\/wp-content\/uploads\/2023\/05\/3-Fiesta-109.jpg 1024w, https:\/\/hispanicalliancesc.com\/wp-content\/uploads\/2023\/05\/3-Fiesta-109-300x200.jpg 300w, https:\/\/hispanicalliancesc.com\/wp-content\/uploads\/2023\/05\/3-Fiesta-109-768x512.jpg 768w, https:\/\/hispanicalliancesc.com\/wp-content\/uploads\/2023\/05\/3-Fiesta-109-18x12.jpg 18w\" data-sizes=\"auto\" src=\"data:image\/svg+xml;base64,PHN2ZyB3aWR0aD0iMSIgaGVpZ2h0PSIxIiB4bWxucz0iaHR0cDovL3d3dy53My5vcmcvMjAwMC9zdmciPjwvc3ZnPg==\" style=\"--smush-placeholder-width: 800px; --smush-placeholder-aspect-ratio: 800\/534;\" data-original-sizes=\"(max-width: 800px) 100vw, 800px\" \/>\t\t\t\t\t\t\t\t\t\t\t\t\t\t\t<\/div>\n\t\t\t\t<\/div>\n\t\t\t\t\t<\/div>\n\t\t<\/div>\n\t\t\t\t<div class=\"elementor-column elementor-col-50 elementor-inner-column elementor-element elementor-element-af70be8\" data-id=\"af70be8\" data-element_type=\"column\" data-e-type=\"column\">\n\t\t\t<div class=\"elementor-widget-wrap elementor-element-populated\">\n\t\t\t\t\t\t<div class=\"elementor-element elementor-element-3ff6f05 elementor-widget elementor-widget-heading\" data-id=\"3ff6f05\" data-element_type=\"widget\" data-e-type=\"widget\" data-widget_type=\"heading.default\">\n\t\t\t\t<div class=\"elementor-widget-container\">\n\t\t\t\t\t<h6 class=\"elementor-heading-title elementor-size-default\">Premio Amigo<\/h6>\t\t\t\t<\/div>\n\t\t\t\t<\/div>\n\t\t\t\t<div class=\"elementor-element elementor-element-590ee63 elementor-widget elementor-widget-heading\" data-id=\"590ee63\" data-element_type=\"widget\" data-e-type=\"widget\" data-widget_type=\"heading.default\">\n\t\t\t\t<div class=\"elementor-widget-container\">\n\t\t\t\t\t<h5 class=\"elementor-heading-title elementor-size-default\">Will McCorkle<\/h5>\t\t\t\t<\/div>\n\t\t\t\t<\/div>\n\t\t\t\t<div class=\"elementor-element elementor-element-ed8a891 elementor-widget elementor-widget-text-editor\" data-id=\"ed8a891\" data-element_type=\"widget\" data-e-type=\"widget\" data-widget_type=\"text-editor.default\">\n\t\t\t\t<div class=\"elementor-widget-container\">\n\t\t\t\t\t\t\t\t\tPor su trabajo para avanzar en el trabajo de nuestra Alianza de Estudiantes DREAMers, abriendo puertas, corazones y mentes en nuestros estudiantes.\t\t\t\t\t\t\t\t<\/div>\n\t\t\t\t<\/div>\n\t\t\t\t\t<\/div>\n\t\t<\/div>\n\t\t\t\t\t<\/div>\n\t\t<\/section>\n\t\t\t\t<section class=\"elementor-section elementor-inner-section elementor-element elementor-element-5c9c190 elementor-section-boxed elementor-section-height-default elementor-section-height-default\" data-id=\"5c9c190\" data-element_type=\"section\" data-e-type=\"section\" data-settings=\"{&quot;jet_parallax_layout_list&quot;:[]}\">\n\t\t\t\t\t\t<div class=\"elementor-container elementor-column-gap-default\">\n\t\t\t\t\t<div class=\"elementor-column elementor-col-50 elementor-inner-column elementor-element elementor-element-0462d52\" data-id=\"0462d52\" data-element_type=\"column\" data-e-type=\"column\">\n\t\t\t<div class=\"elementor-widget-wrap elementor-element-populated\">\n\t\t\t\t\t\t<div class=\"elementor-element elementor-element-6edcfc6 elementor-widget elementor-widget-image\" data-id=\"6edcfc6\" data-element_type=\"widget\" data-e-type=\"widget\" data-widget_type=\"image.default\">\n\t\t\t\t<div class=\"elementor-widget-container\">\n\t\t\t\t\t\t\t\t\t\t\t\t\t\t\t<img decoding=\"async\" width=\"800\" height=\"534\" data-src=\"https:\/\/hispanicalliancesc.com\/wp-content\/uploads\/2023\/05\/3-Fiesta-106.jpg\" class=\"attachment-large size-large wp-image-4541 lazyload\" alt=\"\" data-srcset=\"https:\/\/hispanicalliancesc.com\/wp-content\/uploads\/2023\/05\/3-Fiesta-106.jpg 1024w, https:\/\/hispanicalliancesc.com\/wp-content\/uploads\/2023\/05\/3-Fiesta-106-300x200.jpg 300w, https:\/\/hispanicalliancesc.com\/wp-content\/uploads\/2023\/05\/3-Fiesta-106-768x512.jpg 768w, https:\/\/hispanicalliancesc.com\/wp-content\/uploads\/2023\/05\/3-Fiesta-106-18x12.jpg 18w\" data-sizes=\"auto\" src=\"data:image\/svg+xml;base64,PHN2ZyB3aWR0aD0iMSIgaGVpZ2h0PSIxIiB4bWxucz0iaHR0cDovL3d3dy53My5vcmcvMjAwMC9zdmciPjwvc3ZnPg==\" style=\"--smush-placeholder-width: 800px; --smush-placeholder-aspect-ratio: 800\/534;\" data-original-sizes=\"(max-width: 800px) 100vw, 800px\" \/>\t\t\t\t\t\t\t\t\t\t\t\t\t\t\t<\/div>\n\t\t\t\t<\/div>\n\t\t\t\t\t<\/div>\n\t\t<\/div>\n\t\t\t\t<div class=\"elementor-column elementor-col-50 elementor-inner-column elementor-element elementor-element-8bcfcfc\" data-id=\"8bcfcfc\" data-element_type=\"column\" data-e-type=\"column\">\n\t\t\t<div class=\"elementor-widget-wrap elementor-element-populated\">\n\t\t\t\t\t\t<div class=\"elementor-element elementor-element-de2bb67 elementor-widget elementor-widget-heading\" data-id=\"de2bb67\" data-element_type=\"widget\" data-e-type=\"widget\" data-widget_type=\"heading.default\">\n\t\t\t\t<div class=\"elementor-widget-container\">\n\t\t\t\t\t<h6 class=\"elementor-heading-title elementor-size-default\">Premio Amigo<\/h6>\t\t\t\t<\/div>\n\t\t\t\t<\/div>\n\t\t\t\t<div class=\"elementor-element elementor-element-f53bdd4 elementor-widget elementor-widget-heading\" data-id=\"f53bdd4\" data-element_type=\"widget\" data-e-type=\"widget\" data-widget_type=\"heading.default\">\n\t\t\t\t<div class=\"elementor-widget-container\">\n\t\t\t\t\t<h5 class=\"elementor-heading-title elementor-size-default\">Mar\u00eda Bel\u00e9n Beltr\u00e1n<\/h5>\t\t\t\t<\/div>\n\t\t\t\t<\/div>\n\t\t\t\t<div class=\"elementor-element elementor-element-48391cc elementor-widget elementor-widget-text-editor\" data-id=\"48391cc\" data-element_type=\"widget\" data-e-type=\"widget\" data-widget_type=\"text-editor.default\">\n\t\t\t\t<div class=\"elementor-widget-container\">\n\t\t\t\t\t\t\t\t\tPor sus contribuciones continuas y su c\u00e1lida y alentadora presencia en toda nuestra comunidad y en tantos eventos de la Alianza Hispana.\t\t\t\t\t\t\t\t<\/div>\n\t\t\t\t<\/div>\n\t\t\t\t\t<\/div>\n\t\t<\/div>\n\t\t\t\t\t<\/div>\n\t\t<\/section>\n\t\t\t\t<section class=\"elementor-section elementor-inner-section elementor-element elementor-element-9e80885 elementor-section-boxed elementor-section-height-default elementor-section-height-default\" data-id=\"9e80885\" data-element_type=\"section\" data-e-type=\"section\" data-settings=\"{&quot;jet_parallax_layout_list&quot;:[]}\">\n\t\t\t\t\t\t<div class=\"elementor-container elementor-column-gap-default\">\n\t\t\t\t\t<div class=\"elementor-column elementor-col-50 elementor-inner-column elementor-element elementor-element-6c8d189\" data-id=\"6c8d189\" data-element_type=\"column\" data-e-type=\"column\">\n\t\t\t<div class=\"elementor-widget-wrap elementor-element-populated\">\n\t\t\t\t\t\t<div class=\"elementor-element elementor-element-5fd70f5 elementor-widget elementor-widget-image\" data-id=\"5fd70f5\" data-element_type=\"widget\" data-e-type=\"widget\" data-widget_type=\"image.default\">\n\t\t\t\t<div class=\"elementor-widget-container\">\n\t\t\t\t\t\t\t\t\t\t\t\t\t\t\t<img decoding=\"async\" width=\"800\" height=\"534\" data-src=\"https:\/\/hispanicalliancesc.com\/wp-content\/uploads\/2023\/05\/7-Fiesta-116.jpg\" class=\"attachment-large size-large wp-image-4546 lazyload\" alt=\"\" data-srcset=\"https:\/\/hispanicalliancesc.com\/wp-content\/uploads\/2023\/05\/7-Fiesta-116.jpg 1024w, https:\/\/hispanicalliancesc.com\/wp-content\/uploads\/2023\/05\/7-Fiesta-116-300x200.jpg 300w, https:\/\/hispanicalliancesc.com\/wp-content\/uploads\/2023\/05\/7-Fiesta-116-768x512.jpg 768w, https:\/\/hispanicalliancesc.com\/wp-content\/uploads\/2023\/05\/7-Fiesta-116-18x12.jpg 18w\" data-sizes=\"auto\" src=\"data:image\/svg+xml;base64,PHN2ZyB3aWR0aD0iMSIgaGVpZ2h0PSIxIiB4bWxucz0iaHR0cDovL3d3dy53My5vcmcvMjAwMC9zdmciPjwvc3ZnPg==\" style=\"--smush-placeholder-width: 800px; --smush-placeholder-aspect-ratio: 800\/534;\" data-original-sizes=\"(max-width: 800px) 100vw, 800px\" \/>\t\t\t\t\t\t\t\t\t\t\t\t\t\t\t<\/div>\n\t\t\t\t<\/div>\n\t\t\t\t\t<\/div>\n\t\t<\/div>\n\t\t\t\t<div class=\"elementor-column elementor-col-50 elementor-inner-column elementor-element elementor-element-4eed28f\" data-id=\"4eed28f\" data-element_type=\"column\" data-e-type=\"column\">\n\t\t\t<div class=\"elementor-widget-wrap elementor-element-populated\">\n\t\t\t\t\t\t<div class=\"elementor-element elementor-element-c02181a elementor-widget elementor-widget-heading\" data-id=\"c02181a\" data-element_type=\"widget\" data-e-type=\"widget\" data-widget_type=\"heading.default\">\n\t\t\t\t<div class=\"elementor-widget-container\">\n\t\t\t\t\t<h6 class=\"elementor-heading-title elementor-size-default\">Estrella naciente<\/h6>\t\t\t\t<\/div>\n\t\t\t\t<\/div>\n\t\t\t\t<div class=\"elementor-element elementor-element-722a15f elementor-widget elementor-widget-heading\" data-id=\"722a15f\" data-element_type=\"widget\" data-e-type=\"widget\" data-widget_type=\"heading.default\">\n\t\t\t\t<div class=\"elementor-widget-container\">\n\t\t\t\t\t<h5 class=\"elementor-heading-title elementor-size-default\">Yenli Gayt\u00e1n<\/h5>\t\t\t\t<\/div>\n\t\t\t\t<\/div>\n\t\t\t\t<div class=\"elementor-element elementor-element-a3584a2 elementor-widget elementor-widget-text-editor\" data-id=\"a3584a2\" data-element_type=\"widget\" data-e-type=\"widget\" data-widget_type=\"text-editor.default\">\n\t\t\t\t<div class=\"elementor-widget-container\">\n\t\t\t\t\t\t\t\t\t<p>Otorgado a una persona joven que sirve incesantemente, Yenli refleja los valores de los fundadores de nuestra organizaci\u00f3n y est\u00e1 creando un futuro mejor para todos nosotros.<\/p>\t\t\t\t\t\t\t\t<\/div>\n\t\t\t\t<\/div>\n\t\t\t\t\t<\/div>\n\t\t<\/div>\n\t\t\t\t\t<\/div>\n\t\t<\/section>\n\t\t\t\t<section class=\"elementor-section elementor-inner-section elementor-element elementor-element-1aaf973 elementor-section-boxed elementor-section-height-default elementor-section-height-default\" data-id=\"1aaf973\" data-element_type=\"section\" data-e-type=\"section\" data-settings=\"{&quot;jet_parallax_layout_list&quot;:[]}\">\n\t\t\t\t\t\t<div class=\"elementor-container elementor-column-gap-default\">\n\t\t\t\t\t<div class=\"elementor-column elementor-col-50 elementor-inner-column elementor-element elementor-element-13bffaf\" data-id=\"13bffaf\" data-element_type=\"column\" data-e-type=\"column\">\n\t\t\t<div class=\"elementor-widget-wrap elementor-element-populated\">\n\t\t\t\t\t\t<div class=\"elementor-element elementor-element-d76c53b elementor-widget elementor-widget-image\" data-id=\"d76c53b\" data-element_type=\"widget\" data-e-type=\"widget\" data-widget_type=\"image.default\">\n\t\t\t\t<div class=\"elementor-widget-container\">\n\t\t\t\t\t\t\t\t\t\t\t\t\t\t\t<img decoding=\"async\" width=\"800\" height=\"534\" data-src=\"https:\/\/hispanicalliancesc.com\/wp-content\/uploads\/2023\/05\/5-Fiesta-115.jpg\" class=\"attachment-large size-large wp-image-4544 lazyload\" alt=\"\" data-srcset=\"https:\/\/hispanicalliancesc.com\/wp-content\/uploads\/2023\/05\/5-Fiesta-115.jpg 1024w, https:\/\/hispanicalliancesc.com\/wp-content\/uploads\/2023\/05\/5-Fiesta-115-300x200.jpg 300w, https:\/\/hispanicalliancesc.com\/wp-content\/uploads\/2023\/05\/5-Fiesta-115-768x512.jpg 768w, https:\/\/hispanicalliancesc.com\/wp-content\/uploads\/2023\/05\/5-Fiesta-115-18x12.jpg 18w\" data-sizes=\"auto\" src=\"data:image\/svg+xml;base64,PHN2ZyB3aWR0aD0iMSIgaGVpZ2h0PSIxIiB4bWxucz0iaHR0cDovL3d3dy53My5vcmcvMjAwMC9zdmciPjwvc3ZnPg==\" style=\"--smush-placeholder-width: 800px; --smush-placeholder-aspect-ratio: 800\/534;\" data-original-sizes=\"(max-width: 800px) 100vw, 800px\" \/>\t\t\t\t\t\t\t\t\t\t\t\t\t\t\t<\/div>\n\t\t\t\t<\/div>\n\t\t\t\t\t<\/div>\n\t\t<\/div>\n\t\t\t\t<div class=\"elementor-column elementor-col-50 elementor-inner-column elementor-element elementor-element-71032f6\" data-id=\"71032f6\" data-element_type=\"column\" data-e-type=\"column\">\n\t\t\t<div class=\"elementor-widget-wrap elementor-element-populated\">\n\t\t\t\t\t\t<div class=\"elementor-element elementor-element-7a41ebb elementor-widget elementor-widget-image\" data-id=\"7a41ebb\" data-element_type=\"widget\" data-e-type=\"widget\" data-widget_type=\"image.default\">\n\t\t\t\t<div class=\"elementor-widget-container\">\n\t\t\t\t\t\t\t\t\t\t\t\t\t\t\t<img decoding=\"async\" width=\"800\" height=\"534\" data-src=\"https:\/\/hispanicalliancesc.com\/wp-content\/uploads\/2023\/05\/4-Fiesta-112.jpg\" class=\"attachment-large size-large wp-image-4543 lazyload\" alt=\"\" data-srcset=\"https:\/\/hispanicalliancesc.com\/wp-content\/uploads\/2023\/05\/4-Fiesta-112.jpg 1024w, https:\/\/hispanicalliancesc.com\/wp-content\/uploads\/2023\/05\/4-Fiesta-112-300x200.jpg 300w, https:\/\/hispanicalliancesc.com\/wp-content\/uploads\/2023\/05\/4-Fiesta-112-768x512.jpg 768w, https:\/\/hispanicalliancesc.com\/wp-content\/uploads\/2023\/05\/4-Fiesta-112-18x12.jpg 18w\" data-sizes=\"auto\" src=\"data:image\/svg+xml;base64,PHN2ZyB3aWR0aD0iMSIgaGVpZ2h0PSIxIiB4bWxucz0iaHR0cDovL3d3dy53My5vcmcvMjAwMC9zdmciPjwvc3ZnPg==\" style=\"--smush-placeholder-width: 800px; --smush-placeholder-aspect-ratio: 800\/534;\" data-original-sizes=\"(max-width: 800px) 100vw, 800px\" \/>\t\t\t\t\t\t\t\t\t\t\t\t\t\t\t<\/div>\n\t\t\t\t<\/div>\n\t\t\t\t\t<\/div>\n\t\t<\/div>\n\t\t\t\t\t<\/div>\n\t\t<\/section>\n\t\t\t\t<section class=\"elementor-section elementor-inner-section elementor-element elementor-element-1d88672 elementor-section-boxed elementor-section-height-default elementor-section-height-default\" data-id=\"1d88672\" data-element_type=\"section\" data-e-type=\"section\" data-settings=\"{&quot;jet_parallax_layout_list&quot;:[]}\">\n\t\t\t\t\t\t<div class=\"elementor-container elementor-column-gap-default\">\n\t\t\t\t\t<div class=\"elementor-column elementor-col-100 elementor-inner-column elementor-element elementor-element-f8ac859\" data-id=\"f8ac859\" data-element_type=\"column\" data-e-type=\"column\">\n\t\t\t<div class=\"elementor-widget-wrap elementor-element-populated\">\n\t\t\t\t\t\t<div class=\"elementor-element elementor-element-a1826be elementor-widget elementor-widget-heading\" data-id=\"a1826be\" data-element_type=\"widget\" data-e-type=\"widget\" data-widget_type=\"heading.default\">\n\t\t\t\t<div class=\"elementor-widget-container\">\n\t\t\t\t\t<h6 class=\"elementor-heading-title elementor-size-default\">Reconocimiento Especial<\/h6>\t\t\t\t<\/div>\n\t\t\t\t<\/div>\n\t\t\t\t<div class=\"elementor-element elementor-element-2a2cd0e elementor-widget elementor-widget-heading\" data-id=\"2a2cd0e\" data-element_type=\"widget\" data-e-type=\"widget\" data-widget_type=\"heading.default\">\n\t\t\t\t<div class=\"elementor-widget-container\">\n\t\t\t\t\t<h5 class=\"elementor-heading-title elementor-size-default\">Virginia Czapla y Phillip Wiler<\/h5>\t\t\t\t<\/div>\n\t\t\t\t<\/div>\n\t\t\t\t<div class=\"elementor-element elementor-element-efc52cc elementor-widget elementor-widget-text-editor\" data-id=\"efc52cc\" data-element_type=\"widget\" data-e-type=\"widget\" data-widget_type=\"text-editor.default\">\n\t\t\t\t<div class=\"elementor-widget-container\">\n\t\t\t\t\t\t\t\t\tLa Alianza Hispana reconoce a estas personas que constantemente van m\u00e1s all\u00e1, asegurando que HA se mantenga conectada con nuestra misi\u00f3n y sirviendo a la comunidad de la mejor manera posible.\t\t\t\t\t\t\t\t<\/div>\n\t\t\t\t<\/div>\n\t\t\t\t\t<\/div>\n\t\t<\/div>\n\t\t\t\t\t<\/div>\n\t\t<\/section>\n\t\t\t\t\t<\/div>\n\t\t<\/div>\n\t\t\t\t\t<\/div>\n\t\t<\/section>\n\t\t\t\t<section class=\"elementor-section elementor-top-section elementor-element elementor-element-f373e5f elementor-section-boxed elementor-section-height-default elementor-section-height-default\" data-id=\"f373e5f\" data-element_type=\"section\" data-e-type=\"section\" data-settings=\"{&quot;jet_parallax_layout_list&quot;:[]}\">\n\t\t\t\t\t\t<div class=\"elementor-container elementor-column-gap-default\">\n\t\t\t\t\t<div class=\"elementor-column elementor-col-100 elementor-top-column elementor-element elementor-element-27fedbb\" data-id=\"27fedbb\" data-element_type=\"column\" data-e-type=\"column\">\n\t\t\t<div class=\"elementor-widget-wrap elementor-element-populated\">\n\t\t\t\t\t\t<section class=\"elementor-section elementor-inner-section elementor-element elementor-element-6366c7a elementor-section-boxed elementor-section-height-default elementor-section-height-default\" data-id=\"6366c7a\" data-element_type=\"section\" data-e-type=\"section\" data-settings=\"{&quot;jet_parallax_layout_list&quot;:[]}\">\n\t\t\t\t\t\t<div class=\"elementor-container elementor-column-gap-default\">\n\t\t\t\t\t<div class=\"elementor-column elementor-col-50 elementor-inner-column elementor-element elementor-element-372af41\" data-id=\"372af41\" data-element_type=\"column\" data-e-type=\"column\">\n\t\t\t<div class=\"elementor-widget-wrap elementor-element-populated\">\n\t\t\t\t\t\t<div class=\"elementor-element elementor-element-bea1bbf elementor-widget elementor-widget-image\" data-id=\"bea1bbf\" data-element_type=\"widget\" data-e-type=\"widget\" data-widget_type=\"image.default\">\n\t\t\t\t<div class=\"elementor-widget-container\">\n\t\t\t\t\t\t\t\t\t\t\t\t\t\t\t<img decoding=\"async\" width=\"800\" height=\"800\" data-src=\"https:\/\/hispanicalliancesc.com\/wp-content\/uploads\/2023\/05\/FiestaDeFutbol-CoverImage-ENGLISH-1024x1024.jpg\" class=\"attachment-large size-large wp-image-4547 lazyload\" alt=\"\" data-srcset=\"https:\/\/hispanicalliancesc.com\/wp-content\/uploads\/2023\/05\/FiestaDeFutbol-CoverImage-ENGLISH-1024x1024.jpg 1024w, https:\/\/hispanicalliancesc.com\/wp-content\/uploads\/2023\/05\/FiestaDeFutbol-CoverImage-ENGLISH-300x300.jpg 300w, https:\/\/hispanicalliancesc.com\/wp-content\/uploads\/2023\/05\/FiestaDeFutbol-CoverImage-ENGLISH-150x150.jpg 150w, https:\/\/hispanicalliancesc.com\/wp-content\/uploads\/2023\/05\/FiestaDeFutbol-CoverImage-ENGLISH-768x768.jpg 768w, https:\/\/hispanicalliancesc.com\/wp-content\/uploads\/2023\/05\/FiestaDeFutbol-CoverImage-ENGLISH-1536x1536.jpg 1536w, https:\/\/hispanicalliancesc.com\/wp-content\/uploads\/2023\/05\/FiestaDeFutbol-CoverImage-ENGLISH-12x12.jpg 12w, https:\/\/hispanicalliancesc.com\/wp-content\/uploads\/2023\/05\/FiestaDeFutbol-CoverImage-ENGLISH-700x700.jpg 700w, https:\/\/hispanicalliancesc.com\/wp-content\/uploads\/2023\/05\/FiestaDeFutbol-CoverImage-ENGLISH.jpg 1920w\" data-sizes=\"auto\" src=\"data:image\/svg+xml;base64,PHN2ZyB3aWR0aD0iMSIgaGVpZ2h0PSIxIiB4bWxucz0iaHR0cDovL3d3dy53My5vcmcvMjAwMC9zdmciPjwvc3ZnPg==\" style=\"--smush-placeholder-width: 800px; --smush-placeholder-aspect-ratio: 800\/800;\" data-original-sizes=\"(max-width: 800px) 100vw, 800px\" \/>\t\t\t\t\t\t\t\t\t\t\t\t\t\t\t<\/div>\n\t\t\t\t<\/div>\n\t\t\t\t\t<\/div>\n\t\t<\/div>\n\t\t\t\t<div class=\"elementor-column elementor-col-50 elementor-inner-column elementor-element elementor-element-48c95ce\" data-id=\"48c95ce\" data-element_type=\"column\" data-e-type=\"column\">\n\t\t\t<div class=\"elementor-widget-wrap elementor-element-populated\">\n\t\t\t\t\t\t<div class=\"elementor-element elementor-element-dcefbf1 elementor-widget elementor-widget-image\" data-id=\"dcefbf1\" data-element_type=\"widget\" data-e-type=\"widget\" data-widget_type=\"image.default\">\n\t\t\t\t<div class=\"elementor-widget-container\">\n\t\t\t\t\t\t\t\t\t\t\t\t\t\t\t<img decoding=\"async\" width=\"800\" height=\"800\" data-src=\"https:\/\/hispanicalliancesc.com\/wp-content\/uploads\/2023\/05\/FiestaDeFutbol-CoverImage-SPANISH-1024x1024.jpg\" class=\"attachment-large size-large wp-image-4548 lazyload\" alt=\"\" data-srcset=\"https:\/\/hispanicalliancesc.com\/wp-content\/uploads\/2023\/05\/FiestaDeFutbol-CoverImage-SPANISH-1024x1024.jpg 1024w, https:\/\/hispanicalliancesc.com\/wp-content\/uploads\/2023\/05\/FiestaDeFutbol-CoverImage-SPANISH-300x300.jpg 300w, https:\/\/hispanicalliancesc.com\/wp-content\/uploads\/2023\/05\/FiestaDeFutbol-CoverImage-SPANISH-150x150.jpg 150w, https:\/\/hispanicalliancesc.com\/wp-content\/uploads\/2023\/05\/FiestaDeFutbol-CoverImage-SPANISH-768x768.jpg 768w, https:\/\/hispanicalliancesc.com\/wp-content\/uploads\/2023\/05\/FiestaDeFutbol-CoverImage-SPANISH-1536x1536.jpg 1536w, https:\/\/hispanicalliancesc.com\/wp-content\/uploads\/2023\/05\/FiestaDeFutbol-CoverImage-SPANISH-12x12.jpg 12w, https:\/\/hispanicalliancesc.com\/wp-content\/uploads\/2023\/05\/FiestaDeFutbol-CoverImage-SPANISH-700x700.jpg 700w, https:\/\/hispanicalliancesc.com\/wp-content\/uploads\/2023\/05\/FiestaDeFutbol-CoverImage-SPANISH.jpg 1920w\" data-sizes=\"auto\" src=\"data:image\/svg+xml;base64,PHN2ZyB3aWR0aD0iMSIgaGVpZ2h0PSIxIiB4bWxucz0iaHR0cDovL3d3dy53My5vcmcvMjAwMC9zdmciPjwvc3ZnPg==\" style=\"--smush-placeholder-width: 800px; --smush-placeholder-aspect-ratio: 800\/800;\" data-original-sizes=\"(max-width: 800px) 100vw, 800px\" \/>\t\t\t\t\t\t\t\t\t\t\t\t\t\t\t<\/div>\n\t\t\t\t<\/div>\n\t\t\t\t\t<\/div>\n\t\t<\/div>\n\t\t\t\t\t<\/div>\n\t\t<\/section>\n\t\t\t\t<div class=\"elementor-element elementor-element-51ba239 elementor-widget elementor-widget-heading\" data-id=\"51ba239\" data-element_type=\"widget\" data-e-type=\"widget\" data-widget_type=\"heading.default\">\n\t\t\t\t<div class=\"elementor-widget-container\">\n\t\t\t\t\t<h3 class=\"elementor-heading-title elementor-size-default\">\u00a1Empieza el verano con Greenville Triumph!<\/h3>\t\t\t\t<\/div>\n\t\t\t\t<\/div>\n\t\t\t\t<div class=\"elementor-element elementor-element-8cb824c elementor-widget elementor-widget-text-editor\" data-id=\"8cb824c\" data-element_type=\"widget\" data-e-type=\"widget\" data-widget_type=\"text-editor.default\">\n\t\t\t\t<div class=\"elementor-widget-container\">\n\t\t\t\t\t\t\t\t\t<p>\u00a1Marque sus calendarios para FIESTA DE FUTBOL con Greenville Triumph el 3 de junio! Comienza el verano apoyando a nuestro club de f\u00fatbol mientras celebras nuestra cultura en el Paladin Stadium. Las entradas ya est\u00e1n disponibles y puedes usar el c\u00f3digo <strong>ALIANZA<\/strong> conseguir un descuento.<\/p>\t\t\t\t\t\t\t\t<\/div>\n\t\t\t\t<\/div>\n\t\t\t\t<div class=\"elementor-element elementor-element-9a022df elementor-widget elementor-widget-heading\" data-id=\"9a022df\" data-element_type=\"widget\" data-e-type=\"widget\" data-widget_type=\"heading.default\">\n\t\t\t\t<div class=\"elementor-widget-container\">\n\t\t\t\t\t<h3 class=\"elementor-heading-title elementor-size-default\">Pasos para pedir entradas:<\/h3>\t\t\t\t<\/div>\n\t\t\t\t<\/div>\n\t\t\t\t<div class=\"elementor-element elementor-element-bd8fdbf elementor-widget elementor-widget-text-editor\" data-id=\"bd8fdbf\" data-element_type=\"widget\" data-e-type=\"widget\" data-widget_type=\"text-editor.default\">\n\t\t\t\t<div class=\"elementor-widget-container\">\n\t\t\t\t\t\t\t\t\t<ol><li>Una vez en el sitio web, ingrese el c\u00f3digo ALIANZA y haga clic en &quot;enviar&quot;<\/li><li>Ver\u00e1 todos los pr\u00f3ximos juegos y despl\u00e1cese hacia abajo para encontrar el juego el 3 de junio.<\/li><li>Puede comprar boletos para $21 y pasar el rato en el \u00e1rea de Hispanic Alliance Sideline o comprar boletos para $14 para obtener el mejor disponible.<\/li><\/ol>\t\t\t\t\t\t\t\t<\/div>\n\t\t\t\t<\/div>\n\t\t\t\t<div class=\"elementor-element elementor-element-4b9a085 elementor-widget elementor-widget-heading\" data-id=\"4b9a085\" data-element_type=\"widget\" data-e-type=\"widget\" data-widget_type=\"heading.default\">\n\t\t\t\t<div class=\"elementor-widget-container\">\n\t\t\t\t\t<h5 class=\"elementor-heading-title elementor-size-default\">\u00a1No olvide que tambi\u00e9n puede ingresar a la tienda (22 S Main St, Greenville, SC 29601) para comprar sus boletos!<\/h5>\t\t\t\t<\/div>\n\t\t\t\t<\/div>\n\t\t\t\t<div class=\"elementor-element elementor-element-6a80e23 elementor-align-left elementor-widget elementor-widget-button\" data-id=\"6a80e23\" data-element_type=\"widget\" data-e-type=\"widget\" data-widget_type=\"button.default\">\n\t\t\t\t<div class=\"elementor-widget-container\">\n\t\t\t\t\t\t\t\t\t<div class=\"elementor-button-wrapper\">\n\t\t\t\t\t<a class=\"elementor-button elementor-button-link elementor-size-sm\" href=\"https:\/\/www.ticketreturn.com\/prod2new\/BuyNew.asp?EventID=334991\" target=\"_blank\" rel=\"nofollow\">\n\t\t\t\t\t\t<span class=\"elementor-button-content-wrapper\">\n\t\t\t\t\t\t\t\t\t<span class=\"elementor-button-text\">Comprar boletos<\/span>\n\t\t\t\t\t<\/span>\n\t\t\t\t\t<\/a>\n\t\t\t\t<\/div>\n\t\t\t\t\t\t\t\t<\/div>\n\t\t\t\t<\/div>\n\t\t\t\t\t<\/div>\n\t\t<\/div>\n\t\t\t\t\t<\/div>\n\t\t<\/section>\n\t\t\t\t<section class=\"elementor-section elementor-top-section elementor-element elementor-element-cd9caf2 elementor-section-boxed elementor-section-height-default elementor-section-height-default\" data-id=\"cd9caf2\" data-element_type=\"section\" data-e-type=\"section\" data-settings=\"{&quot;jet_parallax_layout_list&quot;:[]}\">\n\t\t\t\t\t\t<div class=\"elementor-container elementor-column-gap-default\">\n\t\t\t\t\t<div class=\"elementor-column elementor-col-100 elementor-top-column elementor-element elementor-element-d112e7c\" data-id=\"d112e7c\" data-element_type=\"column\" data-e-type=\"column\">\n\t\t\t<div class=\"elementor-widget-wrap elementor-element-populated\">\n\t\t\t\t\t\t<div class=\"elementor-element elementor-element-8502b13 elementor-widget elementor-widget-image\" data-id=\"8502b13\" data-element_type=\"widget\" data-e-type=\"widget\" data-widget_type=\"image.default\">\n\t\t\t\t<div class=\"elementor-widget-container\">\n\t\t\t\t\t\t\t\t\t\t\t\t\t\t\t<img decoding=\"async\" width=\"1000\" height=\"300\" data-src=\"https:\/\/hispanicalliancesc.com\/wp-content\/uploads\/2023\/05\/Newsletter-Section-Banners-_-2022-_11_.jpg\" class=\"attachment-full size-full wp-image-4549 lazyload\" alt=\"\" data-srcset=\"https:\/\/hispanicalliancesc.com\/wp-content\/uploads\/2023\/05\/Newsletter-Section-Banners-_-2022-_11_.jpg 1000w, https:\/\/hispanicalliancesc.com\/wp-content\/uploads\/2023\/05\/Newsletter-Section-Banners-_-2022-_11_-300x90.jpg 300w, https:\/\/hispanicalliancesc.com\/wp-content\/uploads\/2023\/05\/Newsletter-Section-Banners-_-2022-_11_-768x230.jpg 768w, https:\/\/hispanicalliancesc.com\/wp-content\/uploads\/2023\/05\/Newsletter-Section-Banners-_-2022-_11_-18x5.jpg 18w\" data-sizes=\"auto\" src=\"data:image\/svg+xml;base64,PHN2ZyB3aWR0aD0iMSIgaGVpZ2h0PSIxIiB4bWxucz0iaHR0cDovL3d3dy53My5vcmcvMjAwMC9zdmciPjwvc3ZnPg==\" style=\"--smush-placeholder-width: 1000px; --smush-placeholder-aspect-ratio: 1000\/300;\" data-original-sizes=\"(max-width: 1000px) 100vw, 1000px\" \/>\t\t\t\t\t\t\t\t\t\t\t\t\t\t\t<\/div>\n\t\t\t\t<\/div>\n\t\t\t\t<div class=\"elementor-element elementor-element-4b55403 elementor-widget elementor-widget-heading\" data-id=\"4b55403\" data-element_type=\"widget\" data-e-type=\"widget\" data-widget_type=\"heading.default\">\n\t\t\t\t<div class=\"elementor-widget-container\">\n\t\t\t\t\t<h3 class=\"elementor-heading-title elementor-size-default\">\u00a1Ya est\u00e1 abierta la inscripci\u00f3n para el campamento de verano en Neighborhood Focus!<\/h3>\t\t\t\t<\/div>\n\t\t\t\t<\/div>\n\t\t\t\t<div class=\"elementor-element elementor-element-e6c9385 elementor-widget elementor-widget-text-editor\" data-id=\"e6c9385\" data-element_type=\"widget\" data-e-type=\"widget\" data-widget_type=\"text-editor.default\">\n\t\t\t\t<div class=\"elementor-widget-container\">\n\t\t\t\t\t\t\t\t\t<p>No es demasiado tarde para inscribir a sus hijos en un campamento de verano. Neighborhood Focus se est\u00e1 inscribiendo actualmente para su campamento de verano. Este campamento est\u00e1 abierto para estudiantes en los grados 2 a 8 con 2 sesiones diferentes para elegir. Este grupo de enfoque se enfoca en el estudio de la Biblia, lecturas de verano, artes y manualidades, STEAM y excursiones. Para registrarse por favor visite <a href=\"https:\/\/bit.ly\/42tQFoo\">https:\/\/bit.ly\/42tQFoo<\/a>. Para obtener m\u00e1s informaci\u00f3n e inscribirse, comun\u00edquese con Nancy Quintanilla a nquintanilla@neighborhoodfocus.org o al 864-451-4684.<\/p>\t\t\t\t\t\t\t\t<\/div>\n\t\t\t\t<\/div>\n\t\t\t\t<div class=\"elementor-element elementor-element-5a35356 elementor-align-left elementor-widget elementor-widget-button\" data-id=\"5a35356\" data-element_type=\"widget\" data-e-type=\"widget\" data-widget_type=\"button.default\">\n\t\t\t\t<div class=\"elementor-widget-container\">\n\t\t\t\t\t\t\t\t\t<div class=\"elementor-button-wrapper\">\n\t\t\t\t\t<a class=\"elementor-button elementor-button-link elementor-size-sm\" href=\"https:\/\/files.constantcontact.com\/fceb2faa701\/ac78658e-562e-421b-9401-c8ebfabce1e6.pdf?rdr=true\" target=\"_blank\" rel=\"nofollow\">\n\t\t\t\t\t\t<span class=\"elementor-button-content-wrapper\">\n\t\t\t\t\t\t\t\t\t<span class=\"elementor-button-text\">Descargar folleto biling\u00fce<\/span>\n\t\t\t\t\t<\/span>\n\t\t\t\t\t<\/a>\n\t\t\t\t<\/div>\n\t\t\t\t\t\t\t\t<\/div>\n\t\t\t\t<\/div>\n\t\t\t\t\t<\/div>\n\t\t<\/div>\n\t\t\t\t\t<\/div>\n\t\t<\/section>\n\t\t\t\t<section class=\"elementor-section elementor-top-section elementor-element elementor-element-153a1c0 elementor-section-boxed elementor-section-height-default elementor-section-height-default\" data-id=\"153a1c0\" data-element_type=\"section\" data-e-type=\"section\" data-settings=\"{&quot;jet_parallax_layout_list&quot;:[]}\">\n\t\t\t\t\t\t<div class=\"elementor-container elementor-column-gap-default\">\n\t\t\t\t\t<div class=\"elementor-column elementor-col-100 elementor-top-column elementor-element elementor-element-b74e4fc\" data-id=\"b74e4fc\" data-element_type=\"column\" data-e-type=\"column\">\n\t\t\t<div class=\"elementor-widget-wrap elementor-element-populated\">\n\t\t\t\t\t\t<div class=\"elementor-element elementor-element-016cc16 elementor-widget elementor-widget-spacer\" data-id=\"016cc16\" data-element_type=\"widget\" data-e-type=\"widget\" data-widget_type=\"spacer.default\">\n\t\t\t\t<div class=\"elementor-widget-container\">\n\t\t\t\t\t\t\t<div class=\"elementor-spacer\">\n\t\t\t<div class=\"elementor-spacer-inner\"><\/div>\n\t\t<\/div>\n\t\t\t\t\t\t<\/div>\n\t\t\t\t<\/div>\n\t\t\t\t<section class=\"elementor-section elementor-inner-section elementor-element elementor-element-97995e6 elementor-section-boxed elementor-section-height-default elementor-section-height-default\" data-id=\"97995e6\" data-element_type=\"section\" data-e-type=\"section\" data-settings=\"{&quot;background_background&quot;:&quot;classic&quot;,&quot;jet_parallax_layout_list&quot;:[]}\">\n\t\t\t\t\t\t<div class=\"elementor-container elementor-column-gap-default\">\n\t\t\t\t\t<div class=\"elementor-column elementor-col-100 elementor-inner-column elementor-element elementor-element-afd8db1\" data-id=\"afd8db1\" data-element_type=\"column\" data-e-type=\"column\">\n\t\t\t<div class=\"elementor-widget-wrap elementor-element-populated\">\n\t\t\t\t\t\t<div class=\"elementor-element elementor-element-cd6b5be elementor-widget elementor-widget-heading\" data-id=\"cd6b5be\" data-element_type=\"widget\" data-e-type=\"widget\" data-widget_type=\"heading.default\">\n\t\t\t\t<div class=\"elementor-widget-container\">\n\t\t\t\t\t<h3 class=\"elementor-heading-title elementor-size-default\">RED HA<\/h3>\t\t\t\t<\/div>\n\t\t\t\t<\/div>\n\t\t\t\t\t<\/div>\n\t\t<\/div>\n\t\t\t\t\t<\/div>\n\t\t<\/section>\n\t\t\t\t<section class=\"elementor-section elementor-inner-section elementor-element elementor-element-f931253 elementor-section-boxed elementor-section-height-default elementor-section-height-default\" data-id=\"f931253\" data-element_type=\"section\" data-e-type=\"section\" data-settings=\"{&quot;jet_parallax_layout_list&quot;:[]}\">\n\t\t\t\t\t\t<div class=\"elementor-container elementor-column-gap-default\">\n\t\t\t\t\t<div class=\"elementor-column elementor-col-100 elementor-inner-column elementor-element elementor-element-db5ea5d\" data-id=\"db5ea5d\" data-element_type=\"column\" data-e-type=\"column\">\n\t\t\t<div class=\"elementor-widget-wrap elementor-element-populated\">\n\t\t\t\t\t\t<div class=\"elementor-element elementor-element-550d2ae elementor-widget elementor-widget-heading\" data-id=\"550d2ae\" data-element_type=\"widget\" data-e-type=\"widget\" data-widget_type=\"heading.default\">\n\t\t\t\t<div class=\"elementor-widget-container\">\n\t\t\t\t\t<h5 class=\"elementor-heading-title elementor-size-default\">Resumen de la reuni\u00f3n de la red de mayo<\/h5>\t\t\t\t<\/div>\n\t\t\t\t<\/div>\n\t\t\t\t<div class=\"elementor-element elementor-element-a085945 elementor-widget elementor-widget-text-editor\" data-id=\"a085945\" data-element_type=\"widget\" data-e-type=\"widget\" data-widget_type=\"text-editor.default\">\n\t\t\t\t<div class=\"elementor-widget-container\">\n\t\t\t\t\t\t\t\t\tSi no pudo acompa\u00f1arnos la semana pasada en nuestra reuni\u00f3n de la Red, \u00a1no se preocupe! Puede encontrar a continuaci\u00f3n las actas de la reuni\u00f3n e informaci\u00f3n detallada sobre los pr\u00f3ximos eventos y recursos.\t\t\t\t\t\t\t\t<\/div>\n\t\t\t\t<\/div>\n\t\t\t\t<div class=\"elementor-element elementor-element-d11f064 elementor-widget elementor-widget-heading\" data-id=\"d11f064\" data-element_type=\"widget\" data-e-type=\"widget\" data-widget_type=\"heading.default\">\n\t\t\t\t<div class=\"elementor-widget-container\">\n\t\t\t\t\t<h5 class=\"elementor-heading-title elementor-size-default\"><a href=\"https:\/\/drive.google.com\/drive\/u\/0\/folders\/17fyk-Brg7GyZXmBg3DW3oBSuIZYhJYY-\" target=\"_blank\" rel=\"nofollow\">Ver resumen de la reuni\u00f3n de la red de mayo<\/a><\/h5>\t\t\t\t<\/div>\n\t\t\t\t<\/div>\n\t\t\t\t<div class=\"elementor-element elementor-element-f210ef0 elementor-widget-divider--view-line elementor-widget elementor-widget-divider\" data-id=\"f210ef0\" data-element_type=\"widget\" data-e-type=\"widget\" data-widget_type=\"divider.default\">\n\t\t\t\t<div class=\"elementor-widget-container\">\n\t\t\t\t\t\t\t<div class=\"elementor-divider\">\n\t\t\t<span class=\"elementor-divider-separator\">\n\t\t\t\t\t\t<\/span>\n\t\t<\/div>\n\t\t\t\t\t\t<\/div>\n\t\t\t\t<\/div>\n\t\t\t\t<div class=\"elementor-element elementor-element-c948df5 elementor-widget elementor-widget-heading\" data-id=\"c948df5\" data-element_type=\"widget\" data-e-type=\"widget\" data-widget_type=\"heading.default\">\n\t\t\t\t<div class=\"elementor-widget-container\">\n\t\t\t\t\t<h5 class=\"elementor-heading-title elementor-size-default\">Presentador destacado | Comidas a domicilio<\/h5>\t\t\t\t<\/div>\n\t\t\t\t<\/div>\n\t\t\t\t<div class=\"elementor-element elementor-element-55fb2d4 elementor-widget elementor-widget-text-editor\" data-id=\"55fb2d4\" data-element_type=\"widget\" data-e-type=\"widget\" data-widget_type=\"text-editor.default\">\n\t\t\t\t<div class=\"elementor-widget-container\">\n\t\t\t\t\t\t\t\t\t<p>Nuestro presentador destacado fue Meals On Wheels, que atiende a personas confinadas en sus hogares que tienen problemas f\u00edsicos o mentales hasta el punto en que la preparaci\u00f3n de comidas es casi imposible o potencialmente peligrosa. Puede referir a un cliente si conoce a alguien que pueda beneficiarse de sus servicios.\u00a0<a href=\"https:\/\/mealsonwheelsgreenville.org\/refer-a-client\/\" target=\"_blank\" rel=\"noopener\">haga clic aqu\u00ed<\/a>\u00a0para conocer los requisitos y c\u00f3mo referir a un miembro de la comunidad.<\/p>\t\t\t\t\t\t\t\t<\/div>\n\t\t\t\t<\/div>\n\t\t\t\t<div class=\"elementor-element elementor-element-b755d4a elementor-widget elementor-widget-heading\" data-id=\"b755d4a\" data-element_type=\"widget\" data-e-type=\"widget\" data-widget_type=\"heading.default\">\n\t\t\t\t<div class=\"elementor-widget-container\">\n\t\t\t\t\t<h5 class=\"elementor-heading-title elementor-size-default\">Convi\u00e9rtete en voluntario con Meals on Wheels<\/h5>\t\t\t\t<\/div>\n\t\t\t\t<\/div>\n\t\t\t\t<div class=\"elementor-element elementor-element-df80579 elementor-widget elementor-widget-text-editor\" data-id=\"df80579\" data-element_type=\"widget\" data-e-type=\"widget\" data-widget_type=\"text-editor.default\">\n\t\t\t\t<div class=\"elementor-widget-container\">\n\t\t\t\t\t\t\t\t\t<p>Se necesitan m\u00e1s de 130 voluntarios para preparar y entregar casi 1500 comidas todos los d\u00edas. Puede marcar la diferencia convirti\u00e9ndose en voluntario y preparando y entregando comidas. Haga clic aqu\u00ed para obtener m\u00e1s informaci\u00f3n sobre las oportunidades de voluntariado.\u00a0<a href=\"https:\/\/mealsonwheelsgreenville.org\/volunteer\/\" target=\"_blank\" rel=\"noopener\">Haga clic aqu\u00ed para tomar acci\u00f3n hoy.<\/a><\/p><p>\u00a0<strong>Meals on Wheels tiene personal biling\u00fce disponible listo para ayudarlo.<\/strong><\/p>\t\t\t\t\t\t\t\t<\/div>\n\t\t\t\t<\/div>\n\t\t\t\t\t<\/div>\n\t\t<\/div>\n\t\t\t\t\t<\/div>\n\t\t<\/section>\n\t\t\t\t\t<\/div>\n\t\t<\/div>\n\t\t\t\t\t<\/div>\n\t\t<\/section>\n\t\t\t\t<section class=\"elementor-section elementor-top-section elementor-element elementor-element-d26eff2 elementor-section-boxed elementor-section-height-default elementor-section-height-default\" data-id=\"d26eff2\" data-element_type=\"section\" data-e-type=\"section\" data-settings=\"{&quot;jet_parallax_layout_list&quot;:[]}\">\n\t\t\t\t\t\t<div class=\"elementor-container elementor-column-gap-default\">\n\t\t\t\t\t<div class=\"elementor-column elementor-col-100 elementor-top-column elementor-element elementor-element-a88ff3d\" data-id=\"a88ff3d\" data-element_type=\"column\" data-e-type=\"column\">\n\t\t\t<div class=\"elementor-widget-wrap elementor-element-populated\">\n\t\t\t\t\t\t<section class=\"elementor-section elementor-inner-section elementor-element elementor-element-54614e5 elementor-section-boxed elementor-section-height-default elementor-section-height-default\" data-id=\"54614e5\" data-element_type=\"section\" data-e-type=\"section\" data-settings=\"{&quot;background_background&quot;:&quot;classic&quot;,&quot;jet_parallax_layout_list&quot;:[]}\">\n\t\t\t\t\t\t<div class=\"elementor-container elementor-column-gap-default\">\n\t\t\t\t\t<div class=\"elementor-column elementor-col-100 elementor-inner-column elementor-element elementor-element-a8f8dca\" data-id=\"a8f8dca\" data-element_type=\"column\" data-e-type=\"column\">\n\t\t\t<div class=\"elementor-widget-wrap elementor-element-populated\">\n\t\t\t\t\t\t<div class=\"elementor-element elementor-element-5dbc334 elementor-widget elementor-widget-heading\" data-id=\"5dbc334\" data-element_type=\"widget\" data-e-type=\"widget\" data-widget_type=\"heading.default\">\n\t\t\t\t<div class=\"elementor-widget-container\">\n\t\t\t\t\t<h3 class=\"elementor-heading-title elementor-size-default\">Educaci\u00f3n<\/h3>\t\t\t\t<\/div>\n\t\t\t\t<\/div>\n\t\t\t\t\t<\/div>\n\t\t<\/div>\n\t\t\t\t\t<\/div>\n\t\t<\/section>\n\t\t\t\t<section class=\"elementor-section elementor-inner-section elementor-element elementor-element-cfe5447 elementor-section-boxed elementor-section-height-default elementor-section-height-default\" data-id=\"cfe5447\" data-element_type=\"section\" data-e-type=\"section\" data-settings=\"{&quot;jet_parallax_layout_list&quot;:[]}\">\n\t\t\t\t\t\t<div class=\"elementor-container elementor-column-gap-default\">\n\t\t\t\t\t<div class=\"elementor-column elementor-col-100 elementor-inner-column elementor-element elementor-element-b126524\" data-id=\"b126524\" data-element_type=\"column\" data-e-type=\"column\">\n\t\t\t<div class=\"elementor-widget-wrap elementor-element-populated\">\n\t\t\t\t\t\t<div class=\"elementor-element elementor-element-8bde41e elementor-widget elementor-widget-heading\" data-id=\"8bde41e\" data-element_type=\"widget\" data-e-type=\"widget\" data-widget_type=\"heading.default\">\n\t\t\t\t<div class=\"elementor-widget-container\">\n\t\t\t\t\t<h5 class=\"elementor-heading-title elementor-size-default\">El Sistema de Bibliotecas del Condado de Greenville tiene algunos pr\u00f3ximos eventos: \n\n<\/h5>\t\t\t\t<\/div>\n\t\t\t\t<\/div>\n\t\t\t\t<div class=\"elementor-element elementor-element-ff26ae1 elementor-widget elementor-widget-text-editor\" data-id=\"ff26ae1\" data-element_type=\"widget\" data-e-type=\"widget\" data-widget_type=\"text-editor.default\">\n\t\t\t\t<div class=\"elementor-widget-container\">\n\t\t\t\t\t\t\t\t\t<ul><li class=\"indent-1\"><a href=\"https:\/\/www.greenvillelibrary.org\/event\/0f2955d0-e68d-4682-85a5-d91ab87a5632\" target=\"_blank\" rel=\"noopener\">Hora del cuento biling\u00fce<\/a>\u00a0en la biblioteca principal de Hughes, el viernes 19 de mayo, de 5 p. m. a 5:30 p. m. Cuentos biling\u00fces en ingl\u00e9s y espa\u00f1ol para menores de 10 a\u00f1os con un cuidador adulto.\u00a0<\/li><li class=\"indent-1\"><a href=\"https:\/\/www.greenvillelibrary.org\/summer-reading\" target=\"_blank\" rel=\"noopener\">Lectura de verano 2023<\/a>: del 1 de junio al 29 de julio, de 0 a 17 a\u00f1os. \u00a1La inscripci\u00f3n anticipada abre el 17 de mayo! \u00a1Los beb\u00e9s, los ni\u00f1os y los adolescentes pueden participar en el desaf\u00edo de lectura de verano! La lectura de verano es gratuita, est\u00e1 abierta al p\u00fablico y no requiere una tarjeta de biblioteca. Los ni\u00f1os que participan en el programa de lectura de verano de su biblioteca p\u00fablica superan a los que no participan al: tener mejores calificaciones en lectura al final del tercer grado, obtener una puntuaci\u00f3n m\u00e1s alta en las pruebas de evaluaci\u00f3n al comienzo del a\u00f1o escolar y\/o una puntuaci\u00f3n m\u00e1s alta en las pruebas estandarizadas\u00a0<\/li><li class=\"indent-1\">echa un vistazo a un\u00a0<a href=\"https:\/\/www.greenvillelibrary.org\/museum-park-passes\" target=\"_blank\" rel=\"noopener\">Pasaporte del parque<\/a><a href=\"https:\/\/www.greenvillelibrary.org\/museum-park-passes\" target=\"_blank\" rel=\"noopener\">t<\/a>: Consulte un Pasaporte para Parques Estatales de Carolina del Sur para obtener entrada gratuita para los ocupantes de un autom\u00f3vil en cualquiera de los Parques Estatales de Carolina del Sur.<\/li><li class=\"indent-1\">\u00a1Nuevo! Verificar\u00a0<a href=\"https:\/\/www.greenvillelibrary.org\/board-games\" target=\"_blank\" rel=\"noopener\">Juegos de mesa<\/a>! Echa un vistazo a un juego de mesa de la biblioteca para disfrutar con amigos y familiares, disponible en la Biblioteca principal de Hughes.\u00a0<\/li><li class=\"indent-1\">\u00a1Muy pronto!\u00a0<a href=\"https:\/\/www.greenvillelibrary.org\/event-series\/citizen-workshops\" target=\"_blank\" rel=\"noopener\">Talleres Ciudadanos<\/a>\/ Talleres para el test de la Ciudadan\u00eda \u2013 Lun, 17, 24 y 31 de julio, 6p-7p. Prep\u00e1rese para el examen de ciudadan\u00eda de los EE. UU. utilizando los servicios de ciudadan\u00eda e inmigraci\u00f3n de los EE. UU. y los recursos de la biblioteca en l\u00ednea. Se requiere registro.<\/li><\/ul>\t\t\t\t\t\t\t\t<\/div>\n\t\t\t\t<\/div>\n\t\t\t\t<div class=\"elementor-element elementor-element-75c2cce elementor-widget-divider--view-line elementor-widget elementor-widget-divider\" data-id=\"75c2cce\" data-element_type=\"widget\" data-e-type=\"widget\" data-widget_type=\"divider.default\">\n\t\t\t\t<div class=\"elementor-widget-container\">\n\t\t\t\t\t\t\t<div class=\"elementor-divider\">\n\t\t\t<span class=\"elementor-divider-separator\">\n\t\t\t\t\t\t<\/span>\n\t\t<\/div>\n\t\t\t\t\t\t<\/div>\n\t\t\t\t<\/div>\n\t\t\t\t<div class=\"elementor-element elementor-element-e1a2aeb elementor-widget elementor-widget-heading\" data-id=\"e1a2aeb\" data-element_type=\"widget\" data-e-type=\"widget\" data-widget_type=\"heading.default\">\n\t\t\t\t<div class=\"elementor-widget-container\">\n\t\t\t\t\t<h5 class=\"elementor-heading-title elementor-size-default\">Clases de idiomas disponibles<\/h5>\t\t\t\t<\/div>\n\t\t\t\t<\/div>\n\t\t\t\t<div class=\"elementor-element elementor-element-66b8feb elementor-widget elementor-widget-text-editor\" data-id=\"66b8feb\" data-element_type=\"widget\" data-e-type=\"widget\" data-widget_type=\"text-editor.default\">\n\t\t\t\t<div class=\"elementor-widget-container\">\n\t\t\t\t\t\t\t\t\t<p align=\"left\">Las clases de idiomas de verano de Upstate International 2023 ya est\u00e1n abiertas para registrarse a partir de la semana del 22 de mayo. Esta es la oportunidad perfecta para aquellos que quieren aprovechar el verano para trabajar en el crecimiento personal en un ambiente relajado. Las clases de dan\u00e9s, ingl\u00e9s, franc\u00e9s, alem\u00e1n, japon\u00e9s, ruso y espa\u00f1ol estar\u00e1n disponibles para los estudiantes este verano, con costos que van desde $130 a $485 para toda la temporada.\u00a0<\/p>\t\t\t\t\t\t\t\t<\/div>\n\t\t\t\t<\/div>\n\t\t\t\t<div class=\"elementor-element elementor-element-24afaf2 elementor-widget elementor-widget-heading\" data-id=\"24afaf2\" data-element_type=\"widget\" data-e-type=\"widget\" data-widget_type=\"heading.default\">\n\t\t\t\t<div class=\"elementor-widget-container\">\n\t\t\t\t\t<h5 class=\"elementor-heading-title elementor-size-default\"><a href=\"https:\/\/upstateinternational.org\/language-school\/\" target=\"_blank\" rel=\"nofollow\">Pulse aqu\u00ed para registrarse<\/a><\/h5>\t\t\t\t<\/div>\n\t\t\t\t<\/div>\n\t\t\t\t\t<\/div>\n\t\t<\/div>\n\t\t\t\t\t<\/div>\n\t\t<\/section>\n\t\t\t\t<div class=\"elementor-element elementor-element-2df4b7a elementor-widget-divider--view-line elementor-widget elementor-widget-divider\" data-id=\"2df4b7a\" data-element_type=\"widget\" data-e-type=\"widget\" data-widget_type=\"divider.default\">\n\t\t\t\t<div class=\"elementor-widget-container\">\n\t\t\t\t\t\t\t<div class=\"elementor-divider\">\n\t\t\t<span class=\"elementor-divider-separator\">\n\t\t\t\t\t\t<\/span>\n\t\t<\/div>\n\t\t\t\t\t\t<\/div>\n\t\t\t\t<\/div>\n\t\t\t\t\t<\/div>\n\t\t<\/div>\n\t\t\t\t\t<\/div>\n\t\t<\/section>\n\t\t\t\t<section class=\"elementor-section elementor-top-section elementor-element elementor-element-dc94818 elementor-section-boxed elementor-section-height-default elementor-section-height-default\" data-id=\"dc94818\" data-element_type=\"section\" data-e-type=\"section\" data-settings=\"{&quot;jet_parallax_layout_list&quot;:[]}\">\n\t\t\t\t\t\t<div class=\"elementor-container elementor-column-gap-default\">\n\t\t\t\t\t<div class=\"elementor-column elementor-col-100 elementor-top-column elementor-element elementor-element-732b361\" data-id=\"732b361\" data-element_type=\"column\" data-e-type=\"column\">\n\t\t\t<div class=\"elementor-widget-wrap elementor-element-populated\">\n\t\t\t\t\t\t<section class=\"elementor-section elementor-inner-section elementor-element elementor-element-24d3a71 elementor-section-boxed elementor-section-height-default elementor-section-height-default\" data-id=\"24d3a71\" data-element_type=\"section\" data-e-type=\"section\" data-settings=\"{&quot;background_background&quot;:&quot;classic&quot;,&quot;jet_parallax_layout_list&quot;:[]}\">\n\t\t\t\t\t\t<div class=\"elementor-container elementor-column-gap-default\">\n\t\t\t\t\t<div class=\"elementor-column elementor-col-100 elementor-inner-column elementor-element elementor-element-9117578\" data-id=\"9117578\" data-element_type=\"column\" data-e-type=\"column\">\n\t\t\t<div class=\"elementor-widget-wrap elementor-element-populated\">\n\t\t\t\t\t\t<div class=\"elementor-element elementor-element-5eacfdd elementor-widget elementor-widget-heading\" data-id=\"5eacfdd\" data-element_type=\"widget\" data-e-type=\"widget\" data-widget_type=\"heading.default\">\n\t\t\t\t<div class=\"elementor-widget-container\">\n\t\t\t\t\t<h3 class=\"elementor-heading-title elementor-size-default\">Estabilidad financiera y empresarial<\/h3>\t\t\t\t<\/div>\n\t\t\t\t<\/div>\n\t\t\t\t\t<\/div>\n\t\t<\/div>\n\t\t\t\t\t<\/div>\n\t\t<\/section>\n\t\t\t\t<section class=\"elementor-section elementor-inner-section elementor-element elementor-element-8991cc8 elementor-section-boxed elementor-section-height-default elementor-section-height-default\" data-id=\"8991cc8\" data-element_type=\"section\" data-e-type=\"section\" data-settings=\"{&quot;jet_parallax_layout_list&quot;:[]}\">\n\t\t\t\t\t\t<div class=\"elementor-container elementor-column-gap-default\">\n\t\t\t\t\t<div class=\"elementor-column elementor-col-100 elementor-inner-column elementor-element elementor-element-ee038c7\" data-id=\"ee038c7\" data-element_type=\"column\" data-e-type=\"column\">\n\t\t\t<div class=\"elementor-widget-wrap elementor-element-populated\">\n\t\t\t\t\t\t<div class=\"elementor-element elementor-element-7077d62 elementor-widget elementor-widget-heading\" data-id=\"7077d62\" data-element_type=\"widget\" data-e-type=\"widget\" data-widget_type=\"heading.default\">\n\t\t\t\t<div class=\"elementor-widget-container\">\n\t\t\t\t\t<h5 class=\"elementor-heading-title elementor-size-default\">Centro de Desarrollo de Peque\u00f1as Empresas de Carolina del Sur | Encendido\/Acceso a Capital<\/h5>\t\t\t\t<\/div>\n\t\t\t\t<\/div>\n\t\t\t\t<div class=\"elementor-element elementor-element-eed842e elementor-widget elementor-widget-text-editor\" data-id=\"eed842e\" data-element_type=\"widget\" data-e-type=\"widget\" data-widget_type=\"text-editor.default\">\n\t\t\t\t<div class=\"elementor-widget-container\">\n\t\t\t\t\t\t\t\t\t<p>\u00danase a este evento para obtener una comprensi\u00f3n integral de estos aspectos cruciales y mejorar su conocimiento en la financiaci\u00f3n empresarial. Los temas de formaci\u00f3n son contabilidad\/presupuesto, financiaci\u00f3n empresarial, gesti\u00f3n del flujo de caja. \u00a1Este evento estar\u00e1 disponible en ingl\u00e9s y espa\u00f1ol!<\/p>\t\t\t\t\t\t\t\t<\/div>\n\t\t\t\t<\/div>\n\t\t\t\t<div class=\"elementor-element elementor-element-640b89f elementor-widget elementor-widget-heading\" data-id=\"640b89f\" data-element_type=\"widget\" data-e-type=\"widget\" data-widget_type=\"heading.default\">\n\t\t\t\t<div class=\"elementor-widget-container\">\n\t\t\t\t\t<h5 class=\"elementor-heading-title elementor-size-default\"><a href=\"https:\/\/scsbdc.ecenterdirect.com\/events\/315183\" target=\"_blank\" rel=\"nofollow\">Pulse aqu\u00ed para registrarse<\/a><\/h5>\t\t\t\t<\/div>\n\t\t\t\t<\/div>\n\t\t\t\t<div class=\"elementor-element elementor-element-5bea63a elementor-widget-divider--view-line elementor-widget elementor-widget-divider\" data-id=\"5bea63a\" data-element_type=\"widget\" data-e-type=\"widget\" data-widget_type=\"divider.default\">\n\t\t\t\t<div class=\"elementor-widget-container\">\n\t\t\t\t\t\t\t<div class=\"elementor-divider\">\n\t\t\t<span class=\"elementor-divider-separator\">\n\t\t\t\t\t\t<\/span>\n\t\t<\/div>\n\t\t\t\t\t\t<\/div>\n\t\t\t\t<\/div>\n\t\t\t\t\t<\/div>\n\t\t<\/div>\n\t\t\t\t\t<\/div>\n\t\t<\/section>\n\t\t\t\t\t<\/div>\n\t\t<\/div>\n\t\t\t\t\t<\/div>\n\t\t<\/section>\n\t\t\t\t<section class=\"elementor-section elementor-top-section elementor-element elementor-element-7d05072 elementor-section-boxed elementor-section-height-default elementor-section-height-default\" data-id=\"7d05072\" data-element_type=\"section\" data-e-type=\"section\" data-settings=\"{&quot;jet_parallax_layout_list&quot;:[]}\">\n\t\t\t\t\t\t<div class=\"elementor-container elementor-column-gap-default\">\n\t\t\t\t\t<div class=\"elementor-column elementor-col-100 elementor-top-column elementor-element elementor-element-f523077\" data-id=\"f523077\" data-element_type=\"column\" data-e-type=\"column\">\n\t\t\t<div class=\"elementor-widget-wrap elementor-element-populated\">\n\t\t\t\t\t\t<section class=\"elementor-section elementor-inner-section elementor-element elementor-element-c27e049 elementor-section-boxed elementor-section-height-default elementor-section-height-default\" data-id=\"c27e049\" data-element_type=\"section\" data-e-type=\"section\" data-settings=\"{&quot;background_background&quot;:&quot;classic&quot;,&quot;jet_parallax_layout_list&quot;:[]}\">\n\t\t\t\t\t\t<div class=\"elementor-container elementor-column-gap-default\">\n\t\t\t\t\t<div class=\"elementor-column elementor-col-100 elementor-inner-column elementor-element elementor-element-d918fdd\" data-id=\"d918fdd\" data-element_type=\"column\" data-e-type=\"column\">\n\t\t\t<div class=\"elementor-widget-wrap elementor-element-populated\">\n\t\t\t\t\t\t<div class=\"elementor-element elementor-element-a06ffd7 elementor-widget elementor-widget-heading\" data-id=\"a06ffd7\" data-element_type=\"widget\" data-e-type=\"widget\" data-widget_type=\"heading.default\">\n\t\t\t\t<div class=\"elementor-widget-container\">\n\t\t\t\t\t<h3 class=\"elementor-heading-title elementor-size-default\">Salud<\/h3>\t\t\t\t<\/div>\n\t\t\t\t<\/div>\n\t\t\t\t\t<\/div>\n\t\t<\/div>\n\t\t\t\t\t<\/div>\n\t\t<\/section>\n\t\t\t\t<section class=\"elementor-section elementor-inner-section elementor-element elementor-element-9a64a1c elementor-section-boxed elementor-section-height-default elementor-section-height-default\" data-id=\"9a64a1c\" data-element_type=\"section\" data-e-type=\"section\" data-settings=\"{&quot;jet_parallax_layout_list&quot;:[]}\">\n\t\t\t\t\t\t<div class=\"elementor-container elementor-column-gap-default\">\n\t\t\t\t\t<div class=\"elementor-column elementor-col-100 elementor-inner-column elementor-element elementor-element-ac61652\" data-id=\"ac61652\" data-element_type=\"column\" data-e-type=\"column\">\n\t\t\t<div class=\"elementor-widget-wrap elementor-element-populated\">\n\t\t\t\t\t\t<div class=\"elementor-element elementor-element-45a27ae elementor-widget elementor-widget-heading\" data-id=\"45a27ae\" data-element_type=\"widget\" data-e-type=\"widget\" data-widget_type=\"heading.default\">\n\t\t\t\t<div class=\"elementor-widget-container\">\n\t\t\t\t\t<h5 class=\"elementor-heading-title elementor-size-default\">Groom For Health - Feria de Salud Comunitaria<\/h5>\t\t\t\t<\/div>\n\t\t\t\t<\/div>\n\t\t\t\t<div class=\"elementor-element elementor-element-7f1d2b2 elementor-widget elementor-widget-text-editor\" data-id=\"7f1d2b2\" data-element_type=\"widget\" data-e-type=\"widget\" data-widget_type=\"text-editor.default\">\n\t\t\t\t<div class=\"elementor-widget-container\">\n\t\t\t\t\t\t\t\t\tNew Horizon Family Health Services se ha asociado con GroomGod Barbershop e Infinite Possibilities, Inc. para &quot;Groom for Health&quot;, \u00a1una feria comunitaria de salud y bienestar! \u00a1\u00danase a la diversi\u00f3n el s\u00e1bado 10 de junio de 10 am a 2 pm en GroomGod Barbershop en Greenville para este evento GRATUITO! Algunos de los recursos\/servicios incluyen: cortes y servicios de cabello con descuento, informaci\u00f3n de salud sobre una variedad de temas que incluyen diabetes, salud mental, nutrici\u00f3n y m\u00e1s.\t\t\t\t\t\t\t\t<\/div>\n\t\t\t\t<\/div>\n\t\t\t\t<div class=\"elementor-element elementor-element-062dee7 elementor-widget elementor-widget-heading\" data-id=\"062dee7\" data-element_type=\"widget\" data-e-type=\"widget\" data-widget_type=\"heading.default\">\n\t\t\t\t<div class=\"elementor-widget-container\">\n\t\t\t\t\t<h5 class=\"elementor-heading-title elementor-size-default\"><a href=\"https:\/\/allevents.in\/berea\/groom-for-health-community-health-fair\/200024604745923\" target=\"_blank\" rel=\"nofollow\">Pulsa aqu\u00ed para saber m\u00e1s<\/a><\/h5>\t\t\t\t<\/div>\n\t\t\t\t<\/div>\n\t\t\t\t<div class=\"elementor-element elementor-element-a77815b elementor-widget-divider--view-line elementor-widget elementor-widget-divider\" data-id=\"a77815b\" data-element_type=\"widget\" data-e-type=\"widget\" data-widget_type=\"divider.default\">\n\t\t\t\t<div class=\"elementor-widget-container\">\n\t\t\t\t\t\t\t<div class=\"elementor-divider\">\n\t\t\t<span class=\"elementor-divider-separator\">\n\t\t\t\t\t\t<\/span>\n\t\t<\/div>\n\t\t\t\t\t\t<\/div>\n\t\t\t\t<\/div>\n\t\t\t\t\t<\/div>\n\t\t<\/div>\n\t\t\t\t\t<\/div>\n\t\t<\/section>\n\t\t\t\t\t<\/div>\n\t\t<\/div>\n\t\t\t\t\t<\/div>\n\t\t<\/section>\n\t\t\t\t<section class=\"elementor-section elementor-top-section elementor-element elementor-element-cb490d9 elementor-section-boxed elementor-section-height-default elementor-section-height-default\" data-id=\"cb490d9\" data-element_type=\"section\" data-e-type=\"section\" data-settings=\"{&quot;jet_parallax_layout_list&quot;:[]}\">\n\t\t\t\t\t\t<div class=\"elementor-container elementor-column-gap-default\">\n\t\t\t\t\t<div class=\"elementor-column elementor-col-100 elementor-top-column elementor-element elementor-element-ebb3d5c\" data-id=\"ebb3d5c\" data-element_type=\"column\" data-e-type=\"column\">\n\t\t\t<div class=\"elementor-widget-wrap elementor-element-populated\">\n\t\t\t\t\t\t<section class=\"elementor-section elementor-inner-section elementor-element elementor-element-184ec67 elementor-section-boxed elementor-section-height-default elementor-section-height-default\" data-id=\"184ec67\" data-element_type=\"section\" data-e-type=\"section\" data-settings=\"{&quot;background_background&quot;:&quot;classic&quot;,&quot;jet_parallax_layout_list&quot;:[]}\">\n\t\t\t\t\t\t<div class=\"elementor-container elementor-column-gap-default\">\n\t\t\t\t\t<div class=\"elementor-column elementor-col-100 elementor-inner-column elementor-element elementor-element-4479cf6\" data-id=\"4479cf6\" data-element_type=\"column\" data-e-type=\"column\">\n\t\t\t<div class=\"elementor-widget-wrap elementor-element-populated\">\n\t\t\t\t\t\t<div class=\"elementor-element elementor-element-1a41b08 elementor-widget elementor-widget-heading\" data-id=\"1a41b08\" data-element_type=\"widget\" data-e-type=\"widget\" data-widget_type=\"heading.default\">\n\t\t\t\t<div class=\"elementor-widget-container\">\n\t\t\t\t\t<h3 class=\"elementor-heading-title elementor-size-default\">Legal y defensa<\/h3>\t\t\t\t<\/div>\n\t\t\t\t<\/div>\n\t\t\t\t\t<\/div>\n\t\t<\/div>\n\t\t\t\t\t<\/div>\n\t\t<\/section>\n\t\t\t\t<section class=\"elementor-section elementor-inner-section elementor-element elementor-element-5bb72a0 elementor-section-boxed elementor-section-height-default elementor-section-height-default\" data-id=\"5bb72a0\" data-element_type=\"section\" data-e-type=\"section\" data-settings=\"{&quot;jet_parallax_layout_list&quot;:[]}\">\n\t\t\t\t\t\t<div class=\"elementor-container elementor-column-gap-default\">\n\t\t\t\t\t<div class=\"elementor-column elementor-col-100 elementor-inner-column elementor-element elementor-element-2923e8d\" data-id=\"2923e8d\" data-element_type=\"column\" data-e-type=\"column\">\n\t\t\t<div class=\"elementor-widget-wrap elementor-element-populated\">\n\t\t\t\t\t\t<div class=\"elementor-element elementor-element-4637886 elementor-widget elementor-widget-heading\" data-id=\"4637886\" data-element_type=\"widget\" data-e-type=\"widget\" data-widget_type=\"heading.default\">\n\t\t\t\t<div class=\"elementor-widget-container\">\n\t\t\t\t\t<h5 class=\"elementor-heading-title elementor-size-default\">Alerta de pol\u00edtica de USCIS\n\n<\/h5>\t\t\t\t<\/div>\n\t\t\t\t<\/div>\n\t\t\t\t<div class=\"elementor-element elementor-element-b5740fb elementor-widget elementor-widget-text-editor\" data-id=\"b5740fb\" data-element_type=\"widget\" data-e-type=\"widget\" data-widget_type=\"text-editor.default\">\n\t\t\t\t<div class=\"elementor-widget-container\">\n\t\t\t\t\t\t\t\t\t<p>USCIS est\u00e1 eliminando la gu\u00eda relacionada con el examen de educaci\u00f3n c\u00edvica de 2020 Prop\u00f3sito El Servicio de Ciudadan\u00eda e Inmigraci\u00f3n de EE. UU. (USCIS) est\u00e1 actualizando la gu\u00eda de pol\u00edticas en el Manual de pol\u00edticas de USCIS para eliminar las referencias a la versi\u00f3n 2020 del examen de educaci\u00f3n c\u00edvica.<\/p>\t\t\t\t\t\t\t\t<\/div>\n\t\t\t\t<\/div>\n\t\t\t\t<div class=\"elementor-element elementor-element-b634c08 elementor-widget elementor-widget-heading\" data-id=\"b634c08\" data-element_type=\"widget\" data-e-type=\"widget\" data-widget_type=\"heading.default\">\n\t\t\t\t<div class=\"elementor-widget-container\">\n\t\t\t\t\t<h5 class=\"elementor-heading-title elementor-size-default\"><a href=\"https:\/\/www.uscis.gov\/sites\/default\/files\/document\/policy-manual-updates\/20230504-CivicsTest.pdf\" target=\"_blank\" rel=\"nofollow\">Clic aqu\u00ed para saber m\u00e1s<\/a><\/h5>\t\t\t\t<\/div>\n\t\t\t\t<\/div>\n\t\t\t\t<div class=\"elementor-element elementor-element-0cb89c1 elementor-widget-divider--view-line elementor-widget elementor-widget-divider\" data-id=\"0cb89c1\" data-element_type=\"widget\" data-e-type=\"widget\" data-widget_type=\"divider.default\">\n\t\t\t\t<div class=\"elementor-widget-container\">\n\t\t\t\t\t\t\t<div class=\"elementor-divider\">\n\t\t\t<span class=\"elementor-divider-separator\">\n\t\t\t\t\t\t<\/span>\n\t\t<\/div>\n\t\t\t\t\t\t<\/div>\n\t\t\t\t<\/div>\n\t\t\t\t\t<\/div>\n\t\t<\/div>\n\t\t\t\t\t<\/div>\n\t\t<\/section>\n\t\t\t\t<section class=\"elementor-section elementor-inner-section elementor-element elementor-element-00375f2 elementor-section-boxed elementor-section-height-default elementor-section-height-default\" data-id=\"00375f2\" data-element_type=\"section\" data-e-type=\"section\" data-settings=\"{&quot;jet_parallax_layout_list&quot;:[]}\">\n\t\t\t\t\t\t<div class=\"elementor-container elementor-column-gap-default\">\n\t\t\t\t\t<div class=\"elementor-column elementor-col-100 elementor-inner-column elementor-element elementor-element-15cd01a\" data-id=\"15cd01a\" data-element_type=\"column\" data-e-type=\"column\">\n\t\t\t<div class=\"elementor-widget-wrap elementor-element-populated\">\n\t\t\t\t\t\t<div class=\"elementor-element elementor-element-7b0358d elementor-widget elementor-widget-heading\" data-id=\"7b0358d\" data-element_type=\"widget\" data-e-type=\"widget\" data-widget_type=\"heading.default\">\n\t\t\t\t<div class=\"elementor-widget-container\">\n\t\t\t\t\t<h5 class=\"elementor-heading-title elementor-size-default\">Estudiantes de secundaria en la Comisi\u00f3n de la Juventud<\/h5>\t\t\t\t<\/div>\n\t\t\t\t<\/div>\n\t\t\t\t<div class=\"elementor-element elementor-element-e826b70 elementor-widget elementor-widget-text-editor\" data-id=\"e826b70\" data-element_type=\"widget\" data-e-type=\"widget\" data-widget_type=\"text-editor.default\">\n\t\t\t\t<div class=\"elementor-widget-container\">\n\t\t\t\t\t\t\t\t\t<p>Oportunidad para que los estudiantes de secundaria se involucren m\u00e1s en su comunidad: La Comisi\u00f3n de J\u00f3venes de la Ciudad de Greenville est\u00e1 reclutando estudiantes de secundaria para garantizar que tengan voz en la toma de decisiones y la comunicaci\u00f3n entre los adultos y los j\u00f3venes de la ciudad.<\/p>\t\t\t\t\t\t\t\t<\/div>\n\t\t\t\t<\/div>\n\t\t\t\t<div class=\"elementor-element elementor-element-135fbb0 elementor-widget elementor-widget-heading\" data-id=\"135fbb0\" data-element_type=\"widget\" data-e-type=\"widget\" data-widget_type=\"heading.default\">\n\t\t\t\t<div class=\"elementor-widget-container\">\n\t\t\t\t\t<h5 class=\"elementor-heading-title elementor-size-default\"><a href=\"https:\/\/www.greenvillesc.gov\/553\/Youth-Commission\" target=\"_blank\" rel=\"nofollow\">Pulsa aqu\u00ed para saber m\u00e1s<\/a><\/h5>\t\t\t\t<\/div>\n\t\t\t\t<\/div>\n\t\t\t\t<div class=\"elementor-element elementor-element-7534279 elementor-widget elementor-widget-heading\" data-id=\"7534279\" data-element_type=\"widget\" data-e-type=\"widget\" data-widget_type=\"heading.default\">\n\t\t\t\t<div class=\"elementor-widget-container\">\n\t\t\t\t\t<h5 class=\"elementor-heading-title elementor-size-default\"><a href=\"mailto:tpollard@greenvillesc.gov\" target=\"_blank\" rel=\"nofollow\">Contacto Tamika Pollard<\/a><\/h5>\t\t\t\t<\/div>\n\t\t\t\t<\/div>\n\t\t\t\t<div class=\"elementor-element elementor-element-61e6600 elementor-widget-divider--view-line elementor-widget elementor-widget-divider\" data-id=\"61e6600\" data-element_type=\"widget\" data-e-type=\"widget\" data-widget_type=\"divider.default\">\n\t\t\t\t<div class=\"elementor-widget-container\">\n\t\t\t\t\t\t\t<div class=\"elementor-divider\">\n\t\t\t<span class=\"elementor-divider-separator\">\n\t\t\t\t\t\t<\/span>\n\t\t<\/div>\n\t\t\t\t\t\t<\/div>\n\t\t\t\t<\/div>\n\t\t\t\t\t<\/div>\n\t\t<\/div>\n\t\t\t\t\t<\/div>\n\t\t<\/section>\n\t\t\t\t\t<\/div>\n\t\t<\/div>\n\t\t\t\t\t<\/div>\n\t\t<\/section>\n\t\t\t\t<section class=\"elementor-section elementor-top-section elementor-element elementor-element-56584aa elementor-section-boxed elementor-section-height-default elementor-section-height-default\" data-id=\"56584aa\" data-element_type=\"section\" data-e-type=\"section\" data-settings=\"{&quot;jet_parallax_layout_list&quot;:[]}\">\n\t\t\t\t\t\t<div class=\"elementor-container elementor-column-gap-default\">\n\t\t\t\t\t<div class=\"elementor-column elementor-col-100 elementor-top-column elementor-element elementor-element-43baca7\" data-id=\"43baca7\" data-element_type=\"column\" data-e-type=\"column\">\n\t\t\t<div class=\"elementor-widget-wrap elementor-element-populated\">\n\t\t\t\t\t\t<section class=\"elementor-section elementor-inner-section elementor-element elementor-element-5ee7cc9 elementor-section-boxed elementor-section-height-default elementor-section-height-default\" data-id=\"5ee7cc9\" data-element_type=\"section\" data-e-type=\"section\" data-settings=\"{&quot;background_background&quot;:&quot;classic&quot;,&quot;jet_parallax_layout_list&quot;:[]}\">\n\t\t\t\t\t\t<div class=\"elementor-container elementor-column-gap-default\">\n\t\t\t\t\t<div class=\"elementor-column elementor-col-100 elementor-inner-column elementor-element elementor-element-26b0f07\" data-id=\"26b0f07\" data-element_type=\"column\" data-e-type=\"column\">\n\t\t\t<div class=\"elementor-widget-wrap elementor-element-populated\">\n\t\t\t\t\t\t<div class=\"elementor-element elementor-element-212050b elementor-widget elementor-widget-heading\" data-id=\"212050b\" data-element_type=\"widget\" data-e-type=\"widget\" data-widget_type=\"heading.default\">\n\t\t\t\t<div class=\"elementor-widget-container\">\n\t\t\t\t\t<h3 class=\"elementor-heading-title elementor-size-default\">Comunidad<\/h3>\t\t\t\t<\/div>\n\t\t\t\t<\/div>\n\t\t\t\t\t<\/div>\n\t\t<\/div>\n\t\t\t\t\t<\/div>\n\t\t<\/section>\n\t\t\t\t<section class=\"elementor-section elementor-inner-section elementor-element elementor-element-2beb913 elementor-section-boxed elementor-section-height-default elementor-section-height-default\" data-id=\"2beb913\" data-element_type=\"section\" data-e-type=\"section\" data-settings=\"{&quot;jet_parallax_layout_list&quot;:[]}\">\n\t\t\t\t\t\t<div class=\"elementor-container elementor-column-gap-default\">\n\t\t\t\t\t<div class=\"elementor-column elementor-col-100 elementor-inner-column elementor-element elementor-element-cfc8ff3\" data-id=\"cfc8ff3\" data-element_type=\"column\" data-e-type=\"column\">\n\t\t\t<div class=\"elementor-widget-wrap elementor-element-populated\">\n\t\t\t\t\t\t<div class=\"elementor-element elementor-element-197efbf elementor-widget elementor-widget-heading\" data-id=\"197efbf\" data-element_type=\"widget\" data-e-type=\"widget\" data-widget_type=\"heading.default\">\n\t\t\t\t<div class=\"elementor-widget-container\">\n\t\t\t\t\t<h5 class=\"elementor-heading-title elementor-size-default\">\u00a1Salsa is Sunset est\u00e1 a la vuelta de la esquina!<\/h5>\t\t\t\t<\/div>\n\t\t\t\t<\/div>\n\t\t\t\t<div class=\"elementor-element elementor-element-7bd0355 elementor-widget elementor-widget-text-editor\" data-id=\"7bd0355\" data-element_type=\"widget\" data-e-type=\"widget\" data-widget_type=\"text-editor.default\">\n\t\t\t\t<div class=\"elementor-widget-container\">\n\t\t\t\t\t\t\t\t\t<p>Salsa at Sunset es una serie de verano de tres partes que se llevar\u00e1 a cabo el 16 de junio, el 28 de julio y el 25 de agosto de 2023, y celebra la vibrante cultura de la m\u00fasica y la danza latinas en el centro de Greenville. El evento presentar\u00e1 una banda latina en vivo cada noche y ofrecer\u00e1 baile en la esquina de South Main Street y East Broad Street en el nuevo Camperdown Plaza en el AC Marriott Hotel. Este evento familiar y de desarrollo comunitario es gratuito y est\u00e1 abierto al p\u00fablico. upstate International est\u00e1 buscando su ayuda para seguir trayendo la rica cultura latina al coraz\u00f3n de Greenville una vez m\u00e1s. Los paquetes de patrocinio comienzan en solo $250, lo que le brinda la oportunidad de mostrar su apoyo a la comunidad hispana en Carolina del Sur. Con m\u00e1s de 3500 personas bailando con nosotros el a\u00f1o pasado, \u00a1no esperamos menos este a\u00f1o!<\/p>\t\t\t\t\t\t\t\t<\/div>\n\t\t\t\t<\/div>\n\t\t\t\t<div class=\"elementor-element elementor-element-70507e2 elementor-widget elementor-widget-heading\" data-id=\"70507e2\" data-element_type=\"widget\" data-e-type=\"widget\" data-widget_type=\"heading.default\">\n\t\t\t\t<div class=\"elementor-widget-container\">\n\t\t\t\t\t<h5 class=\"elementor-heading-title elementor-size-default\"><a href=\"https:\/\/upstateinternational.org\/\" target=\"_blank\" rel=\"nofollow\">Pulsa aqu\u00ed para saber m\u00e1s<\/a><\/h5>\t\t\t\t<\/div>\n\t\t\t\t<\/div>\n\t\t\t\t<div class=\"elementor-element elementor-element-5ab3f2a elementor-widget elementor-widget-heading\" data-id=\"5ab3f2a\" data-element_type=\"widget\" data-e-type=\"widget\" data-widget_type=\"heading.default\">\n\t\t\t\t<div class=\"elementor-widget-container\">\n\t\t\t\t\t<h5 class=\"elementor-heading-title elementor-size-default\"><a href=\"https:\/\/tinyurl.com\/sas2023sponsorship\" target=\"_blank\" rel=\"nofollow\">Oportunidades de patrocinio<\/a><\/h5>\t\t\t\t<\/div>\n\t\t\t\t<\/div>\n\t\t\t\t<div class=\"elementor-element elementor-element-0944224 elementor-widget-divider--view-line elementor-widget elementor-widget-divider\" data-id=\"0944224\" data-element_type=\"widget\" data-e-type=\"widget\" data-widget_type=\"divider.default\">\n\t\t\t\t<div class=\"elementor-widget-container\">\n\t\t\t\t\t\t\t<div class=\"elementor-divider\">\n\t\t\t<span class=\"elementor-divider-separator\">\n\t\t\t\t\t\t<\/span>\n\t\t<\/div>\n\t\t\t\t\t\t<\/div>\n\t\t\t\t<\/div>\n\t\t\t\t\t<\/div>\n\t\t<\/div>\n\t\t\t\t\t<\/div>\n\t\t<\/section>\n\t\t\t\t\t<\/div>\n\t\t<\/div>\n\t\t\t\t\t<\/div>\n\t\t<\/section>\n\t\t\t\t<\/div>","protected":false},"excerpt":{"rendered":"<p>Gratitud por su impacto colectivo \ud83d\udc4f\ud83d\udc4f Mayo de 2023. \u00a1Ponte al d\u00eda con las \u00faltimas actualizaciones de la red HA!<\/p>","protected":false},"author":1,"featured_media":4538,"comment_status":"closed","ping_status":"closed","sticky":false,"template":"","format":"standard","meta":{"_acf_changed":false,"wds_primary_category":1,"footnotes":""},"categories":[1,35],"tags":[],"class_list":["post-4536","post","type-post","status-publish","format-standard","has-post-thumbnail","hentry","category-all-posts","category-ha-newsletter"],"acf":[],"_links":{"self":[{"href":"https:\/\/hispanicalliancesc.com\/es\/wp-json\/wp\/v2\/posts\/4536","targetHints":{"allow":["GET"]}}],"collection":[{"href":"https:\/\/hispanicalliancesc.com\/es\/wp-json\/wp\/v2\/posts"}],"about":[{"href":"https:\/\/hispanicalliancesc.com\/es\/wp-json\/wp\/v2\/types\/post"}],"author":[{"embeddable":true,"href":"https:\/\/hispanicalliancesc.com\/es\/wp-json\/wp\/v2\/users\/1"}],"replies":[{"embeddable":true,"href":"https:\/\/hispanicalliancesc.com\/es\/wp-json\/wp\/v2\/comments?post=4536"}],"version-history":[{"count":0,"href":"https:\/\/hispanicalliancesc.com\/es\/wp-json\/wp\/v2\/posts\/4536\/revisions"}],"wp:featuredmedia":[{"embeddable":true,"href":"https:\/\/hispanicalliancesc.com\/es\/wp-json\/wp\/v2\/media\/4538"}],"wp:attachment":[{"href":"https:\/\/hispanicalliancesc.com\/es\/wp-json\/wp\/v2\/media?parent=4536"}],"wp:term":[{"taxonomy":"category","embeddable":true,"href":"https:\/\/hispanicalliancesc.com\/es\/wp-json\/wp\/v2\/categories?post=4536"},{"taxonomy":"post_tag","embeddable":true,"href":"https:\/\/hispanicalliancesc.com\/es\/wp-json\/wp\/v2\/tags?post=4536"}],"curies":[{"name":"wp","href":"https:\/\/api.w.org\/{rel}","templated":true}]}}