{"id":1418,"date":"2022-07-30T17:36:00","date_gmt":"2022-07-30T21:36:00","guid":{"rendered":"https:\/\/hasc.mysites.io\/?p=1418"},"modified":"2022-11-23T17:40:37","modified_gmt":"2022-11-23T22:40:37","slug":"2021-a-landmark-year","status":"publish","type":"post","link":"https:\/\/hispanicalliancesc.com\/es\/2021-a-landmark-year\/","title":{"rendered":"2021: Un a\u00f1o hist\u00f3rico"},"content":{"rendered":"<p id=\"viewer-foo\">Despu\u00e9s de un a\u00f1o agotador en 2020 abordando las necesidades cr\u00edticas de nuestra comunidad en torno a la pandemia, la Alianza Hispana, como todos nosotros, esperaba que las cosas volvieran a tener una sensaci\u00f3n de &quot;normalidad&quot;.<\/p>\n\n\n\n<h4 class=\"wp-block-heading\" id=\"viewer-frj4p\">No lo han hecho.<\/h4>\n\n\n\n<p id=\"viewer-85ghb\">Pero, la buena noticia es que tenemos una nueva normalidad, una que incluye elementos de nuestro pasado y que llega a un futuro m\u00e1s amplio.<\/p>\n\n\n\n<h4 class=\"wp-block-heading\" id=\"viewer-fv1c6\">La Alianza Hispana se trata de construir puentes entre la creciente comunidad hispana y la comunidad en general.<\/h4>\n\n\n\n<p id=\"viewer-6gs32\">Nuestro objetivo final es convertirnos en uno: una comunidad unificada que se preocupa por los dem\u00e1s, independientemente de su origen, el vecindario o el pa\u00eds en el que naci\u00f3. Con ese fin, comenzamos 2021 con un esfuerzo de colaboraci\u00f3n con la Ciudad de Greenville y muchos empresas y fundaciones locales para llevar una exhibici\u00f3n de arte p\u00fablico monumental, Wings of the City, a Falls Park y al Peace Center.<\/p>\n\n\n\n<figure class=\"wp-block-image size-large\"><img fetchpriority=\"high\" decoding=\"async\" width=\"1024\" height=\"1024\" src=\"https:\/\/hispanicalliance.org\/wp-content\/uploads\/2022\/11\/22-7.31-Letter1-1024x1024.webp\" alt=\"\" class=\"wp-image-1421\" srcset=\"https:\/\/hispanicalliancesc.com\/wp-content\/uploads\/2022\/11\/22-7.31-Letter1-1024x1024.webp 1024w, https:\/\/hispanicalliancesc.com\/wp-content\/uploads\/2022\/11\/22-7.31-Letter1-300x300.webp 300w, https:\/\/hispanicalliancesc.com\/wp-content\/uploads\/2022\/11\/22-7.31-Letter1-150x150.webp 150w, https:\/\/hispanicalliancesc.com\/wp-content\/uploads\/2022\/11\/22-7.31-Letter1-768x768.webp 768w, https:\/\/hispanicalliancesc.com\/wp-content\/uploads\/2022\/11\/22-7.31-Letter1-12x12.webp 12w, https:\/\/hispanicalliancesc.com\/wp-content\/uploads\/2022\/11\/22-7.31-Letter1.webp 1080w\" sizes=\"(max-width: 1024px) 100vw, 1024px\" \/><\/figure>\n\n\n\n<p id=\"viewer-cupgi\">La instalaci\u00f3n de estas nueve figuras aladas en el coraz\u00f3n de nuestro centro de la ciudad fue dise\u00f1ada para alterar nuestro paisaje durante seis meses e invitarnos a redescubrir nuestro entorno a medida que nos recuperamos de un tiempo de aislamiento, a repensar nuestro espacio compartido y c\u00f3mo volver\u00edamos a entrar en \u00e9l. y volver a buscar la conexi\u00f3n con un nuevo aprecio por el otro.<\/p>\n\n\n\n<h4 class=\"wp-block-heading\" id=\"viewer-1cgad\">Tambi\u00e9n buscamos poner a Greenville en el mapa, una vez m\u00e1s, como un destino de clase mundial al convertirnos en la primera ciudad de la costa este en albergar esta exhibici\u00f3n de arte aclamada internacionalmente.<\/h4>\n\n\n\n<figure class=\"wp-block-image size-large\"><img decoding=\"async\" width=\"1024\" height=\"1024\" data-src=\"https:\/\/hispanicalliance.org\/wp-content\/uploads\/2022\/11\/22-7.31-Letter2-1024x1024.webp\" alt=\"\" class=\"wp-image-1420 lazyload\" data-srcset=\"https:\/\/hispanicalliancesc.com\/wp-content\/uploads\/2022\/11\/22-7.31-Letter2-1024x1024.webp 1024w, https:\/\/hispanicalliancesc.com\/wp-content\/uploads\/2022\/11\/22-7.31-Letter2-300x300.webp 300w, https:\/\/hispanicalliancesc.com\/wp-content\/uploads\/2022\/11\/22-7.31-Letter2-150x150.webp 150w, https:\/\/hispanicalliancesc.com\/wp-content\/uploads\/2022\/11\/22-7.31-Letter2-768x768.webp 768w, https:\/\/hispanicalliancesc.com\/wp-content\/uploads\/2022\/11\/22-7.31-Letter2-12x12.webp 12w, https:\/\/hispanicalliancesc.com\/wp-content\/uploads\/2022\/11\/22-7.31-Letter2.webp 1080w\" data-sizes=\"auto\" src=\"data:image\/svg+xml;base64,PHN2ZyB3aWR0aD0iMSIgaGVpZ2h0PSIxIiB4bWxucz0iaHR0cDovL3d3dy53My5vcmcvMjAwMC9zdmciPjwvc3ZnPg==\" style=\"--smush-placeholder-width: 1024px; --smush-placeholder-aspect-ratio: 1024\/1024;\" data-original-sizes=\"(max-width: 1024px) 100vw, 1024px\" \/><\/figure>\n\n\n\n<h4 class=\"wp-block-heading\" id=\"viewer-d81p5\">El arte p\u00fablico se convirti\u00f3 en el catalizador de un di\u00e1logo inesperado pero profundamente necesario.<\/h4>\n\n\n\n<p id=\"viewer-1cqmg\">Como organizaci\u00f3n que aboga por la inclusi\u00f3n y que se escuchen nuestras voces, debemos abogar por el derecho de cada persona a expresar sus opiniones, \u00a1y escuchamos muchas! El personal, la junta directiva y los voluntarios decidieron participar abiertamente en la controversia resultante, con aut\u00e9ntico respeto, empat\u00eda y compasi\u00f3n.<\/p>\n\n\n\n<h3 class=\"wp-block-heading\">Como resultado, salimos de este intenso a\u00f1o con un renovado sentido de prop\u00f3sito. Rodeado de comunidad. Fortalecido por el amor.<\/h3>\n\n\n\n<p>El abrumador apoyo de nuestra comunidad allan\u00f3 el camino para nuestra recuperaci\u00f3n y tomamos vuelo. Reinventamos nuestros programas, ayudamos a los j\u00f3venes a regresar a la escuela y aumentamos nuestro equipo para expandir nuestro trabajo en todo el estado.<\/p>\n\n\n\n<figure class=\"wp-block-image size-large\"><img decoding=\"async\" width=\"1024\" height=\"1024\" data-src=\"https:\/\/hispanicalliance.org\/wp-content\/uploads\/2022\/11\/22-7.31-Letter3-1024x1024.webp\" alt=\"\" class=\"wp-image-1419 lazyload\" data-srcset=\"https:\/\/hispanicalliancesc.com\/wp-content\/uploads\/2022\/11\/22-7.31-Letter3-1024x1024.webp 1024w, https:\/\/hispanicalliancesc.com\/wp-content\/uploads\/2022\/11\/22-7.31-Letter3-300x300.webp 300w, https:\/\/hispanicalliancesc.com\/wp-content\/uploads\/2022\/11\/22-7.31-Letter3-150x150.webp 150w, https:\/\/hispanicalliancesc.com\/wp-content\/uploads\/2022\/11\/22-7.31-Letter3-768x768.webp 768w, https:\/\/hispanicalliancesc.com\/wp-content\/uploads\/2022\/11\/22-7.31-Letter3-12x12.webp 12w, https:\/\/hispanicalliancesc.com\/wp-content\/uploads\/2022\/11\/22-7.31-Letter3.webp 1480w\" data-sizes=\"auto\" src=\"data:image\/svg+xml;base64,PHN2ZyB3aWR0aD0iMSIgaGVpZ2h0PSIxIiB4bWxucz0iaHR0cDovL3d3dy53My5vcmcvMjAwMC9zdmciPjwvc3ZnPg==\" style=\"--smush-placeholder-width: 1024px; --smush-placeholder-aspect-ratio: 1024\/1024;\" data-original-sizes=\"(max-width: 1024px) 100vw, 1024px\" \/><\/figure>\n\n\n\n<h3 class=\"wp-block-heading\">Ya no estamos esperando a volver a la normalidad. Creamos nuestra nueva normalidad, una en la que nosotros y nuestra comunidad podamos alcanzar nuevas alturas.<\/h3>\n\n\n\n<p id=\"viewer-8ml21\">Gracias por fortalecer nuestras alas. Esperamos que contin\u00fae apoyando nuestro viaje hacia un futuro de potencial ilimitado.<\/p>\n\n\n\n<h4 class=\"wp-block-heading\" id=\"viewer-9ijia\"><a href=\"https:\/\/hispanicalliance.org\/donate\/\" data-type=\"page\" data-id=\"348\">Haz tu donaci\u00f3n aqu\u00ed<\/a><\/h4>","protected":false},"excerpt":{"rendered":"<p>Despu\u00e9s de un a\u00f1o agotador en 2020 abordando las necesidades cr\u00edticas de nuestra comunidad en torno a la pandemia, la Alianza Hispana, como todos nosotros, esperaba que las cosas volvieran a tener una sensaci\u00f3n de &quot;normalidad&quot;.  <\/p>","protected":false},"author":1,"featured_media":1422,"comment_status":"closed","ping_status":"closed","sticky":false,"template":"","format":"standard","meta":{"_acf_changed":false,"wds_primary_category":0,"footnotes":""},"categories":[21,1],"tags":[],"class_list":["post-1418","post","type-post","status-publish","format-standard","has-post-thumbnail","hentry","category-soaring","category-all-posts"],"acf":[],"_links":{"self":[{"href":"https:\/\/hispanicalliancesc.com\/es\/wp-json\/wp\/v2\/posts\/1418","targetHints":{"allow":["GET"]}}],"collection":[{"href":"https:\/\/hispanicalliancesc.com\/es\/wp-json\/wp\/v2\/posts"}],"about":[{"href":"https:\/\/hispanicalliancesc.com\/es\/wp-json\/wp\/v2\/types\/post"}],"author":[{"embeddable":true,"href":"https:\/\/hispanicalliancesc.com\/es\/wp-json\/wp\/v2\/users\/1"}],"replies":[{"embeddable":true,"href":"https:\/\/hispanicalliancesc.com\/es\/wp-json\/wp\/v2\/comments?post=1418"}],"version-history":[{"count":0,"href":"https:\/\/hispanicalliancesc.com\/es\/wp-json\/wp\/v2\/posts\/1418\/revisions"}],"wp:featuredmedia":[{"embeddable":true,"href":"https:\/\/hispanicalliancesc.com\/es\/wp-json\/wp\/v2\/media\/1422"}],"wp:attachment":[{"href":"https:\/\/hispanicalliancesc.com\/es\/wp-json\/wp\/v2\/media?parent=1418"}],"wp:term":[{"taxonomy":"category","embeddable":true,"href":"https:\/\/hispanicalliancesc.com\/es\/wp-json\/wp\/v2\/categories?post=1418"},{"taxonomy":"post_tag","embeddable":true,"href":"https:\/\/hispanicalliancesc.com\/es\/wp-json\/wp\/v2\/tags?post=1418"}],"curies":[{"name":"wp","href":"https:\/\/api.w.org\/{rel}","templated":true}]}}