{"id":13423,"date":"2025-12-05T08:37:54","date_gmt":"2025-12-05T13:37:54","guid":{"rendered":"https:\/\/hispanicalliancesc.com\/?p=13423"},"modified":"2025-12-05T08:47:37","modified_gmt":"2025-12-05T13:47:37","slug":"elaine-guillermo-avila-building-a-bright-future","status":"publish","type":"post","link":"https:\/\/hispanicalliancesc.com\/es\/elaine-guillermo-avila-building-a-bright-future\/","title":{"rendered":"Elaine y Guillermo \u00c1vila: Construyendo un futuro brillante"},"content":{"rendered":"<div data-elementor-type=\"wp-post\" data-elementor-id=\"13423\" class=\"elementor elementor-13423\" data-elementor-post-type=\"post\">\n\t\t\t\t<div class=\"elementor-element elementor-element-32d9662 e-flex e-con-boxed e-con e-parent\" data-id=\"32d9662\" data-element_type=\"container\" data-e-type=\"container\" data-settings=\"{&quot;jet_parallax_layout_list&quot;:[]}\">\n\t\t\t\t\t<div class=\"e-con-inner\">\n\t\t\t\t<div class=\"elementor-element elementor-element-3f5e512 elementor-widget elementor-widget-text-editor\" data-id=\"3f5e512\" data-element_type=\"widget\" data-e-type=\"widget\" data-widget_type=\"text-editor.default\">\n\t\t\t\t<div class=\"elementor-widget-container\">\n\t\t\t\t\t\t\t\t\t<p><span style=\"font-weight: 400;\">Cuando Guillermo \u00c1vila lleg\u00f3 a su campus universitario en 1989, no pensaba en su legado. Solo buscaba la oficina de ayuda financiera. Era la primera vez que entraba en un mundo que sus padres solo hab\u00edan imaginado.<\/span><\/p>\t\t\t\t\t\t\t\t<\/div>\n\t\t\t\t<\/div>\n\t\t<div class=\"elementor-element elementor-element-ca3178f e-con-full e-flex e-con e-child\" data-id=\"ca3178f\" data-element_type=\"container\" data-e-type=\"container\" data-settings=\"{&quot;background_background&quot;:&quot;gradient&quot;,&quot;jet_parallax_layout_list&quot;:[]}\">\n\t\t\t\t<div class=\"elementor-element elementor-element-077027f elementor-widget elementor-widget-text-editor\" data-id=\"077027f\" data-element_type=\"widget\" data-e-type=\"widget\" data-widget_type=\"text-editor.default\">\n\t\t\t\t<div class=\"elementor-widget-container\">\n\t\t\t\t\t\t\t\t\t<p><strong>Mi pap\u00e1 mir\u00f3 a su alrededor y dijo: &quot;Esto parece un lugar de vacaciones&quot;. Nunca hab\u00eda estado en un campus. No me di cuenta entonces de lo importante que fue ese momento.<\/strong><\/p>\t\t\t\t\t\t\t\t<\/div>\n\t\t\t\t<\/div>\n\t\t\t\t<div class=\"elementor-element elementor-element-aff656c elementor-widget elementor-widget-heading\" data-id=\"aff656c\" data-element_type=\"widget\" data-e-type=\"widget\" data-widget_type=\"heading.default\">\n\t\t\t\t<div class=\"elementor-widget-container\">\n\t\t\t\t\t<span class=\"elementor-heading-title elementor-size-default\">\u2014 Guillermo \u00c1vila, director ejecutivo de 365 Digital Technologies<\/span>\t\t\t\t<\/div>\n\t\t\t\t<\/div>\n\t\t\t\t<\/div>\n\t\t\t\t<div class=\"elementor-element elementor-element-61f13fe elementor-widget elementor-widget-text-editor\" data-id=\"61f13fe\" data-element_type=\"widget\" data-e-type=\"widget\" data-widget_type=\"text-editor.default\">\n\t\t\t\t<div class=\"elementor-widget-container\">\n\t\t\t\t\t\t\t\t\t<p><span style=\"font-weight: 400;\">D\u00e9cadas despu\u00e9s, Guillermo y su esposa Elaine honran ese momento a trav\u00e9s de la <strong>Beca Julia y Guillermo \u00c1vila<\/strong>, nombrada en homenaje a los padres de Guillermo. En su tercer a\u00f1o, la beca apoya a estudiantes de preparatoria que participan en la Alianza Estudiantil DREAMers (SDA) de la Alianza Hispana, ayud\u00e1ndolos a dar pasos que Guillermo antes tuvo que dar solo.<\/span><\/p><p><span style=\"font-weight: 400;\">Mi padre tuvo dos trabajos toda su vida. Nunca lo o\u00ed quejarse. Era un guerrero silencioso.<\/span><\/p>\t\t\t\t\t\t\t\t<\/div>\n\t\t\t\t<\/div>\n\t\t\t\t<div class=\"elementor-element elementor-element-93ae7a3 elementor-widget elementor-widget-heading\" data-id=\"93ae7a3\" data-element_type=\"widget\" data-e-type=\"widget\" data-widget_type=\"heading.default\">\n\t\t\t\t<div class=\"elementor-widget-container\">\n\t\t\t\t\t<h3 class=\"elementor-heading-title elementor-size-default\">Del trabajo duro a la educaci\u00f3n superior<\/h3>\t\t\t\t<\/div>\n\t\t\t\t<\/div>\n\t\t\t\t<div class=\"elementor-element elementor-element-946dd46 elementor-widget elementor-widget-text-editor\" data-id=\"946dd46\" data-element_type=\"widget\" data-e-type=\"widget\" data-widget_type=\"text-editor.default\">\n\t\t\t\t<div class=\"elementor-widget-container\">\n\t\t\t\t\t\t\t\t\t<p>Guillermo creci\u00f3 conociendo el valor del trabajo duro. Su padre trabajaba en la manufactura durante el d\u00eda y luego consigui\u00f3 un segundo empleo como conserje hasta despu\u00e9s de la medianoche. Su madre, igualmente decidida, se aseguraba de que la familia pagara los almuerzos escolares incluso cuando cumpl\u00edan los requisitos para recibir asistencia. &quot;Su orgullo no era cuesti\u00f3n de ego. Era cuesti\u00f3n de dignidad&quot;, dice.<\/p><p>Navegar por la universidad como estudiante de primera generaci\u00f3n trajo consigo pocas gu\u00edas. Guillermo recuerda estar sentado en una oficina de ayuda financiera, firmando documentos de pr\u00e9stamos que apenas entend\u00eda.<\/p><p>No hab\u00eda nadie que me guiara. Firm\u00e9 todo porque pens\u00e9: &quot;Esto es lo que tengo que hacer&quot;.<\/p><p>No fueron solo los pr\u00e9stamos. Fue cada paso: elegir una carrera, pedir ayuda, buscar pr\u00e1cticas. Contaba con el apoyo de su iglesia y mentores que cre\u00edan en \u00e9l. Pero la mayor parte del camino fue prueba y error.<\/p>\t\t\t\t\t\t\t\t<\/div>\n\t\t\t\t<\/div>\n\t\t<div class=\"elementor-element elementor-element-51ad0dc e-con-full e-flex e-con e-child\" data-id=\"51ad0dc\" data-element_type=\"container\" data-e-type=\"container\" data-settings=\"{&quot;background_background&quot;:&quot;gradient&quot;,&quot;jet_parallax_layout_list&quot;:[]}\">\n\t\t\t\t<div class=\"elementor-element elementor-element-dcb3957 elementor-widget elementor-widget-text-editor\" data-id=\"dcb3957\" data-element_type=\"widget\" data-e-type=\"widget\" data-widget_type=\"text-editor.default\">\n\t\t\t\t<div class=\"elementor-widget-container\">\n\t\t\t\t\t\t\t\t\t<p><strong>Tuve que resolverlo yo solo. Ahora tenemos la oportunidad de ayudar a otros estudiantes para que no tengan que hacerlo.<\/strong><\/p>\t\t\t\t\t\t\t\t<\/div>\n\t\t\t\t<\/div>\n\t\t\t\t<\/div>\n\t\t\t\t<div class=\"elementor-element elementor-element-f2aef2c elementor-widget elementor-widget-spacer\" data-id=\"f2aef2c\" data-element_type=\"widget\" data-e-type=\"widget\" data-widget_type=\"spacer.default\">\n\t\t\t\t<div class=\"elementor-widget-container\">\n\t\t\t\t\t\t\t<div class=\"elementor-spacer\">\n\t\t\t<div class=\"elementor-spacer-inner\"><\/div>\n\t\t<\/div>\n\t\t\t\t\t\t<\/div>\n\t\t\t\t<\/div>\n\t\t\t\t<div class=\"elementor-element elementor-element-1c8c19a elementor-widget elementor-widget-gallery\" data-id=\"1c8c19a\" data-element_type=\"widget\" data-e-type=\"widget\" data-settings=\"{&quot;columns&quot;:2,&quot;aspect_ratio&quot;:&quot;1:1&quot;,&quot;lazyload&quot;:&quot;yes&quot;,&quot;gallery_layout&quot;:&quot;grid&quot;,&quot;columns_tablet&quot;:2,&quot;columns_mobile&quot;:1,&quot;gap&quot;:{&quot;unit&quot;:&quot;px&quot;,&quot;size&quot;:10,&quot;sizes&quot;:[]},&quot;gap_tablet&quot;:{&quot;unit&quot;:&quot;px&quot;,&quot;size&quot;:10,&quot;sizes&quot;:[]},&quot;gap_mobile&quot;:{&quot;unit&quot;:&quot;px&quot;,&quot;size&quot;:10,&quot;sizes&quot;:[]},&quot;link_to&quot;:&quot;file&quot;,&quot;overlay_background&quot;:&quot;yes&quot;,&quot;content_hover_animation&quot;:&quot;fade-in&quot;}\" data-widget_type=\"gallery.default\">\n\t\t\t\t<div class=\"elementor-widget-container\">\n\t\t\t\t\t\t\t<div class=\"elementor-gallery__container\">\n\t\t\t\t\t\t\t<a class=\"e-gallery-item elementor-gallery-item elementor-animated-content\" href=\"https:\/\/hispanicalliancesc.com\/wp-content\/uploads\/2025\/04\/SDA-Scholarships-2024-1-scaled.jpg\" data-elementor-open-lightbox=\"yes\" data-elementor-lightbox-slideshow=\"1c8c19a\" data-elementor-lightbox-title=\"SDA-Scholarships-2024-1\" data-e-action-hash=\"#elementor-action%3Aaction%3Dlightbox%26settings%3DeyJpZCI6MTE1MzAsInVybCI6Imh0dHBzOlwvXC9oaXNwYW5pY2FsbGlhbmNlc2MuY29tXC93cC1jb250ZW50XC91cGxvYWRzXC8yMDI1XC8wNFwvU0RBLVNjaG9sYXJzaGlwcy0yMDI0LTEtc2NhbGVkLmpwZyIsInNsaWRlc2hvdyI6IjFjOGMxOWEifQ%3D%3D\">\n\t\t\t\t\t<div class=\"e-gallery-image elementor-gallery-item__image\" data-thumbnail=\"https:\/\/hispanicalliancesc.com\/wp-content\/uploads\/2025\/04\/SDA-Scholarships-2024-1-scaled.jpg\" data-width=\"2560\" data-height=\"1440\" aria-label=\"\" role=\"img\" ><\/div>\n\t\t\t\t\t\t\t\t\t\t\t<div class=\"elementor-gallery-item__overlay\"><\/div>\n\t\t\t\t\t\t\t\t\t\t\t\t\t\t<\/a>\n\t\t\t\t\t\t\t<a class=\"e-gallery-item elementor-gallery-item elementor-animated-content\" href=\"https:\/\/hispanicalliancesc.com\/wp-content\/uploads\/2025\/10\/88-HAQuince-PhillipWilder_4739.webp\" data-elementor-open-lightbox=\"yes\" data-elementor-lightbox-slideshow=\"1c8c19a\" data-elementor-lightbox-title=\"88-HAQuince-PhillipWilder_4739\" data-e-action-hash=\"#elementor-action%3Aaction%3Dlightbox%26settings%3DeyJpZCI6MTI4MDUsInVybCI6Imh0dHBzOlwvXC9oaXNwYW5pY2FsbGlhbmNlc2MuY29tXC93cC1jb250ZW50XC91cGxvYWRzXC8yMDI1XC8xMFwvODgtSEFRdWluY2UtUGhpbGxpcFdpbGRlcl80NzM5LndlYnAiLCJzbGlkZXNob3ciOiIxYzhjMTlhIn0%3D\">\n\t\t\t\t\t<div class=\"e-gallery-image elementor-gallery-item__image\" data-thumbnail=\"https:\/\/hispanicalliancesc.com\/wp-content\/uploads\/2025\/10\/88-HAQuince-PhillipWilder_4739.webp\" data-width=\"1080\" data-height=\"1080\" aria-label=\"\" role=\"img\" ><\/div>\n\t\t\t\t\t\t\t\t\t\t\t<div class=\"elementor-gallery-item__overlay\"><\/div>\n\t\t\t\t\t\t\t\t\t\t\t\t\t\t<\/a>\n\t\t\t\t\t<\/div>\n\t\t\t\t\t<\/div>\n\t\t\t\t<\/div>\n\t\t\t\t<div class=\"elementor-element elementor-element-511ac94 elementor-widget elementor-widget-heading\" data-id=\"511ac94\" data-element_type=\"widget\" data-e-type=\"widget\" data-widget_type=\"heading.default\">\n\t\t\t\t<div class=\"elementor-widget-container\">\n\t\t\t\t\t<h3 class=\"elementor-heading-title elementor-size-default\">Una misi\u00f3n compartida<\/h3>\t\t\t\t<\/div>\n\t\t\t\t<\/div>\n\t\t\t\t<div class=\"elementor-element elementor-element-92115a5 elementor-widget elementor-widget-text-editor\" data-id=\"92115a5\" data-element_type=\"widget\" data-e-type=\"widget\" data-widget_type=\"text-editor.default\">\n\t\t\t\t<div class=\"elementor-widget-container\">\n\t\t\t\t\t\t\t\t\t<p><span style=\"font-weight: 400;\">Elaine, quien creci\u00f3 en Greenville y conoci\u00f3 a Guillermo en la universidad, aporta una perspectiva diferente pero complementaria. Ella daba por sentado que la universidad era algo que ten\u00eda que dar. Sus padres y abuelos asistieron, y ella daba por sentada la educaci\u00f3n superior. Pero ver la experiencia de Guillermo le abri\u00f3 los ojos.<\/span><\/p><p><strong>No creci\u00f3 pensando que la universidad formar\u00eda parte de su futuro. Pero ahora quiere asegurarse de que otros j\u00f3venes crean que s\u00ed forma parte del suyo.<\/strong><\/p><p><span style=\"font-weight: 400;\">Esa convicci\u00f3n fue lo que llev\u00f3 a los \u00c1vila a la Alianza Hispana y a la Iglesia Adventista del S\u00e9ptimo D\u00eda. Cada a\u00f1o, cuando reciben las biograf\u00edas de los dos estudiantes seleccionados para la Beca Julia y Guillermo \u00c1vila, Elaine las lee con atenci\u00f3n.<\/span><\/p><p><span style=\"font-weight: 400;\">\u201cLloro cada vez\u201d, admite. \u201cEstos estudiantes tienen much\u00edsima valent\u00eda. Son agradecidos. Intentan enorgullecer a sus padres y contribuir a sus familias. Esa humildad y ese empuje son incre\u00edbles\u201d.<\/span><\/p>\t\t\t\t\t\t\t\t<\/div>\n\t\t\t\t<\/div>\n\t\t<div class=\"elementor-element elementor-element-5dfcc3e e-con-full e-flex e-con e-child\" data-id=\"5dfcc3e\" data-element_type=\"container\" data-e-type=\"container\" data-settings=\"{&quot;background_background&quot;:&quot;gradient&quot;,&quot;jet_parallax_layout_list&quot;:[]}\">\n\t\t\t\t<div class=\"elementor-element elementor-element-740f23e elementor-widget elementor-widget-text-editor\" data-id=\"740f23e\" data-element_type=\"widget\" data-e-type=\"widget\" data-widget_type=\"text-editor.default\">\n\t\t\t\t<div class=\"elementor-widget-container\">\n\t\t\t\t\t\t\t\t\t<p><strong>Mi palabra para la Alianza Hispana es esperanza. Les muestran a estos estudiantes que el sue\u00f1o americano est\u00e1 a su alcance.<\/strong><\/p>\t\t\t\t\t\t\t\t<\/div>\n\t\t\t\t<\/div>\n\t\t\t\t<div class=\"elementor-element elementor-element-01074be elementor-widget elementor-widget-heading\" data-id=\"01074be\" data-element_type=\"widget\" data-e-type=\"widget\" data-widget_type=\"heading.default\">\n\t\t\t\t<div class=\"elementor-widget-container\">\n\t\t\t\t\t<span class=\"elementor-heading-title elementor-size-default\">\u2014 Elaine Avila, Directora de Operaciones, 365 Digital Technologies<\/span>\t\t\t\t<\/div>\n\t\t\t\t<\/div>\n\t\t\t\t<\/div>\n\t\t\t\t<div class=\"elementor-element elementor-element-bbe7da7 elementor-widget elementor-widget-spacer\" data-id=\"bbe7da7\" data-element_type=\"widget\" data-e-type=\"widget\" data-widget_type=\"spacer.default\">\n\t\t\t\t<div class=\"elementor-widget-container\">\n\t\t\t\t\t\t\t<div class=\"elementor-spacer\">\n\t\t\t<div class=\"elementor-spacer-inner\"><\/div>\n\t\t<\/div>\n\t\t\t\t\t\t<\/div>\n\t\t\t\t<\/div>\n\t\t\t\t<div class=\"elementor-element elementor-element-e0a092e elementor-widget elementor-widget-gallery\" data-id=\"e0a092e\" data-element_type=\"widget\" data-e-type=\"widget\" data-settings=\"{&quot;columns&quot;:2,&quot;aspect_ratio&quot;:&quot;1:1&quot;,&quot;lazyload&quot;:&quot;yes&quot;,&quot;gallery_layout&quot;:&quot;grid&quot;,&quot;columns_tablet&quot;:2,&quot;columns_mobile&quot;:1,&quot;gap&quot;:{&quot;unit&quot;:&quot;px&quot;,&quot;size&quot;:10,&quot;sizes&quot;:[]},&quot;gap_tablet&quot;:{&quot;unit&quot;:&quot;px&quot;,&quot;size&quot;:10,&quot;sizes&quot;:[]},&quot;gap_mobile&quot;:{&quot;unit&quot;:&quot;px&quot;,&quot;size&quot;:10,&quot;sizes&quot;:[]},&quot;link_to&quot;:&quot;file&quot;,&quot;overlay_background&quot;:&quot;yes&quot;,&quot;content_hover_animation&quot;:&quot;fade-in&quot;}\" data-widget_type=\"gallery.default\">\n\t\t\t\t<div class=\"elementor-widget-container\">\n\t\t\t\t\t\t\t<div class=\"elementor-gallery__container\">\n\t\t\t\t\t\t\t<a class=\"e-gallery-item elementor-gallery-item elementor-animated-content\" href=\"https:\/\/hispanicalliancesc.com\/wp-content\/uploads\/2025\/10\/8-HAQuince-PhillipWilder_4590.webp\" data-elementor-open-lightbox=\"yes\" data-elementor-lightbox-slideshow=\"e0a092e\" data-elementor-lightbox-title=\"8-HAQuince-PhillipWilder_4590\" data-e-action-hash=\"#elementor-action%3Aaction%3Dlightbox%26settings%3DeyJpZCI6MTI4MDMsInVybCI6Imh0dHBzOlwvXC9oaXNwYW5pY2FsbGlhbmNlc2MuY29tXC93cC1jb250ZW50XC91cGxvYWRzXC8yMDI1XC8xMFwvOC1IQVF1aW5jZS1QaGlsbGlwV2lsZGVyXzQ1OTAud2VicCIsInNsaWRlc2hvdyI6ImUwYTA5MmUifQ%3D%3D\">\n\t\t\t\t\t<div class=\"e-gallery-image elementor-gallery-item__image\" data-thumbnail=\"https:\/\/hispanicalliancesc.com\/wp-content\/uploads\/2025\/10\/8-HAQuince-PhillipWilder_4590.webp\" data-width=\"1080\" data-height=\"1080\" aria-label=\"\" role=\"img\" ><\/div>\n\t\t\t\t\t\t\t\t\t\t\t<div class=\"elementor-gallery-item__overlay\"><\/div>\n\t\t\t\t\t\t\t\t\t\t\t\t\t\t<\/a>\n\t\t\t\t\t\t\t<a class=\"e-gallery-item elementor-gallery-item elementor-animated-content\" href=\"https:\/\/hispanicalliancesc.com\/wp-content\/uploads\/2025\/10\/scha101625-295.webp\" data-elementor-open-lightbox=\"yes\" data-elementor-lightbox-slideshow=\"e0a092e\" data-elementor-lightbox-title=\"scha101625-295\" data-e-action-hash=\"#elementor-action%3Aaction%3Dlightbox%26settings%3DeyJpZCI6MTI5NzMsInVybCI6Imh0dHBzOlwvXC9oaXNwYW5pY2FsbGlhbmNlc2MuY29tXC93cC1jb250ZW50XC91cGxvYWRzXC8yMDI1XC8xMFwvc2NoYTEwMTYyNS0yOTUud2VicCIsInNsaWRlc2hvdyI6ImUwYTA5MmUifQ%3D%3D\">\n\t\t\t\t\t<div class=\"e-gallery-image elementor-gallery-item__image\" data-thumbnail=\"https:\/\/hispanicalliancesc.com\/wp-content\/uploads\/2025\/10\/scha101625-295.webp\" data-width=\"1000\" data-height=\"667\" aria-label=\"\" role=\"img\" ><\/div>\n\t\t\t\t\t\t\t\t\t\t\t<div class=\"elementor-gallery-item__overlay\"><\/div>\n\t\t\t\t\t\t\t\t\t\t\t\t\t\t<\/a>\n\t\t\t\t\t<\/div>\n\t\t\t\t\t<\/div>\n\t\t\t\t<\/div>\n\t\t\t\t<div class=\"elementor-element elementor-element-a329629 elementor-widget elementor-widget-heading\" data-id=\"a329629\" data-element_type=\"widget\" data-e-type=\"widget\" data-widget_type=\"heading.default\">\n\t\t\t\t<div class=\"elementor-widget-container\">\n\t\t\t\t\t<h3 class=\"elementor-heading-title elementor-size-default\">Un tributo que sigue dando frutos<\/h3>\t\t\t\t<\/div>\n\t\t\t\t<\/div>\n\t\t\t\t<div class=\"elementor-element elementor-element-eb78d8a elementor-widget elementor-widget-text-editor\" data-id=\"eb78d8a\" data-element_type=\"widget\" data-e-type=\"widget\" data-widget_type=\"text-editor.default\">\n\t\t\t\t<div class=\"elementor-widget-container\">\n\t\t\t\t\t\t\t\t\t<p>Nombrar la beca en honor a los padres de Guillermo fue una decisi\u00f3n f\u00e1cil. Su padre falleci\u00f3 hace a\u00f1os, pero su madre a\u00fan vive y tambi\u00e9n lee las historias de cada estudiante.<\/p><p>Llora cada vez. No cree que lo que hicieron haya sido para tanto, pero lo fue \u2014dice Guillermo\u2014.<\/p><p>Su sacrificio \u2014largas jornadas, recursos limitados, resiliencia silenciosa\u2014 es de esos que no llegan a los titulares. Pero moldean el futuro. La beca, en muchos sentidos, es su legado.<\/p><p><strong>Renunciaron a sus sue\u00f1os para que yo pudiera alcanzar los m\u00edos. Eso es lo que representa esta beca.<\/strong><\/p>\t\t\t\t\t\t\t\t<\/div>\n\t\t\t\t<\/div>\n\t\t\t\t<div class=\"elementor-element elementor-element-3ddabb2 elementor-widget elementor-widget-heading\" data-id=\"3ddabb2\" data-element_type=\"widget\" data-e-type=\"widget\" data-widget_type=\"heading.default\">\n\t\t\t\t<div class=\"elementor-widget-container\">\n\t\t\t\t\t<h3 class=\"elementor-heading-title elementor-size-default\">Mirando hacia el futuro<\/h3>\t\t\t\t<\/div>\n\t\t\t\t<\/div>\n\t\t\t\t<div class=\"elementor-element elementor-element-329fe54 elementor-widget elementor-widget-text-editor\" data-id=\"329fe54\" data-element_type=\"widget\" data-e-type=\"widget\" data-widget_type=\"text-editor.default\">\n\t\t\t\t<div class=\"elementor-widget-container\">\n\t\t\t\t\t\t\t\t\t<p><span style=\"font-weight: 400;\">Guillermo y Elaine consideran que la Beca Julia y Guillermo \u00c1vila es solo el comienzo. Su empresa, 365 Digital Technologies, est\u00e1 creciendo y prev\u00e9n ampliar su apoyo en el futuro.<\/span><\/p><p><span style=\"font-weight: 400;\">\u201cQueremos capacitar a j\u00f3venes emprendedores hispanos. Guiarlos en el proceso de crear un negocio y ense\u00f1arles a contribuir. Esa es la visi\u00f3n a largo plazo\u201d, dice Guillermo.<\/span><\/p><p><span style=\"font-weight: 400;\">Por ahora, la beca es una promesa. Un compromiso para que los estudiantes sigan el camino que Guillermo recorri\u00f3, con m\u00e1s gu\u00eda y apoyo que \u00e9l.<\/span><\/p>\t\t\t\t\t\t\t\t<\/div>\n\t\t\t\t<\/div>\n\t\t<div class=\"elementor-element elementor-element-a16f499 e-con-full e-flex e-con e-child\" data-id=\"a16f499\" data-element_type=\"container\" data-e-type=\"container\" data-settings=\"{&quot;background_background&quot;:&quot;gradient&quot;,&quot;jet_parallax_layout_list&quot;:[]}\">\n\t\t\t\t<div class=\"elementor-element elementor-element-cad0b69 elementor-widget elementor-widget-text-editor\" data-id=\"cad0b69\" data-element_type=\"widget\" data-e-type=\"widget\" data-widget_type=\"text-editor.default\">\n\t\t\t\t<div class=\"elementor-widget-container\">\n\t\t\t\t\t\t\t\t\t<p><strong>Ning\u00fan ni\u00f1o deber\u00eda tener que pasar por esto solo. Por eso donamos.<\/strong><\/p>\t\t\t\t\t\t\t\t<\/div>\n\t\t\t\t<\/div>\n\t\t\t\t<div class=\"elementor-element elementor-element-79c4722 elementor-widget elementor-widget-heading\" data-id=\"79c4722\" data-element_type=\"widget\" data-e-type=\"widget\" data-widget_type=\"heading.default\">\n\t\t\t\t<div class=\"elementor-widget-container\">\n\t\t\t\t\t<span class=\"elementor-heading-title elementor-size-default\">\u2014 Guillermo \u00c1vila, director ejecutivo de 365 Digital Technologies<\/span>\t\t\t\t<\/div>\n\t\t\t\t<\/div>\n\t\t\t\t<\/div>\n\t\t\t\t<div class=\"elementor-element elementor-element-139fc92 elementor-widget elementor-widget-heading\" data-id=\"139fc92\" data-element_type=\"widget\" data-e-type=\"widget\" data-widget_type=\"heading.default\">\n\t\t\t\t<div class=\"elementor-widget-container\">\n\t\t\t\t\t<h3 class=\"elementor-heading-title elementor-size-default\">Por qu\u00e9 es importante este trabajo<\/h3>\t\t\t\t<\/div>\n\t\t\t\t<\/div>\n\t\t\t\t<div class=\"elementor-element elementor-element-e5a9e24 elementor-widget elementor-widget-text-editor\" data-id=\"e5a9e24\" data-element_type=\"widget\" data-e-type=\"widget\" data-widget_type=\"text-editor.default\">\n\t\t\t\t<div class=\"elementor-widget-container\">\n\t\t\t\t\t\t\t\t\t<p><span style=\"font-weight: 400;\">La historia de Elaine y Guillermo Avila es un recordatorio de que el cambio generacional no ocurre por accidente, sino a trav\u00e9s de una inversi\u00f3n intencional.<\/span><\/p><p><span style=\"font-weight: 400;\">Cuando el padre de Guillermo ten\u00eda dos trabajos, no solo pagaba facturas. Estaba sembrando semillas para un futuro que no pod\u00eda ver del todo. Cuando sus padres se negaron a recibir almuerzos gratis a pesar de cumplir los requisitos, fueron un ejemplo de dignidad y autosuficiencia. Cuando dejaron a su hijo en un campus universitario que nunca antes hab\u00edan visto, apostaron por un sue\u00f1o m\u00e1s grande que ellos mismos.<\/span><\/p><p><span style=\"font-weight: 400;\">Y ahora, tres d\u00e9cadas despu\u00e9s, Guillermo y Elaine hacen lo mismo por estudiantes que nunca han conocido. Estudiantes que navegan por la misma incertidumbre, la misma falta de una hoja de ruta, el mismo miedo de que tal vez la universidad no sea para personas como ellos.<\/span><\/p><p><span style=\"font-weight: 400;\">A trav\u00e9s de la Beca Julia y Guillermo \u00c1vila, nos dicen: <strong>S\u00ed, lo es. Y te mostraremos c\u00f3mo.<\/strong><\/span><\/p><p><span style=\"font-weight: 400;\">Su donaci\u00f3n garantiza que m\u00e1s estudiantes tengan mentores, hojas de ruta y las herramientas que necesitan para convertir sus sue\u00f1os en realidad, tal como lo hicieron los padres de Guillermo con \u00e9l.<\/span><\/p>\t\t\t\t\t\t\t\t<\/div>\n\t\t\t\t<\/div>\n\t\t\t\t\t<\/div>\n\t\t\t\t<\/div>\n\t\t\t\t<\/div>","protected":false},"excerpt":{"rendered":"<p>Guillermo y Elaine consideran la Beca Familiar \u00c1vila solo como el comienzo. Su empresa, 365 Digital Technologies, est\u00e1 creciendo y prev\u00e9n ampliar su apoyo en el futuro.<\/p>","protected":false},"author":1,"featured_media":13424,"comment_status":"closed","ping_status":"closed","sticky":false,"template":"","format":"standard","meta":{"_acf_changed":false,"wds_primary_category":31,"footnotes":""},"categories":[31],"tags":[67],"class_list":["post-13423","post","type-post","status-publish","format-standard","has-post-thumbnail","hentry","category-campaigns","tag-haquince"],"acf":[],"_links":{"self":[{"href":"https:\/\/hispanicalliancesc.com\/es\/wp-json\/wp\/v2\/posts\/13423","targetHints":{"allow":["GET"]}}],"collection":[{"href":"https:\/\/hispanicalliancesc.com\/es\/wp-json\/wp\/v2\/posts"}],"about":[{"href":"https:\/\/hispanicalliancesc.com\/es\/wp-json\/wp\/v2\/types\/post"}],"author":[{"embeddable":true,"href":"https:\/\/hispanicalliancesc.com\/es\/wp-json\/wp\/v2\/users\/1"}],"replies":[{"embeddable":true,"href":"https:\/\/hispanicalliancesc.com\/es\/wp-json\/wp\/v2\/comments?post=13423"}],"version-history":[{"count":0,"href":"https:\/\/hispanicalliancesc.com\/es\/wp-json\/wp\/v2\/posts\/13423\/revisions"}],"wp:featuredmedia":[{"embeddable":true,"href":"https:\/\/hispanicalliancesc.com\/es\/wp-json\/wp\/v2\/media\/13424"}],"wp:attachment":[{"href":"https:\/\/hispanicalliancesc.com\/es\/wp-json\/wp\/v2\/media?parent=13423"}],"wp:term":[{"taxonomy":"category","embeddable":true,"href":"https:\/\/hispanicalliancesc.com\/es\/wp-json\/wp\/v2\/categories?post=13423"},{"taxonomy":"post_tag","embeddable":true,"href":"https:\/\/hispanicalliancesc.com\/es\/wp-json\/wp\/v2\/tags?post=13423"}],"curies":[{"name":"wp","href":"https:\/\/api.w.org\/{rel}","templated":true}]}}