{"id":13250,"date":"2025-11-17T14:51:32","date_gmt":"2025-11-17T19:51:32","guid":{"rendered":"https:\/\/hispanicalliancesc.com\/?p=13250"},"modified":"2025-11-17T14:54:45","modified_gmt":"2025-11-17T19:54:45","slug":"sara-montero-buria-serving-relentlessly-with-purpose","status":"publish","type":"post","link":"https:\/\/hispanicalliancesc.com\/es\/sara-montero-buria-serving-relentlessly-with-purpose\/","title":{"rendered":"Sara Montero-Buria: Sirviendo incansablemente con prop\u00f3sito"},"content":{"rendered":"<div data-elementor-type=\"wp-post\" data-elementor-id=\"13250\" class=\"elementor elementor-13250\" data-elementor-post-type=\"post\">\n\t\t\t\t<div class=\"elementor-element elementor-element-32d9662 e-flex e-con-boxed e-con e-parent\" data-id=\"32d9662\" data-element_type=\"container\" data-e-type=\"container\" data-settings=\"{&quot;jet_parallax_layout_list&quot;:[]}\">\n\t\t\t\t\t<div class=\"e-con-inner\">\n\t\t<div class=\"elementor-element elementor-element-ca3178f e-con-full e-flex e-con e-child\" data-id=\"ca3178f\" data-element_type=\"container\" data-e-type=\"container\" data-settings=\"{&quot;background_background&quot;:&quot;gradient&quot;,&quot;jet_parallax_layout_list&quot;:[]}\">\n\t\t\t\t<div class=\"elementor-element elementor-element-077027f elementor-widget elementor-widget-text-editor\" data-id=\"077027f\" data-element_type=\"widget\" data-e-type=\"widget\" data-widget_type=\"text-editor.default\">\n\t\t\t\t<div class=\"elementor-widget-container\">\n\t\t\t\t\t\t\t\t\t<p><strong>\u201cContar con esa plataforma de servicio, poder servir junto a otras personas, ha sido muy significativo para m\u00ed y algo que nunca olvidar\u00e9.\u201d<\/strong><\/p>\t\t\t\t\t\t\t\t<\/div>\n\t\t\t\t<\/div>\n\t\t\t\t<div class=\"elementor-element elementor-element-aff656c elementor-widget elementor-widget-heading\" data-id=\"aff656c\" data-element_type=\"widget\" data-e-type=\"widget\" data-widget_type=\"heading.default\">\n\t\t\t\t<div class=\"elementor-widget-container\">\n\t\t\t\t\t<span class=\"elementor-heading-title elementor-size-default\">\u2014 Sara Montero-Buria, Directora de Comunicaciones, LiveWell Greenville<\/span>\t\t\t\t<\/div>\n\t\t\t\t<\/div>\n\t\t\t\t<\/div>\n\t\t\t\t<div class=\"elementor-element elementor-element-3f5e512 elementor-widget elementor-widget-text-editor\" data-id=\"3f5e512\" data-element_type=\"widget\" data-e-type=\"widget\" data-widget_type=\"text-editor.default\">\n\t\t\t\t<div class=\"elementor-widget-container\">\n\t\t\t\t\t\t\t\t\t<p>Sara Montero-Buria siempre ha cre\u00eddo en el poder del prop\u00f3sito. Y desde los inicios de la Alianza Hispana, ha dedicado ese prop\u00f3sito al servicio, no para obtener reconocimiento, sino para ayudar a construir algo duradero.<\/p><p>Mucho antes de que Hispanic Alliance tuviera personal u oficinas, Sara ya estaba all\u00ed. Se uni\u00f3 como miembro fundadora del equipo, ayudando a dise\u00f1ar los mensajes, los sistemas y la infraestructura de comunicaciones que impulsar\u00edan a HA durante su primera d\u00e9cada. Su papel no se limitaba a la visibilidad, sino que tambi\u00e9n abarcaba la voz, el sentido de pertenencia y la creaci\u00f3n de una base que invitara a otros a participar.<\/p><p>Originaria de Tijuana, M\u00e9xico, Sara aport\u00f3 una vasta experiencia en comunicaciones para organizaciones sin fines de lucro, aunada a una creatividad sin l\u00edmites y una alegr\u00eda contagiosa. Se desempe\u00f1\u00f3 como Directora de Comunicaciones y Marketing de HA hasta 2022, cuando renunci\u00f3 para dedicarse a su creciente familia. (Actualmente, es Directora de Comunicaciones de LiveWell Greenville).<\/p><p>Pero incluso despu\u00e9s de que terminara su cargo oficial, su coraz\u00f3n siempre estuvo con la labor. Porque para Sara, Hispanic Alliance no es solo una organizaci\u00f3n. Es una plataforma de servicio y un sue\u00f1o compartido de una comunidad m\u00e1s justa y unida.<\/p>\t\t\t\t\t\t\t\t<\/div>\n\t\t\t\t<\/div>\n\t\t\t\t<div class=\"elementor-element elementor-element-93ae7a3 elementor-widget elementor-widget-heading\" data-id=\"93ae7a3\" data-element_type=\"widget\" data-e-type=\"widget\" data-widget_type=\"heading.default\">\n\t\t\t\t<div class=\"elementor-widget-container\">\n\t\t\t\t\t<h3 class=\"elementor-heading-title elementor-size-default\">Dar algo que te transforma<\/h3>\t\t\t\t<\/div>\n\t\t\t\t<\/div>\n\t\t\t\t<div class=\"elementor-element elementor-element-946dd46 elementor-widget elementor-widget-text-editor\" data-id=\"946dd46\" data-element_type=\"widget\" data-e-type=\"widget\" data-widget_type=\"text-editor.default\">\n\t\t\t\t<div class=\"elementor-widget-container\">\n\t\t\t\t\t\t\t\t\t<p>Sara no oculta lo que significa servir. Sabe que requiere tiempo, energ\u00eda y dedicaci\u00f3n. Pero para ella, la recompensa siempre ha sido mayor que el esfuerzo.<\/p>\t\t\t\t\t\t\t\t<\/div>\n\t\t\t\t<\/div>\n\t\t<div class=\"elementor-element elementor-element-3f8b8f5 e-con-full e-flex e-con e-child\" data-id=\"3f8b8f5\" data-element_type=\"container\" data-e-type=\"container\" data-settings=\"{&quot;background_background&quot;:&quot;gradient&quot;,&quot;jet_parallax_layout_list&quot;:[]}\">\n\t\t\t\t<div class=\"elementor-element elementor-element-a0ff82d elementor-widget elementor-widget-text-editor\" data-id=\"a0ff82d\" data-element_type=\"widget\" data-e-type=\"widget\" data-widget_type=\"text-editor.default\">\n\t\t\t\t<div class=\"elementor-widget-container\">\n\t\t\t\t\t\t\t\t\t<p><strong>\u201cEs un clich\u00e9 \u2014como decir que dar es mejor que recibir\u2014, pero realmente dar te enriquece mucho m\u00e1s\u201d.<\/strong><\/p>\t\t\t\t\t\t\t\t<\/div>\n\t\t\t\t<\/div>\n\t\t\t\t<\/div>\n\t\t\t\t<div class=\"elementor-element elementor-element-58a5323 elementor-widget elementor-widget-text-editor\" data-id=\"58a5323\" data-element_type=\"widget\" data-e-type=\"widget\" data-widget_type=\"text-editor.default\">\n\t\t\t\t<div class=\"elementor-widget-container\">\n\t\t\t\t\t\t\t\t\t<p>Lo que m\u00e1s le import\u00f3 durante su tiempo en HA no fue solo lo que construyeron, sino con qui\u00e9n lo construy\u00f3.<\/p><p>\u201cPoder servir junto a otras personas ha sido muy significativo para m\u00ed y algo que nunca olvidar\u00e9.\u201d<\/p>\t\t\t\t\t\t\t\t<\/div>\n\t\t\t\t<\/div>\n\t\t\t\t<div class=\"elementor-element elementor-element-f2aef2c elementor-widget elementor-widget-spacer\" data-id=\"f2aef2c\" data-element_type=\"widget\" data-e-type=\"widget\" data-widget_type=\"spacer.default\">\n\t\t\t\t<div class=\"elementor-widget-container\">\n\t\t\t\t\t\t\t<div class=\"elementor-spacer\">\n\t\t\t<div class=\"elementor-spacer-inner\"><\/div>\n\t\t<\/div>\n\t\t\t\t\t\t<\/div>\n\t\t\t\t<\/div>\n\t\t\t\t<div class=\"elementor-element elementor-element-1c8c19a elementor-widget elementor-widget-gallery\" data-id=\"1c8c19a\" data-element_type=\"widget\" data-e-type=\"widget\" data-settings=\"{&quot;columns&quot;:2,&quot;aspect_ratio&quot;:&quot;1:1&quot;,&quot;lazyload&quot;:&quot;yes&quot;,&quot;gallery_layout&quot;:&quot;grid&quot;,&quot;columns_tablet&quot;:2,&quot;columns_mobile&quot;:1,&quot;gap&quot;:{&quot;unit&quot;:&quot;px&quot;,&quot;size&quot;:10,&quot;sizes&quot;:[]},&quot;gap_tablet&quot;:{&quot;unit&quot;:&quot;px&quot;,&quot;size&quot;:10,&quot;sizes&quot;:[]},&quot;gap_mobile&quot;:{&quot;unit&quot;:&quot;px&quot;,&quot;size&quot;:10,&quot;sizes&quot;:[]},&quot;link_to&quot;:&quot;file&quot;,&quot;overlay_background&quot;:&quot;yes&quot;,&quot;content_hover_animation&quot;:&quot;fade-in&quot;}\" data-widget_type=\"gallery.default\">\n\t\t\t\t<div class=\"elementor-widget-container\">\n\t\t\t\t\t\t\t<div class=\"elementor-gallery__container\">\n\t\t\t\t\t\t\t<a class=\"e-gallery-item elementor-gallery-item elementor-animated-content\" href=\"https:\/\/hispanicalliancesc.com\/wp-content\/uploads\/2025\/10\/HispanicAlliance-Quince-MahlerNunez2016-IMG_8290.webp\" data-elementor-open-lightbox=\"yes\" data-elementor-lightbox-slideshow=\"1c8c19a\" data-elementor-lightbox-title=\"HispanicAlliance-Quince-MahlerNunez2016-IMG_8290\" data-e-action-hash=\"#elementor-action%3Aaction%3Dlightbox%26settings%3DeyJpZCI6MTI4NjIsInVybCI6Imh0dHBzOlwvXC9oaXNwYW5pY2FsbGlhbmNlc2MuY29tXC93cC1jb250ZW50XC91cGxvYWRzXC8yMDI1XC8xMFwvSGlzcGFuaWNBbGxpYW5jZS1RdWluY2UtTWFobGVyTnVuZXoyMDE2LUlNR184MjkwLndlYnAiLCJzbGlkZXNob3ciOiIxYzhjMTlhIn0%3D\">\n\t\t\t\t\t<div class=\"e-gallery-image elementor-gallery-item__image\" data-thumbnail=\"https:\/\/hispanicalliancesc.com\/wp-content\/uploads\/2025\/10\/HispanicAlliance-Quince-MahlerNunez2016-IMG_8290.webp\" data-width=\"2423\" data-height=\"1363\" aria-label=\"\" role=\"img\" ><\/div>\n\t\t\t\t\t\t\t\t\t\t\t<div class=\"elementor-gallery-item__overlay\"><\/div>\n\t\t\t\t\t\t\t\t\t\t\t\t\t\t<\/a>\n\t\t\t\t\t\t\t<a class=\"e-gallery-item elementor-gallery-item elementor-animated-content\" href=\"https:\/\/hispanicalliancesc.com\/wp-content\/uploads\/2025\/10\/HispanicAlliance-Quince-MahlerNunez2016-IMG_1404-scaled.webp\" data-elementor-open-lightbox=\"yes\" data-elementor-lightbox-slideshow=\"1c8c19a\" data-elementor-lightbox-title=\"HispanicAlliance-Quince-MahlerNunez2016-IMG_1404\" data-e-action-hash=\"#elementor-action%3Aaction%3Dlightbox%26settings%3DeyJpZCI6MTI4NjEsInVybCI6Imh0dHBzOlwvXC9oaXNwYW5pY2FsbGlhbmNlc2MuY29tXC93cC1jb250ZW50XC91cGxvYWRzXC8yMDI1XC8xMFwvSGlzcGFuaWNBbGxpYW5jZS1RdWluY2UtTWFobGVyTnVuZXoyMDE2LUlNR18xNDA0LXNjYWxlZC53ZWJwIiwic2xpZGVzaG93IjoiMWM4YzE5YSJ9\">\n\t\t\t\t\t<div class=\"e-gallery-image elementor-gallery-item__image\" data-thumbnail=\"https:\/\/hispanicalliancesc.com\/wp-content\/uploads\/2025\/10\/HispanicAlliance-Quince-MahlerNunez2016-IMG_1404-scaled.webp\" data-width=\"2560\" data-height=\"1707\" aria-label=\"\" role=\"img\" ><\/div>\n\t\t\t\t\t\t\t\t\t\t\t<div class=\"elementor-gallery-item__overlay\"><\/div>\n\t\t\t\t\t\t\t\t\t\t\t\t\t\t<\/a>\n\t\t\t\t\t<\/div>\n\t\t\t\t\t<\/div>\n\t\t\t\t<\/div>\n\t\t\t\t<div class=\"elementor-element elementor-element-511ac94 elementor-widget elementor-widget-heading\" data-id=\"511ac94\" data-element_type=\"widget\" data-e-type=\"widget\" data-widget_type=\"heading.default\">\n\t\t\t\t<div class=\"elementor-widget-container\">\n\t\t\t\t\t<h3 class=\"elementor-heading-title elementor-size-default\">Un momento que qued\u00f3 grabado<\/h3>\t\t\t\t<\/div>\n\t\t\t\t<\/div>\n\t\t\t\t<div class=\"elementor-element elementor-element-92115a5 elementor-widget elementor-widget-text-editor\" data-id=\"92115a5\" data-element_type=\"widget\" data-e-type=\"widget\" data-widget_type=\"text-editor.default\">\n\t\t\t\t<div class=\"elementor-widget-container\">\n\t\t\t\t\t\t\t\t\t<p><span style=\"font-weight: 400;\">El recuerdo favorito de Sara en HA no es una gala ni una sesi\u00f3n de fotos. Es la primera feria universitaria.<\/span><\/p><p><span style=\"font-weight: 400;\">Celebrado en el campus noroeste de Greenville Tech, el evento reuni\u00f3 a los socios, estudiantes y familias de HA en un gran espacio abierto: una confluencia de energ\u00eda, oportunidad y esperanza.<\/span><\/p><p><span style=\"font-weight: 400;\">\u201cSolo recuerdo la sensaci\u00f3n: ver a todos nuestros socios, estudiantes, la emoci\u00f3n que se respiraba en el ambiente.\u201d<\/span><\/p><p><span style=\"font-weight: 400;\">Ese momento fue m\u00e1s que una cuesti\u00f3n log\u00edstica. Fue la prueba de que el acceso importa. De que cuando se invita a los estudiantes hispanos a imaginar su futuro, responden con curiosidad y valent\u00eda. Y de que el papel de una organizaci\u00f3n como HA es mantener la puerta abierta.<\/span><\/p>\t\t\t\t\t\t\t\t<\/div>\n\t\t\t\t<\/div>\n\t\t\t\t<div class=\"elementor-element elementor-element-8094a49 elementor-widget elementor-widget-spacer\" data-id=\"8094a49\" data-element_type=\"widget\" data-e-type=\"widget\" data-widget_type=\"spacer.default\">\n\t\t\t\t<div class=\"elementor-widget-container\">\n\t\t\t\t\t\t\t<div class=\"elementor-spacer\">\n\t\t\t<div class=\"elementor-spacer-inner\"><\/div>\n\t\t<\/div>\n\t\t\t\t\t\t<\/div>\n\t\t\t\t<\/div>\n\t\t\t\t<div class=\"elementor-element elementor-element-8f18384 elementor-widget elementor-widget-gallery\" data-id=\"8f18384\" data-element_type=\"widget\" data-e-type=\"widget\" data-settings=\"{&quot;columns&quot;:1,&quot;aspect_ratio&quot;:&quot;16:9&quot;,&quot;lazyload&quot;:&quot;yes&quot;,&quot;gallery_layout&quot;:&quot;grid&quot;,&quot;columns_tablet&quot;:2,&quot;columns_mobile&quot;:1,&quot;gap&quot;:{&quot;unit&quot;:&quot;px&quot;,&quot;size&quot;:10,&quot;sizes&quot;:[]},&quot;gap_tablet&quot;:{&quot;unit&quot;:&quot;px&quot;,&quot;size&quot;:10,&quot;sizes&quot;:[]},&quot;gap_mobile&quot;:{&quot;unit&quot;:&quot;px&quot;,&quot;size&quot;:10,&quot;sizes&quot;:[]},&quot;link_to&quot;:&quot;file&quot;,&quot;overlay_background&quot;:&quot;yes&quot;,&quot;content_hover_animation&quot;:&quot;fade-in&quot;}\" data-widget_type=\"gallery.default\">\n\t\t\t\t<div class=\"elementor-widget-container\">\n\t\t\t\t\t\t\t<div class=\"elementor-gallery__container\">\n\t\t\t\t\t\t\t<a class=\"e-gallery-item elementor-gallery-item elementor-animated-content\" href=\"https:\/\/hispanicalliancesc.com\/wp-content\/uploads\/2025\/10\/scha101625-295.webp\" data-elementor-open-lightbox=\"yes\" data-elementor-lightbox-slideshow=\"8f18384\" data-elementor-lightbox-title=\"scha101625-295\" data-e-action-hash=\"#elementor-action%3Aaction%3Dlightbox%26settings%3DeyJpZCI6MTI5NzMsInVybCI6Imh0dHBzOlwvXC9oaXNwYW5pY2FsbGlhbmNlc2MuY29tXC93cC1jb250ZW50XC91cGxvYWRzXC8yMDI1XC8xMFwvc2NoYTEwMTYyNS0yOTUud2VicCIsInNsaWRlc2hvdyI6IjhmMTgzODQifQ%3D%3D\">\n\t\t\t\t\t<div class=\"e-gallery-image elementor-gallery-item__image\" data-thumbnail=\"https:\/\/hispanicalliancesc.com\/wp-content\/uploads\/2025\/10\/scha101625-295.webp\" data-width=\"1000\" data-height=\"667\" aria-label=\"\" role=\"img\" ><\/div>\n\t\t\t\t\t\t\t\t\t\t\t<div class=\"elementor-gallery-item__overlay\"><\/div>\n\t\t\t\t\t\t\t\t\t\t\t\t\t\t<\/a>\n\t\t\t\t\t<\/div>\n\t\t\t\t\t<\/div>\n\t\t\t\t<\/div>\n\t\t\t\t<div class=\"elementor-element elementor-element-a329629 elementor-widget elementor-widget-heading\" data-id=\"a329629\" data-element_type=\"widget\" data-e-type=\"widget\" data-widget_type=\"heading.default\">\n\t\t\t\t<div class=\"elementor-widget-container\">\n\t\t\t\t\t<h3 class=\"elementor-heading-title elementor-size-default\">La visi\u00f3n: Liderazgo propio<\/h3>\t\t\t\t<\/div>\n\t\t\t\t<\/div>\n\t\t\t\t<div class=\"elementor-element elementor-element-eb78d8a elementor-widget elementor-widget-text-editor\" data-id=\"eb78d8a\" data-element_type=\"widget\" data-e-type=\"widget\" data-widget_type=\"text-editor.default\">\n\t\t\t\t<div class=\"elementor-widget-container\">\n\t\t\t\t\t\t\t\t\t<p><span style=\"font-weight: 400;\">Sara no habla de crecimiento en t\u00e9rminos de presupuestos o programas. Habla de personas.<\/span><\/p><p><span style=\"font-weight: 400;\">\u201cHe tenido la fortuna de ver c\u00f3mo algunos de nuestros primeros estudiantes de SDA ya han asumido puestos de liderazgo y est\u00e1n progresando en sus carreras.\u201d<\/span><\/p><p><span style=\"font-weight: 400;\">Ella imagina un futuro donde esos estudiantes sean l\u00edderes no solo en sus familias, sino tambi\u00e9n en sus escuelas, sus industrias y sus comunidades.<\/span><\/p>\t\t\t\t\t\t\t\t<\/div>\n\t\t\t\t<\/div>\n\t\t<div class=\"elementor-element elementor-element-5dfcc3e e-con-full e-flex e-con e-child\" data-id=\"5dfcc3e\" data-element_type=\"container\" data-e-type=\"container\" data-settings=\"{&quot;background_background&quot;:&quot;gradient&quot;,&quot;jet_parallax_layout_list&quot;:[]}\">\n\t\t\t\t<div class=\"elementor-element elementor-element-740f23e elementor-widget elementor-widget-text-editor\" data-id=\"740f23e\" data-element_type=\"widget\" data-e-type=\"widget\" data-widget_type=\"text-editor.default\">\n\t\t\t\t<div class=\"elementor-widget-container\">\n\t\t\t\t\t\t\t\t\t<p><span style=\"font-weight: 400;\">\u201cImaginen que Hispanic Alliance tenga una mayor presencia en todo nuestro estado\u2026 pero tambi\u00e9n que cuente con un liderazgo local, nacido y criado en Greenville.\u201d<\/span><\/p>\t\t\t\t\t\t\t\t<\/div>\n\t\t\t\t<\/div>\n\t\t\t\t<\/div>\n\t\t\t\t<div class=\"elementor-element elementor-element-291b9f9 elementor-widget elementor-widget-text-editor\" data-id=\"291b9f9\" data-element_type=\"widget\" data-e-type=\"widget\" data-widget_type=\"text-editor.default\">\n\t\t\t\t<div class=\"elementor-widget-container\">\n\t\t\t\t\t\t\t\t\t<p>Eso es lo que la impulsa. No solo el cambio, sino la transformaci\u00f3n generacional. No solo programas, sino caminos.<\/p>\t\t\t\t\t\t\t\t<\/div>\n\t\t\t\t<\/div>\n\t\t\t\t<div class=\"elementor-element elementor-element-3d22deb elementor-widget elementor-widget-heading\" data-id=\"3d22deb\" data-element_type=\"widget\" data-e-type=\"widget\" data-widget_type=\"heading.default\">\n\t\t\t\t<div class=\"elementor-widget-container\">\n\t\t\t\t\t<h3 class=\"elementor-heading-title elementor-size-default\">Por qu\u00e9 es importante este trabajo\n<\/h3>\t\t\t\t<\/div>\n\t\t\t\t<\/div>\n\t\t\t\t<div class=\"elementor-element elementor-element-2a5171e elementor-widget elementor-widget-text-editor\" data-id=\"2a5171e\" data-element_type=\"widget\" data-e-type=\"widget\" data-widget_type=\"text-editor.default\">\n\t\t\t\t<div class=\"elementor-widget-container\">\n\t\t\t\t\t\t\t\t\t<p>La historia de Sara Montero-Buria es un homenaje al tipo de liderazgo que no acapara titulares, pero que hace posible todo lo dem\u00e1s. Las hojas de c\u00e1lculo. Las publicaciones en redes sociales. Las estrategias de comunicaci\u00f3n. La primera feria universitaria. La cultura de calidez y excelencia que defini\u00f3 la marca de HA desde sus inicios.<\/p><p><strong>Ella no serv\u00eda para recibir aplausos. Serv\u00eda incansablemente con un prop\u00f3sito.<\/strong><\/p><p>Y ahora, m\u00e1s de una d\u00e9cada despu\u00e9s, el impacto de ese servicio sigue desarroll\u00e1ndose: en cada estudiante adventista que asume un rol de liderazgo, en cada equipo comunitario que construye confianza a trav\u00e9s del idioma y los sistemas, en cada familia que se siente vista, valorada y apoyada.<\/p><p>Su donaci\u00f3n honra a l\u00edderes como Sara y garantiza que los sistemas que construyeron contin\u00faen abriendo puertas a la pr\u00f3xima generaci\u00f3n de agentes de cambio.<\/p>\t\t\t\t\t\t\t\t<\/div>\n\t\t\t\t<\/div>\n\t\t\t\t\t<\/div>\n\t\t\t\t<\/div>\n\t\t\t\t<\/div>","protected":false},"excerpt":{"rendered":"<p>Sara Montero-Buria siempre ha cre\u00eddo en el poder del prop\u00f3sito. Y desde los inicios de la Alianza Hispana, ha dedicado ese prop\u00f3sito al servicio, no para obtener reconocimiento, sino para ayudar a construir algo duradero.<\/p>","protected":false},"author":1,"featured_media":13255,"comment_status":"closed","ping_status":"closed","sticky":false,"template":"","format":"standard","meta":{"_acf_changed":false,"wds_primary_category":31,"footnotes":""},"categories":[31],"tags":[67],"class_list":["post-13250","post","type-post","status-publish","format-standard","has-post-thumbnail","hentry","category-campaigns","tag-haquince"],"acf":[],"_links":{"self":[{"href":"https:\/\/hispanicalliancesc.com\/es\/wp-json\/wp\/v2\/posts\/13250","targetHints":{"allow":["GET"]}}],"collection":[{"href":"https:\/\/hispanicalliancesc.com\/es\/wp-json\/wp\/v2\/posts"}],"about":[{"href":"https:\/\/hispanicalliancesc.com\/es\/wp-json\/wp\/v2\/types\/post"}],"author":[{"embeddable":true,"href":"https:\/\/hispanicalliancesc.com\/es\/wp-json\/wp\/v2\/users\/1"}],"replies":[{"embeddable":true,"href":"https:\/\/hispanicalliancesc.com\/es\/wp-json\/wp\/v2\/comments?post=13250"}],"version-history":[{"count":0,"href":"https:\/\/hispanicalliancesc.com\/es\/wp-json\/wp\/v2\/posts\/13250\/revisions"}],"wp:featuredmedia":[{"embeddable":true,"href":"https:\/\/hispanicalliancesc.com\/es\/wp-json\/wp\/v2\/media\/13255"}],"wp:attachment":[{"href":"https:\/\/hispanicalliancesc.com\/es\/wp-json\/wp\/v2\/media?parent=13250"}],"wp:term":[{"taxonomy":"category","embeddable":true,"href":"https:\/\/hispanicalliancesc.com\/es\/wp-json\/wp\/v2\/categories?post=13250"},{"taxonomy":"post_tag","embeddable":true,"href":"https:\/\/hispanicalliancesc.com\/es\/wp-json\/wp\/v2\/tags?post=13250"}],"curies":[{"name":"wp","href":"https:\/\/api.w.org\/{rel}","templated":true}]}}