{"id":13243,"date":"2025-11-18T08:02:59","date_gmt":"2025-11-18T13:02:59","guid":{"rendered":"https:\/\/hispanicalliancesc.com\/?p=13243"},"modified":"2025-11-18T08:03:02","modified_gmt":"2025-11-18T13:03:02","slug":"tamela-spann-a-philanthropic-leader","status":"publish","type":"post","link":"https:\/\/hispanicalliancesc.com\/es\/tamela-spann-a-philanthropic-leader\/","title":{"rendered":"Tamela Spann: Una l\u00edder filantr\u00f3pica"},"content":{"rendered":"<div data-elementor-type=\"wp-post\" data-elementor-id=\"13243\" class=\"elementor elementor-13243\" data-elementor-post-type=\"post\">\n\t\t\t\t<div class=\"elementor-element elementor-element-32d9662 e-flex e-con-boxed e-con e-parent\" data-id=\"32d9662\" data-element_type=\"container\" data-e-type=\"container\" data-settings=\"{&quot;jet_parallax_layout_list&quot;:[]}\">\n\t\t\t\t\t<div class=\"e-con-inner\">\n\t\t<div class=\"elementor-element elementor-element-ca3178f e-con-full e-flex e-con e-child\" data-id=\"ca3178f\" data-element_type=\"container\" data-e-type=\"container\" data-settings=\"{&quot;background_background&quot;:&quot;gradient&quot;,&quot;jet_parallax_layout_list&quot;:[]}\">\n\t\t\t\t<div class=\"elementor-element elementor-element-077027f elementor-widget elementor-widget-text-editor\" data-id=\"077027f\" data-element_type=\"widget\" data-e-type=\"widget\" data-widget_type=\"text-editor.default\">\n\t\t\t\t<div class=\"elementor-widget-container\">\n\t\t\t\t\t\t\t\t\t<p><b>\u201cUna de las mayores fortalezas de la Alianza Hispana es que, desde sus inicios, esta organizaci\u00f3n comprendi\u00f3 que para lograr resultados, hab\u00eda que trabajar juntos. Hab\u00eda que colaborar.\u201d<\/b><\/p>\t\t\t\t\t\t\t\t<\/div>\n\t\t\t\t<\/div>\n\t\t\t\t<div class=\"elementor-element elementor-element-aff656c elementor-widget elementor-widget-heading\" data-id=\"aff656c\" data-element_type=\"widget\" data-e-type=\"widget\" data-widget_type=\"heading.default\">\n\t\t\t\t<div class=\"elementor-widget-container\">\n\t\t\t\t\t<span class=\"elementor-heading-title elementor-size-default\">\u2014 Tamela Spann, vicepresidenta de Inversiones Comunitarias de Hollingsworth Funds<\/span>\t\t\t\t<\/div>\n\t\t\t\t<\/div>\n\t\t\t\t<\/div>\n\t\t\t\t<div class=\"elementor-element elementor-element-3f5e512 elementor-widget elementor-widget-text-editor\" data-id=\"3f5e512\" data-element_type=\"widget\" data-e-type=\"widget\" data-widget_type=\"text-editor.default\">\n\t\t\t\t<div class=\"elementor-widget-container\">\n\t\t\t\t\t\t\t\t\t<p>Tamela Spann ha comprendido el valor de la Alianza Hispana desde mucho antes que casi cualquier otra persona ajena al c\u00edrculo fundador. Mucho antes de que la HA se convirtiera en un organismo convocante a nivel estatal, antes de que SDA se consolidara como una cantera de l\u00edderes eficaz y antes de que nuestros equipos comunitarios echaran ra\u00edces. Tamela ya estaba all\u00ed, defendiendo la idea de que Greenville necesitaba esta organizaci\u00f3n.<\/p>\n<p>Su conocimiento de HA se remonta a su \u00e9poca en United Way del Condado de Greenville, donde se desempe\u00f1aba como Gerente de Inversiones Comunitarias cuando HA a\u00fan se encontraba en sus inicios bajo el auspicio de United Way. Recuerda el momento en que United Way se comprometi\u00f3 a apoyar la formaci\u00f3n de HA, no como un proyecto a corto plazo, sino como una inversi\u00f3n a largo plazo.<\/p>\n<p>\u201cMe sent\u00ed realmente complacido al ver que United Way consideraba que la Alianza Hispana era lo suficientemente importante como para invertir a largo plazo. Y que era importante para el sustento de esta comunidad.\u201d<\/p>\n<p><strong>Esa creencia inicial fue importante.<\/strong> Ayud\u00f3 a HA a pasar de ser un c\u00edrculo de base a una red estructurada construida sobre la base de la colaboraci\u00f3n, la confianza y la responsabilidad compartida.<\/p>\n<p>Hoy, como vicepresidenta de Inversiones Comunitarias en Hollingsworth Funds, Tamela sigue siendo una colaboradora estrat\u00e9gica y defensora de la misi\u00f3n de HA. Es una l\u00edder que aporta claridad y compasi\u00f3n, que habla con franqueza y trabaja con determinaci\u00f3n, y que comprende profundamente lo que requiere una infraestructura comunitaria s\u00f3lida.<\/p>\t\t\t\t\t\t\t\t<\/div>\n\t\t\t\t<\/div>\n\t\t\t\t<div class=\"elementor-element elementor-element-93ae7a3 elementor-widget elementor-widget-heading\" data-id=\"93ae7a3\" data-element_type=\"widget\" data-e-type=\"widget\" data-widget_type=\"heading.default\">\n\t\t\t\t<div class=\"elementor-widget-container\">\n\t\t\t\t\t<h3 class=\"elementor-heading-title elementor-size-default\">\u201cLa colaboraci\u00f3n es el superpoder.\u201d<\/h3>\t\t\t\t<\/div>\n\t\t\t\t<\/div>\n\t\t\t\t<div class=\"elementor-element elementor-element-946dd46 elementor-widget elementor-widget-text-editor\" data-id=\"946dd46\" data-element_type=\"widget\" data-e-type=\"widget\" data-widget_type=\"text-editor.default\">\n\t\t\t\t<div class=\"elementor-widget-container\">\n\t\t\t\t\t\t\t\t\t<p>Cuando Tamela habla de la Alianza Hispana, inmediatamente menciona lo que la distingue:<\/p>\n<p>\u201cDesde el principio, la organizaci\u00f3n entendi\u00f3 que para hacer el trabajo hab\u00eda que colaborar, y HA ha sido muy intencional en liderar con ese esp\u00edritu.\u201d<\/p>\n<p>Para Tamela, la colaboraci\u00f3n no es una palabra de moda, sino una necesidad estructural.<\/p>\n<p>Ha visto a otras organizaciones fracasar por intentar operar de forma aislada. Pero HA opt\u00f3 desde el principio por un camino diferente: reunir a socios, alinear esfuerzos y crear coaliciones lo suficientemente fuertes como para satisfacer las necesidades reales de la comunidad.<\/p>\n<p>En el \u00e1mbito filantr\u00f3pico, Tamela eval\u00faa a las organizaciones no por sus promesas, sino por su actitud. Y la actitud de HA \u2014abierta, coordinada y centrada en las relaciones\u2014 es lo que sigue gan\u00e1ndose su confianza.<\/p>\t\t\t\t\t\t\t\t<\/div>\n\t\t\t\t<\/div>\n\t\t\t\t<div class=\"elementor-element elementor-element-f2aef2c elementor-widget elementor-widget-spacer\" data-id=\"f2aef2c\" data-element_type=\"widget\" data-e-type=\"widget\" data-widget_type=\"spacer.default\">\n\t\t\t\t<div class=\"elementor-widget-container\">\n\t\t\t\t\t\t\t<div class=\"elementor-spacer\">\n\t\t\t<div class=\"elementor-spacer-inner\"><\/div>\n\t\t<\/div>\n\t\t\t\t\t\t<\/div>\n\t\t\t\t<\/div>\n\t\t\t\t<div class=\"elementor-element elementor-element-1c8c19a elementor-widget elementor-widget-gallery\" data-id=\"1c8c19a\" data-element_type=\"widget\" data-e-type=\"widget\" data-settings=\"{&quot;columns&quot;:2,&quot;aspect_ratio&quot;:&quot;1:1&quot;,&quot;lazyload&quot;:&quot;yes&quot;,&quot;gallery_layout&quot;:&quot;grid&quot;,&quot;columns_tablet&quot;:2,&quot;columns_mobile&quot;:1,&quot;gap&quot;:{&quot;unit&quot;:&quot;px&quot;,&quot;size&quot;:10,&quot;sizes&quot;:[]},&quot;gap_tablet&quot;:{&quot;unit&quot;:&quot;px&quot;,&quot;size&quot;:10,&quot;sizes&quot;:[]},&quot;gap_mobile&quot;:{&quot;unit&quot;:&quot;px&quot;,&quot;size&quot;:10,&quot;sizes&quot;:[]},&quot;link_to&quot;:&quot;file&quot;,&quot;overlay_background&quot;:&quot;yes&quot;,&quot;content_hover_animation&quot;:&quot;fade-in&quot;}\" data-widget_type=\"gallery.default\">\n\t\t\t\t<div class=\"elementor-widget-container\">\n\t\t\t\t\t\t\t<div class=\"elementor-gallery__container\">\n\t\t\t\t\t\t\t<a class=\"e-gallery-item elementor-gallery-item elementor-animated-content\" href=\"https:\/\/hispanicalliancesc.com\/wp-content\/uploads\/2025\/04\/SDA-Scholarships-2024-1-scaled.jpg\" data-elementor-open-lightbox=\"yes\" data-elementor-lightbox-slideshow=\"1c8c19a\" data-elementor-lightbox-title=\"SDA-Scholarships-2024-1\" data-e-action-hash=\"#elementor-action%3Aaction%3Dlightbox%26settings%3DeyJpZCI6MTE1MzAsInVybCI6Imh0dHBzOlwvXC9oaXNwYW5pY2FsbGlhbmNlc2MuY29tXC93cC1jb250ZW50XC91cGxvYWRzXC8yMDI1XC8wNFwvU0RBLVNjaG9sYXJzaGlwcy0yMDI0LTEtc2NhbGVkLmpwZyIsInNsaWRlc2hvdyI6IjFjOGMxOWEifQ%3D%3D\">\n\t\t\t\t\t<div class=\"e-gallery-image elementor-gallery-item__image\" data-thumbnail=\"https:\/\/hispanicalliancesc.com\/wp-content\/uploads\/2025\/04\/SDA-Scholarships-2024-1-scaled.jpg\" data-width=\"2560\" data-height=\"1440\" aria-label=\"\" role=\"img\" ><\/div>\n\t\t\t\t\t\t\t\t\t\t\t<div class=\"elementor-gallery-item__overlay\"><\/div>\n\t\t\t\t\t\t\t\t\t\t\t\t\t\t<\/a>\n\t\t\t\t\t\t\t<a class=\"e-gallery-item elementor-gallery-item elementor-animated-content\" href=\"https:\/\/hispanicalliancesc.com\/wp-content\/uploads\/2025\/10\/88-HAQuince-PhillipWilder_4739.webp\" data-elementor-open-lightbox=\"yes\" data-elementor-lightbox-slideshow=\"1c8c19a\" data-elementor-lightbox-title=\"88-HAQuince-PhillipWilder_4739\" data-e-action-hash=\"#elementor-action%3Aaction%3Dlightbox%26settings%3DeyJpZCI6MTI4MDUsInVybCI6Imh0dHBzOlwvXC9oaXNwYW5pY2FsbGlhbmNlc2MuY29tXC93cC1jb250ZW50XC91cGxvYWRzXC8yMDI1XC8xMFwvODgtSEFRdWluY2UtUGhpbGxpcFdpbGRlcl80NzM5LndlYnAiLCJzbGlkZXNob3ciOiIxYzhjMTlhIn0%3D\">\n\t\t\t\t\t<div class=\"e-gallery-image elementor-gallery-item__image\" data-thumbnail=\"https:\/\/hispanicalliancesc.com\/wp-content\/uploads\/2025\/10\/88-HAQuince-PhillipWilder_4739.webp\" data-width=\"1080\" data-height=\"1080\" aria-label=\"\" role=\"img\" ><\/div>\n\t\t\t\t\t\t\t\t\t\t\t<div class=\"elementor-gallery-item__overlay\"><\/div>\n\t\t\t\t\t\t\t\t\t\t\t\t\t\t<\/a>\n\t\t\t\t\t\t\t<a class=\"e-gallery-item elementor-gallery-item elementor-animated-content\" href=\"https:\/\/hispanicalliancesc.com\/wp-content\/uploads\/2025\/10\/8-HAQuince-PhillipWilder_4590.webp\" data-elementor-open-lightbox=\"yes\" data-elementor-lightbox-slideshow=\"1c8c19a\" data-elementor-lightbox-title=\"8-HAQuince-PhillipWilder_4590\" data-e-action-hash=\"#elementor-action%3Aaction%3Dlightbox%26settings%3DeyJpZCI6MTI4MDMsInVybCI6Imh0dHBzOlwvXC9oaXNwYW5pY2FsbGlhbmNlc2MuY29tXC93cC1jb250ZW50XC91cGxvYWRzXC8yMDI1XC8xMFwvOC1IQVF1aW5jZS1QaGlsbGlwV2lsZGVyXzQ1OTAud2VicCIsInNsaWRlc2hvdyI6IjFjOGMxOWEifQ%3D%3D\">\n\t\t\t\t\t<div class=\"e-gallery-image elementor-gallery-item__image\" data-thumbnail=\"https:\/\/hispanicalliancesc.com\/wp-content\/uploads\/2025\/10\/8-HAQuince-PhillipWilder_4590.webp\" data-width=\"1080\" data-height=\"1080\" aria-label=\"\" role=\"img\" ><\/div>\n\t\t\t\t\t\t\t\t\t\t\t<div class=\"elementor-gallery-item__overlay\"><\/div>\n\t\t\t\t\t\t\t\t\t\t\t\t\t\t<\/a>\n\t\t\t\t\t\t\t<a class=\"e-gallery-item elementor-gallery-item elementor-animated-content\" href=\"https:\/\/hispanicalliancesc.com\/wp-content\/uploads\/2025\/10\/scha101625-295.webp\" data-elementor-open-lightbox=\"yes\" data-elementor-lightbox-slideshow=\"1c8c19a\" data-elementor-lightbox-title=\"scha101625-295\" data-e-action-hash=\"#elementor-action%3Aaction%3Dlightbox%26settings%3DeyJpZCI6MTI5NzMsInVybCI6Imh0dHBzOlwvXC9oaXNwYW5pY2FsbGlhbmNlc2MuY29tXC93cC1jb250ZW50XC91cGxvYWRzXC8yMDI1XC8xMFwvc2NoYTEwMTYyNS0yOTUud2VicCIsInNsaWRlc2hvdyI6IjFjOGMxOWEifQ%3D%3D\">\n\t\t\t\t\t<div class=\"e-gallery-image elementor-gallery-item__image\" data-thumbnail=\"https:\/\/hispanicalliancesc.com\/wp-content\/uploads\/2025\/10\/scha101625-295.webp\" data-width=\"1000\" data-height=\"667\" aria-label=\"\" role=\"img\" ><\/div>\n\t\t\t\t\t\t\t\t\t\t\t<div class=\"elementor-gallery-item__overlay\"><\/div>\n\t\t\t\t\t\t\t\t\t\t\t\t\t\t<\/a>\n\t\t\t\t\t<\/div>\n\t\t\t\t\t<\/div>\n\t\t\t\t<\/div>\n\t\t\t\t<div class=\"elementor-element elementor-element-511ac94 elementor-widget elementor-widget-heading\" data-id=\"511ac94\" data-element_type=\"widget\" data-e-type=\"widget\" data-widget_type=\"heading.default\">\n\t\t\t\t<div class=\"elementor-widget-container\">\n\t\t\t\t\t<h3 class=\"elementor-heading-title elementor-size-default\">Invertir en los l\u00edderes del futuro<\/h3>\t\t\t\t<\/div>\n\t\t\t\t<\/div>\n\t\t\t\t<div class=\"elementor-element elementor-element-92115a5 elementor-widget elementor-widget-text-editor\" data-id=\"92115a5\" data-element_type=\"widget\" data-e-type=\"widget\" data-widget_type=\"text-editor.default\">\n\t\t\t\t<div class=\"elementor-widget-container\">\n\t\t\t\t\t\t\t\t\t<p>Hay un programa en particular que Tamela destaca repetidamente: la Alianza de Estudiantes DREAMers.<\/p>\n<p>\u201cSDA es un enfoque innovador para el desarrollo del liderazgo\u201d, afirma.<\/p>\t\t\t\t\t\t\t\t<\/div>\n\t\t\t\t<\/div>\n\t\t<div class=\"elementor-element elementor-element-5dfcc3e e-con-full e-flex e-con e-child\" data-id=\"5dfcc3e\" data-element_type=\"container\" data-e-type=\"container\" data-settings=\"{&quot;background_background&quot;:&quot;gradient&quot;,&quot;jet_parallax_layout_list&quot;:[]}\">\n\t\t\t\t<div class=\"elementor-element elementor-element-740f23e elementor-widget elementor-widget-text-editor\" data-id=\"740f23e\" data-element_type=\"widget\" data-e-type=\"widget\" data-widget_type=\"text-editor.default\">\n\t\t\t\t<div class=\"elementor-widget-container\">\n\t\t\t\t\t\t\t\t\t<p>\u201cNuestros futuros l\u00edderes a\u00fan se est\u00e1n desarrollando. Y si no nos esforzamos por involucrarlos \u2014brind\u00e1ndoles habilidades, recursos y visibilidad\u2014, estaremos perdiendo un talento, una innovaci\u00f3n y una energ\u00eda incre\u00edbles en lo que respecta al crecimiento de una comunidad.\u201d<\/p>\t\t\t\t\t\t\t\t<\/div>\n\t\t\t\t<\/div>\n\t\t\t\t<\/div>\n\t\t\t\t<div class=\"elementor-element elementor-element-67a3d61 elementor-widget elementor-widget-text-editor\" data-id=\"67a3d61\" data-element_type=\"widget\" data-e-type=\"widget\" data-widget_type=\"text-editor.default\">\n\t\t\t\t<div class=\"elementor-widget-container\">\n\t\t\t\t\t\t\t\t\t<p>Para Tamela, SDA no es solo un programa para j\u00f3venes, sino una estrategia. Es la forma en que las comunidades construyen estabilidad a largo plazo. Es c\u00f3mo la equidad se convierte en liderazgo, no solo en acceso.<\/p>\n<p>Su visi\u00f3n se hace eco de lo que confirma la investigaci\u00f3n nacional sobre desarrollo comunitario: cuando se invierte en j\u00f3venes de primera generaci\u00f3n, se fortalecen las oportunidades para todas las generaciones venideras.<\/p>\t\t\t\t\t\t\t\t<\/div>\n\t\t\t\t<\/div>\n\t\t\t\t<div class=\"elementor-element elementor-element-a329629 elementor-widget elementor-widget-heading\" data-id=\"a329629\" data-element_type=\"widget\" data-e-type=\"widget\" data-widget_type=\"heading.default\">\n\t\t\t\t<div class=\"elementor-widget-container\">\n\t\t\t\t\t<h3 class=\"elementor-heading-title elementor-size-default\">Por qu\u00e9 importa la Alianza Hispana<\/h3>\t\t\t\t<\/div>\n\t\t\t\t<\/div>\n\t\t\t\t<div class=\"elementor-element elementor-element-eb78d8a elementor-widget elementor-widget-text-editor\" data-id=\"eb78d8a\" data-element_type=\"widget\" data-e-type=\"widget\" data-widget_type=\"text-editor.default\">\n\t\t\t\t<div class=\"elementor-widget-container\">\n\t\t\t\t\t\t\t\t\t<p>Cuando alguien con la experiencia de Tamela (m\u00e1s de 20 a\u00f1os en filantrop\u00eda, educaci\u00f3n y gobierno) avala la misi\u00f3n, los m\u00e9todos y el impacto comunitario de una organizaci\u00f3n, eso indica algo significativo:<\/p>\n<p>Hispanic Alliance no es solo una buena organizaci\u00f3n. <strong>Es necesario.<\/strong><\/p>\n<p>Fortalece los sistemas. Desarrolla l\u00edderes. Amplifica la voz de la comunidad. Y lo hace a trav\u00e9s de la colaboraci\u00f3n, no de la competencia.<\/p>\n<p>La historia de Tamela nos recuerda que la Alianza Hispana ha crecido no solo gracias a un s\u00f3lido liderazgo interno, sino tambi\u00e9n porque socios considerados creyeron en el trabajo y continuaron invirtiendo en \u00e9l.<\/p>\n<p><strong>Su donaci\u00f3n ayuda a sostener y expandir ese trabajo, fortaleciendo a la pr\u00f3xima generaci\u00f3n de l\u00edderes y asegurando que nuestra comunidad contin\u00fae creciendo con la equidad como eje central.<\/strong><\/p>\t\t\t\t\t\t\t\t<\/div>\n\t\t\t\t<\/div>\n\t\t\t\t\t<\/div>\n\t\t\t\t<\/div>\n\t\t\t\t<\/div>","protected":false},"excerpt":{"rendered":"<p>Tamela Spann ha comprendido el valor de la Alianza Hispana durante m\u00e1s tiempo que casi cualquier otra persona ajena al c\u00edrculo fundador.<\/p>","protected":false},"author":1,"featured_media":13244,"comment_status":"closed","ping_status":"closed","sticky":false,"template":"","format":"standard","meta":{"_acf_changed":false,"wds_primary_category":31,"footnotes":""},"categories":[31],"tags":[67],"class_list":["post-13243","post","type-post","status-publish","format-standard","has-post-thumbnail","hentry","category-campaigns","tag-haquince"],"acf":[],"_links":{"self":[{"href":"https:\/\/hispanicalliancesc.com\/es\/wp-json\/wp\/v2\/posts\/13243","targetHints":{"allow":["GET"]}}],"collection":[{"href":"https:\/\/hispanicalliancesc.com\/es\/wp-json\/wp\/v2\/posts"}],"about":[{"href":"https:\/\/hispanicalliancesc.com\/es\/wp-json\/wp\/v2\/types\/post"}],"author":[{"embeddable":true,"href":"https:\/\/hispanicalliancesc.com\/es\/wp-json\/wp\/v2\/users\/1"}],"replies":[{"embeddable":true,"href":"https:\/\/hispanicalliancesc.com\/es\/wp-json\/wp\/v2\/comments?post=13243"}],"version-history":[{"count":0,"href":"https:\/\/hispanicalliancesc.com\/es\/wp-json\/wp\/v2\/posts\/13243\/revisions"}],"wp:featuredmedia":[{"embeddable":true,"href":"https:\/\/hispanicalliancesc.com\/es\/wp-json\/wp\/v2\/media\/13244"}],"wp:attachment":[{"href":"https:\/\/hispanicalliancesc.com\/es\/wp-json\/wp\/v2\/media?parent=13243"}],"wp:term":[{"taxonomy":"category","embeddable":true,"href":"https:\/\/hispanicalliancesc.com\/es\/wp-json\/wp\/v2\/categories?post=13243"},{"taxonomy":"post_tag","embeddable":true,"href":"https:\/\/hispanicalliancesc.com\/es\/wp-json\/wp\/v2\/tags?post=13243"}],"curies":[{"name":"wp","href":"https:\/\/api.w.org\/{rel}","templated":true}]}}