{"id":13233,"date":"2025-11-17T13:30:16","date_gmt":"2025-11-17T18:30:16","guid":{"rendered":"https:\/\/hispanicalliancesc.com\/?p=13233"},"modified":"2025-11-17T14:42:31","modified_gmt":"2025-11-17T19:42:31","slug":"ed-roman-a-steady-voice-for-students-and-schools","status":"publish","type":"post","link":"https:\/\/hispanicalliancesc.com\/es\/ed-roman-a-steady-voice-for-students-and-schools\/","title":{"rendered":"Ed Roman: Una voz firme para los estudiantes y las escuelas"},"content":{"rendered":"\t\t<div data-elementor-type=\"wp-post\" data-elementor-id=\"13233\" class=\"elementor elementor-13233\" data-elementor-post-type=\"post\">\n\t\t\t\t<div class=\"elementor-element elementor-element-8a9010d e-flex e-con-boxed e-con e-parent\" data-id=\"8a9010d\" data-element_type=\"container\" data-e-type=\"container\" data-settings=\"{&quot;jet_parallax_layout_list&quot;:[]}\">\n\t\t\t\t\t<div class=\"e-con-inner\">\n\t\t<div class=\"elementor-element elementor-element-748423c e-con-full e-flex e-con e-child\" data-id=\"748423c\" data-element_type=\"container\" data-e-type=\"container\" data-settings=\"{&quot;background_background&quot;:&quot;gradient&quot;,&quot;jet_parallax_layout_list&quot;:[]}\">\n\t\t\t\t<div class=\"elementor-element elementor-element-5bc6ef4 elementor-widget elementor-widget-text-editor\" data-id=\"5bc6ef4\" data-element_type=\"widget\" data-e-type=\"widget\" data-widget_type=\"text-editor.default\">\n\t\t\t\t<div class=\"elementor-widget-container\">\n\t\t\t\t\t\t\t\t\t<p><strong>\u201cThe Hispanic Alliance has always been a group of people with a common goal\u2014empowering the Hispanic community to improve every aspect of their lives. And in that capacity, improving life for everyone in the community.\u201d<\/strong><\/p>\t\t\t\t\t\t\t\t<\/div>\n\t\t\t\t<\/div>\n\t\t\t\t<div class=\"elementor-element elementor-element-d8f587e elementor-widget elementor-widget-heading\" data-id=\"d8f587e\" data-element_type=\"widget\" data-e-type=\"widget\" data-widget_type=\"heading.default\">\n\t\t\t\t<div class=\"elementor-widget-container\">\n\t\t\t\t\t<span class=\"elementor-heading-title elementor-size-default\"> \u2014  Ed Roman, Assistant Principal, Berea High School<\/span>\t\t\t\t<\/div>\n\t\t\t\t<\/div>\n\t\t\t\t<\/div>\n\t\t\t\t<div class=\"elementor-element elementor-element-d98124b elementor-widget elementor-widget-text-editor\" data-id=\"d98124b\" data-element_type=\"widget\" data-e-type=\"widget\" data-widget_type=\"text-editor.default\">\n\t\t\t\t<div class=\"elementor-widget-container\">\n\t\t\t\t\t\t\t\t\t<p><span style=\"font-weight: 400;\">Ed Roman has been involved with the Hispanic Alliance since 2012. Over the years, he\u2019s served in many capacities, including as Chair of the Education Team, mentor to students at Southside High and Legacy Early College, and now Assistant Principal at Berea High School.<\/span><\/p><p><span style=\"font-weight: 400;\">What stands out to Ed about HA\u2019s work is its consistent focus on empowerment across all areas of life. He sees the organization as not just benefiting the Hispanic community, but contributing to a stronger, more connected Upstate for everyone.<\/span><\/p>\t\t\t\t\t\t\t\t<\/div>\n\t\t\t\t<\/div>\n\t\t\t\t<div class=\"elementor-element elementor-element-d303e3a elementor-widget elementor-widget-heading\" data-id=\"d303e3a\" data-element_type=\"widget\" data-e-type=\"widget\" data-widget_type=\"heading.default\">\n\t\t\t\t<div class=\"elementor-widget-container\">\n\t\t\t\t\t<h3 class=\"elementor-heading-title elementor-size-default\">Listening First, Then Acting<\/h3>\t\t\t\t<\/div>\n\t\t\t\t<\/div>\n\t\t\t\t<div class=\"elementor-element elementor-element-61da6ad elementor-widget elementor-widget-text-editor\" data-id=\"61da6ad\" data-element_type=\"widget\" data-e-type=\"widget\" data-widget_type=\"text-editor.default\">\n\t\t\t\t<div class=\"elementor-widget-container\">\n\t\t\t\t\t\t\t\t\t<p><span style=\"font-weight: 400;\">Two programs Ed is especially proud of are the Student DREAMers Alliance and the Lunch and Learn series.<\/span><\/p><p><span style=\"font-weight: 400;\">Reflecting on the origins of Lunch and Learns, he recalls how it began with a clear and simple approach: \u201cWe were going to the schools and saying, \u2018How can we help?\u2019\u201d That question, posed again and again to principals and educators, led to the development of meaningful partnerships and support tailored to each school\u2019s needs.<\/span><\/p><p><span style=\"font-weight: 400;\">From classroom visits to student mentoring, the Lunch and Learn series has become a trusted model for bridging school needs with community resources.<\/span><\/p><p><span style=\"font-weight: 400;\">He also speaks highly of the Student DREAMers Alliance, a leadership program supporting Hispanic high school students in Greenville and Charleston.<\/span><\/p><p><span style=\"font-weight: 400;\">\u201cI think [HA] has had a significant impact,\u201d he says. \u201cAnd I\u2019m very proud of the Dreamers Alliance.\u201d<\/span><\/p>\t\t\t\t\t\t\t\t<\/div>\n\t\t\t\t<\/div>\n\t\t\t\t<div class=\"elementor-element elementor-element-e8c1c40 elementor-widget elementor-widget-spacer\" data-id=\"e8c1c40\" data-element_type=\"widget\" data-e-type=\"widget\" data-widget_type=\"spacer.default\">\n\t\t\t\t<div class=\"elementor-widget-container\">\n\t\t\t\t\t\t\t<div class=\"elementor-spacer\">\n\t\t\t<div class=\"elementor-spacer-inner\"><\/div>\n\t\t<\/div>\n\t\t\t\t\t\t<\/div>\n\t\t\t\t<\/div>\n\t\t\t\t<div class=\"elementor-element elementor-element-2311f8b elementor-widget elementor-widget-image\" data-id=\"2311f8b\" data-element_type=\"widget\" data-e-type=\"widget\" data-widget_type=\"image.default\">\n\t\t\t\t<div class=\"elementor-widget-container\">\n\t\t\t\t\t\t\t\t\t\t\t\t\t\t\t<img fetchpriority=\"high\" decoding=\"async\" width=\"800\" height=\"319\" src=\"https:\/\/hispanicalliancesc.com\/wp-content\/uploads\/2025\/04\/SDA-167-1024x408.webp\" class=\"attachment-large size-large wp-image-11505\" alt=\"\" srcset=\"https:\/\/hispanicalliancesc.com\/wp-content\/uploads\/2025\/04\/SDA-167-1024x408.webp 1024w, https:\/\/hispanicalliancesc.com\/wp-content\/uploads\/2025\/04\/SDA-167-300x120.webp 300w, https:\/\/hispanicalliancesc.com\/wp-content\/uploads\/2025\/04\/SDA-167-768x306.webp 768w, https:\/\/hispanicalliancesc.com\/wp-content\/uploads\/2025\/04\/SDA-167-1536x613.webp 1536w, https:\/\/hispanicalliancesc.com\/wp-content\/uploads\/2025\/04\/SDA-167-2048x817.webp 2048w, https:\/\/hispanicalliancesc.com\/wp-content\/uploads\/2025\/04\/SDA-167-18x7.webp 18w\" sizes=\"(max-width: 800px) 100vw, 800px\" \/>\t\t\t\t\t\t\t\t\t\t\t\t\t\t\t<\/div>\n\t\t\t\t<\/div>\n\t\t\t\t<div class=\"elementor-element elementor-element-a4dcb42 elementor-widget elementor-widget-heading\" data-id=\"a4dcb42\" data-element_type=\"widget\" data-e-type=\"widget\" data-widget_type=\"heading.default\">\n\t\t\t\t<div class=\"elementor-widget-container\">\n\t\t\t\t\t<h3 class=\"elementor-heading-title elementor-size-default\">Looking to the Future<\/h3>\t\t\t\t<\/div>\n\t\t\t\t<\/div>\n\t\t\t\t<div class=\"elementor-element elementor-element-f9d4327 elementor-widget elementor-widget-text-editor\" data-id=\"f9d4327\" data-element_type=\"widget\" data-e-type=\"widget\" data-widget_type=\"text-editor.default\">\n\t\t\t\t<div class=\"elementor-widget-container\">\n\t\t\t\t\t\t\t\t\t<p><span style=\"font-weight: 400;\">When asked what he envisions for the Alliance\u2019s future, Ed is hopeful about expanding HA\u2019s reach across the Upstate.<\/span><\/p><p><span style=\"font-weight: 400;\">\u201cI see the Alliance having more fairs, more impact\u2014especially with healthcare and with more advocates in the community,\u201d he shares. \u201cDreamers Alliance maybe doubling in size to go to four or six high schools here in Greenville.\u201d<\/span><\/p><p><span style=\"font-weight: 400;\">That kind of growth, he believes, would lead to broader community impact and stronger support systems for students and families.<\/span><\/p>\t\t\t\t\t\t\t\t<\/div>\n\t\t\t\t<\/div>\n\t\t\t\t<div class=\"elementor-element elementor-element-0081f92 elementor-widget elementor-widget-spacer\" data-id=\"0081f92\" data-element_type=\"widget\" data-e-type=\"widget\" data-widget_type=\"spacer.default\">\n\t\t\t\t<div class=\"elementor-widget-container\">\n\t\t\t\t\t\t\t<div class=\"elementor-spacer\">\n\t\t\t<div class=\"elementor-spacer-inner\"><\/div>\n\t\t<\/div>\n\t\t\t\t\t\t<\/div>\n\t\t\t\t<\/div>\n\t\t\t\t<div class=\"elementor-element elementor-element-1054137 elementor-widget elementor-widget-image\" data-id=\"1054137\" data-element_type=\"widget\" data-e-type=\"widget\" data-widget_type=\"image.default\">\n\t\t\t\t<div class=\"elementor-widget-container\">\n\t\t\t\t\t\t\t\t\t\t\t\t\t\t\t<img decoding=\"async\" width=\"800\" height=\"600\" data-src=\"https:\/\/hispanicalliancesc.com\/wp-content\/uploads\/2025\/11\/2016-IMG_1379-1024x768.jpg\" class=\"attachment-large size-large wp-image-13251 lazyload\" alt=\"\" data-srcset=\"https:\/\/hispanicalliancesc.com\/wp-content\/uploads\/2025\/11\/2016-IMG_1379-1024x768.jpg 1024w, https:\/\/hispanicalliancesc.com\/wp-content\/uploads\/2025\/11\/2016-IMG_1379-300x225.jpg 300w, https:\/\/hispanicalliancesc.com\/wp-content\/uploads\/2025\/11\/2016-IMG_1379-768x576.jpg 768w, https:\/\/hispanicalliancesc.com\/wp-content\/uploads\/2025\/11\/2016-IMG_1379-1536x1152.jpg 1536w, https:\/\/hispanicalliancesc.com\/wp-content\/uploads\/2025\/11\/2016-IMG_1379-2048x1536.jpg 2048w, https:\/\/hispanicalliancesc.com\/wp-content\/uploads\/2025\/11\/2016-IMG_1379-16x12.jpg 16w\" data-sizes=\"auto\" src=\"data:image\/svg+xml;base64,PHN2ZyB3aWR0aD0iMSIgaGVpZ2h0PSIxIiB4bWxucz0iaHR0cDovL3d3dy53My5vcmcvMjAwMC9zdmciPjwvc3ZnPg==\" style=\"--smush-placeholder-width: 800px; --smush-placeholder-aspect-ratio: 800\/600;\" data-original-sizes=\"(max-width: 800px) 100vw, 800px\" \/>\t\t\t\t\t\t\t\t\t\t\t\t\t\t\t<\/div>\n\t\t\t\t<\/div>\n\t\t\t\t<div class=\"elementor-element elementor-element-d10bcfa elementor-widget elementor-widget-heading\" data-id=\"d10bcfa\" data-element_type=\"widget\" data-e-type=\"widget\" data-widget_type=\"heading.default\">\n\t\t\t\t<div class=\"elementor-widget-container\">\n\t\t\t\t\t<h3 class=\"elementor-heading-title elementor-size-default\">Why This Work Matters<\/h3>\t\t\t\t<\/div>\n\t\t\t\t<\/div>\n\t\t\t\t<div class=\"elementor-element elementor-element-54af25d elementor-widget elementor-widget-text-editor\" data-id=\"54af25d\" data-element_type=\"widget\" data-e-type=\"widget\" data-widget_type=\"text-editor.default\">\n\t\t\t\t<div class=\"elementor-widget-container\">\n\t\t\t\t\t\t\t\t\t<p><span style=\"font-weight: 400;\">As an educator, Ed values tangible outcomes\u2014what he calls \u201cthe impact, the outcomes, the end results.\u201d And from his perspective, HA\u2019s results speak for themselves.<\/span><\/p><p><span style=\"font-weight: 400;\">\u201cI say that because I believe Hispanic Alliance has had outstanding, phenomenal impact\u2014which hopefully will continue.\u201d<\/span><\/p><p><span style=\"font-weight: 400;\">For over a decade, Ed has remained committed to HA\u2019s mission, and his ongoing involvement is a reflection of the trust and purpose he finds in its work.<\/span><\/p><p><span style=\"font-weight: 400;\">In his words: \u201cPositive impact. That\u2019s what I think of the Alliance.\u201d<\/span><\/p>\t\t\t\t\t\t\t\t<\/div>\n\t\t\t\t<\/div>\n\t\t\t\t\t<\/div>\n\t\t\t\t<\/div>\n\t\t\t\t<\/div>\n\t\t","protected":false},"excerpt":{"rendered":"<p>Ed Roman forma parte de Hispanic Alliance desde 2012, donde ha sido presidente del equipo de educaci\u00f3n, defensor de la Iglesia Adventista del S\u00e9ptimo D\u00eda y mentor de innumerables estudiantes. Actualmente, como subdirector de la escuela secundaria Berea, contin\u00faa fortaleciendo los lazos entre las escuelas y la comunidad.<\/p>","protected":false},"author":1,"featured_media":13234,"comment_status":"closed","ping_status":"closed","sticky":false,"template":"","format":"standard","meta":{"_acf_changed":false,"wds_primary_category":31,"footnotes":""},"categories":[31],"tags":[67],"class_list":["post-13233","post","type-post","status-publish","format-standard","has-post-thumbnail","hentry","category-campaigns","tag-haquince"],"acf":[],"_links":{"self":[{"href":"https:\/\/hispanicalliancesc.com\/es\/wp-json\/wp\/v2\/posts\/13233","targetHints":{"allow":["GET"]}}],"collection":[{"href":"https:\/\/hispanicalliancesc.com\/es\/wp-json\/wp\/v2\/posts"}],"about":[{"href":"https:\/\/hispanicalliancesc.com\/es\/wp-json\/wp\/v2\/types\/post"}],"author":[{"embeddable":true,"href":"https:\/\/hispanicalliancesc.com\/es\/wp-json\/wp\/v2\/users\/1"}],"replies":[{"embeddable":true,"href":"https:\/\/hispanicalliancesc.com\/es\/wp-json\/wp\/v2\/comments?post=13233"}],"version-history":[{"count":0,"href":"https:\/\/hispanicalliancesc.com\/es\/wp-json\/wp\/v2\/posts\/13233\/revisions"}],"wp:featuredmedia":[{"embeddable":true,"href":"https:\/\/hispanicalliancesc.com\/es\/wp-json\/wp\/v2\/media\/13234"}],"wp:attachment":[{"href":"https:\/\/hispanicalliancesc.com\/es\/wp-json\/wp\/v2\/media?parent=13233"}],"wp:term":[{"taxonomy":"category","embeddable":true,"href":"https:\/\/hispanicalliancesc.com\/es\/wp-json\/wp\/v2\/categories?post=13233"},{"taxonomy":"post_tag","embeddable":true,"href":"https:\/\/hispanicalliancesc.com\/es\/wp-json\/wp\/v2\/tags?post=13233"}],"curies":[{"name":"wp","href":"https:\/\/api.w.org\/{rel}","templated":true}]}}