{"id":13011,"date":"2025-10-28T11:18:18","date_gmt":"2025-10-28T15:18:18","guid":{"rendered":"https:\/\/hispanicalliancesc.com\/?p=13011"},"modified":"2025-10-28T11:54:05","modified_gmt":"2025-10-28T15:54:05","slug":"clase-de-yoga-yoga-class","status":"publish","type":"post","link":"https:\/\/hispanicalliancesc.com\/es\/clase-de-yoga-yoga-class\/","title":{"rendered":"Clase de yoga | Clase de yoga"},"content":{"rendered":"<p><strong>\u00a1\u00danase al Equipo de Salud de Alianza Hispana para nuestro \u00faltimo evento de la Serie de Vida Activa 2025!<\/strong><\/p>\n\n\n\n<p>Te invitamos a una clase de yoga \ud83e\uddd8 especial, enfocada en la intenci\u00f3n, dise\u00f1ada para ayudarte a relajar y establecer un tono positivo para el pr\u00f3ximo a\u00f1o. \u2728<\/p>\n\n\n\n<p>Este evento est\u00e1 abierto a toda la comunidad, para mayores de 16 a\u00f1os.<\/p>\n\n\n\n<p>Agua y refrigeradores ser\u00e1n proporcionados para los participantes.<\/p>\n\n\n\n<p><strong>Cupos limitados.<\/strong> El registro estar\u00e1 abierto hasta el 12 de noviembre o hasta agotar disponibilidad.<\/p>\n\n\n\n<p><strong>Si tiene preguntas, no dude en llamar o enviar un mensaje de texto al 864-256-0760.<\/strong><\/p>\n\n\n\n<p>~<\/p>\n\n\n\n<p><strong>\u00a1\u00danase al equipo de salud de la Alianza Hispana para nuestro evento final de la Serie de Vida Activa 2025!<\/strong><\/p>\n\n\n\n<p>Te invitamos a una clase especial de yoga para establecer intenciones, dise\u00f1ada para ayudarte a relajarte y comenzar el a\u00f1o con una actitud positiva. \ud83d\udcab<\/p>\n\n\n\n<p>Este evento est\u00e1 abierto a toda la comunidad, mayores de 16 a\u00f1os.<\/p>\n\n\n\n<p>Se proporcionar\u00e1 agua y refrescos ligeros a todos los participantes.<\/p>\n\n\n\n<p><strong>Plazas limitadas disponibles.<\/strong> Las inscripciones permanecer\u00e1n abiertas hasta el 12 de noviembre o hasta completar plazas.<\/p>\n\n\n\n<p><strong>Si tiene alguna pregunta, llame o env\u00ede un mensaje de texto al 864-256-0760.<\/strong><\/p>\n\n\n\n<div class=\"wp-block-buttons is-layout-flex wp-block-buttons-is-layout-flex\">\n<div class=\"wp-block-button\"><a class=\"wp-block-button__link has-black-color has-vivid-green-cyan-background-color has-text-color has-background has-link-color wp-element-button\" href=\"https:\/\/forms.gle\/6nyfBEJ8PBe2xcbFA\">Reg\u00edstrate aqu\u00ed | Reg\u00edstrate aqu\u00ed<\/a><\/div>\n<\/div>\n\n\n\n<p><\/p>","protected":false},"excerpt":{"rendered":"<p>\u00a1\u00danase al Equipo de Salud de Alianza Hispana para nuestro \u00faltimo evento de la Serie de Vida Activa 2025!<\/p>","protected":false},"author":1,"featured_media":13009,"comment_status":"closed","ping_status":"closed","sticky":false,"template":"","format":"standard","meta":{"_acf_changed":false,"wds_primary_category":24,"footnotes":""},"categories":[24],"tags":[],"class_list":["post-13011","post","type-post","status-publish","format-standard","has-post-thumbnail","hentry","category-ha-events"],"acf":[],"_links":{"self":[{"href":"https:\/\/hispanicalliancesc.com\/es\/wp-json\/wp\/v2\/posts\/13011","targetHints":{"allow":["GET"]}}],"collection":[{"href":"https:\/\/hispanicalliancesc.com\/es\/wp-json\/wp\/v2\/posts"}],"about":[{"href":"https:\/\/hispanicalliancesc.com\/es\/wp-json\/wp\/v2\/types\/post"}],"author":[{"embeddable":true,"href":"https:\/\/hispanicalliancesc.com\/es\/wp-json\/wp\/v2\/users\/1"}],"replies":[{"embeddable":true,"href":"https:\/\/hispanicalliancesc.com\/es\/wp-json\/wp\/v2\/comments?post=13011"}],"version-history":[{"count":0,"href":"https:\/\/hispanicalliancesc.com\/es\/wp-json\/wp\/v2\/posts\/13011\/revisions"}],"wp:featuredmedia":[{"embeddable":true,"href":"https:\/\/hispanicalliancesc.com\/es\/wp-json\/wp\/v2\/media\/13009"}],"wp:attachment":[{"href":"https:\/\/hispanicalliancesc.com\/es\/wp-json\/wp\/v2\/media?parent=13011"}],"wp:term":[{"taxonomy":"category","embeddable":true,"href":"https:\/\/hispanicalliancesc.com\/es\/wp-json\/wp\/v2\/categories?post=13011"},{"taxonomy":"post_tag","embeddable":true,"href":"https:\/\/hispanicalliancesc.com\/es\/wp-json\/wp\/v2\/tags?post=13011"}],"curies":[{"name":"wp","href":"https:\/\/api.w.org\/{rel}","templated":true}]}}