{"id":12831,"date":"2025-10-23T07:12:07","date_gmt":"2025-10-23T11:12:07","guid":{"rendered":"https:\/\/hispanicalliancesc.com\/?p=12831"},"modified":"2025-10-23T07:16:59","modified_gmt":"2025-10-23T11:16:59","slug":"maria-belen-beltran","status":"publish","type":"post","link":"https:\/\/hispanicalliancesc.com\/es\/maria-belen-beltran\/","title":{"rendered":"Mar\u00eda Bel\u00e9n Beltr\u00e1n: La embajadora de HA"},"content":{"rendered":"<div data-elementor-type=\"wp-post\" data-elementor-id=\"12831\" class=\"elementor elementor-12831\" data-elementor-post-type=\"post\">\n\t\t\t\t<div class=\"elementor-element elementor-element-d1be764 e-flex e-con-boxed e-con e-parent\" data-id=\"d1be764\" data-element_type=\"container\" data-e-type=\"container\" data-settings=\"{&quot;jet_parallax_layout_list&quot;:[]}\">\n\t\t\t\t\t<div class=\"e-con-inner\">\n\t\t<div class=\"elementor-element elementor-element-208132a e-con-full e-flex e-con e-child\" data-id=\"208132a\" data-element_type=\"container\" data-e-type=\"container\" data-settings=\"{&quot;background_background&quot;:&quot;gradient&quot;,&quot;jet_parallax_layout_list&quot;:[]}\">\n\t\t\t\t<div class=\"elementor-element elementor-element-2d6c45b elementor-widget elementor-widget-text-editor\" data-id=\"2d6c45b\" data-element_type=\"widget\" data-e-type=\"widget\" data-widget_type=\"text-editor.default\">\n\t\t\t\t<div class=\"elementor-widget-container\">\n\t\t\t\t\t\t\t\t\t<p><strong>Me siento como un embajador de la Alianza Hispana. Menciono la Alianza Hispana a todo el mundo. Cuando voy a un evento a presentar mi negocio, siempre llevo algo de la Alianza Hispana.<\/strong><\/p>\t\t\t\t\t\t\t\t<\/div>\n\t\t\t\t<\/div>\n\t\t\t\t<div class=\"elementor-element elementor-element-2db1e24 elementor-widget elementor-widget-heading\" data-id=\"2db1e24\" data-element_type=\"widget\" data-e-type=\"widget\" data-widget_type=\"heading.default\">\n\t\t\t\t<div class=\"elementor-widget-container\">\n\t\t\t\t\t<span class=\"elementor-heading-title elementor-size-default\">\u2014 Mar\u00eda Bel\u00e9n Beltr\u00e1n, Recursos Legales de Inmigraci\u00f3n y Voluntaria de HA<\/span>\t\t\t\t<\/div>\n\t\t\t\t<\/div>\n\t\t\t\t<\/div>\n\t\t\t\t<div class=\"elementor-element elementor-element-6b4f96d elementor-widget elementor-widget-text-editor\" data-id=\"6b4f96d\" data-element_type=\"widget\" data-e-type=\"widget\" data-widget_type=\"text-editor.default\">\n\t\t\t\t<div class=\"elementor-widget-container\">\n\t\t\t\t\t\t\t\t\t<p>Si has asistido a un evento de la Alianza Hispana en los \u00faltimos a\u00f1os, es probable que hayas conocido a Mar\u00eda Bel\u00e9n Beltr\u00e1n. Y una vez que la conoces, no la olvidas. Es ella quien reparte los volantes de la Alianza Hispana en las reuniones comunitarias. La que asiste a las reuniones del Equipo Legal. <i>y<\/i> ferias de recursos <i>y<\/i> Eventos de socios, a menudo todos en la misma semana. El que, cuando un cliente necesita ayuda, su primer instinto es: &quot;Espera. Alianza Hispana. Tenemos que averiguarlo&quot;.<\/p><p>Mar\u00eda dirige Immigration Legal Resource, que brinda servicios legales esenciales a familias que navegan por uno de los sistemas m\u00e1s estresantes imaginables. Pero su compromiso con la comunidad hispana va mucho m\u00e1s all\u00e1 de su trabajo habitual. Es una persona que conecta. Una defensora. La personificaci\u00f3n viviente de lo que significa creer en el poder de la colaboraci\u00f3n.<\/p>\t\t\t\t\t\t\t\t<\/div>\n\t\t\t\t<\/div>\n\t\t\t\t<div class=\"elementor-element elementor-element-ec3e7b5 elementor-widget elementor-widget-spacer\" data-id=\"ec3e7b5\" data-element_type=\"widget\" data-e-type=\"widget\" data-widget_type=\"spacer.default\">\n\t\t\t\t<div class=\"elementor-widget-container\">\n\t\t\t\t\t\t\t<div class=\"elementor-spacer\">\n\t\t\t<div class=\"elementor-spacer-inner\"><\/div>\n\t\t<\/div>\n\t\t\t\t\t\t<\/div>\n\t\t\t\t<\/div>\n\t\t\t\t<div class=\"elementor-element elementor-element-ebb3fcd elementor-widget elementor-widget-gallery\" data-id=\"ebb3fcd\" data-element_type=\"widget\" data-e-type=\"widget\" data-settings=\"{&quot;columns&quot;:2,&quot;aspect_ratio&quot;:&quot;1:1&quot;,&quot;lazyload&quot;:&quot;yes&quot;,&quot;gallery_layout&quot;:&quot;grid&quot;,&quot;columns_tablet&quot;:2,&quot;columns_mobile&quot;:1,&quot;gap&quot;:{&quot;unit&quot;:&quot;px&quot;,&quot;size&quot;:10,&quot;sizes&quot;:[]},&quot;gap_tablet&quot;:{&quot;unit&quot;:&quot;px&quot;,&quot;size&quot;:10,&quot;sizes&quot;:[]},&quot;gap_mobile&quot;:{&quot;unit&quot;:&quot;px&quot;,&quot;size&quot;:10,&quot;sizes&quot;:[]},&quot;link_to&quot;:&quot;file&quot;,&quot;overlay_background&quot;:&quot;yes&quot;,&quot;content_hover_animation&quot;:&quot;fade-in&quot;}\" data-widget_type=\"gallery.default\">\n\t\t\t\t<div class=\"elementor-widget-container\">\n\t\t\t\t\t\t\t<div class=\"elementor-gallery__container\">\n\t\t\t\t\t\t\t<a class=\"e-gallery-item elementor-gallery-item elementor-animated-content\" href=\"https:\/\/hispanicalliancesc.com\/wp-content\/uploads\/2025\/10\/maria-walking2.webp\" data-elementor-open-lightbox=\"yes\" data-elementor-lightbox-slideshow=\"ebb3fcd\" data-elementor-lightbox-title=\"maria-walking2\" data-e-action-hash=\"#elementor-action%3Aaction%3Dlightbox%26settings%3DeyJpZCI6MTI4NDcsInVybCI6Imh0dHBzOlwvXC9oaXNwYW5pY2FsbGlhbmNlc2MuY29tXC93cC1jb250ZW50XC91cGxvYWRzXC8yMDI1XC8xMFwvbWFyaWEtd2Fsa2luZzIud2VicCIsInNsaWRlc2hvdyI6ImViYjNmY2QifQ%3D%3D\">\n\t\t\t\t\t<div class=\"e-gallery-image elementor-gallery-item__image\" data-thumbnail=\"https:\/\/hispanicalliancesc.com\/wp-content\/uploads\/2025\/10\/maria-walking2.webp\" data-width=\"1080\" data-height=\"1080\" aria-label=\"\" role=\"img\" ><\/div>\n\t\t\t\t\t\t\t\t\t\t\t<div class=\"elementor-gallery-item__overlay\"><\/div>\n\t\t\t\t\t\t\t\t\t\t\t\t\t\t<\/a>\n\t\t\t\t\t\t\t<a class=\"e-gallery-item elementor-gallery-item elementor-animated-content\" href=\"https:\/\/hispanicalliancesc.com\/wp-content\/uploads\/2025\/10\/maria5.webp\" data-elementor-open-lightbox=\"yes\" data-elementor-lightbox-slideshow=\"ebb3fcd\" data-elementor-lightbox-title=\"maria5\" data-e-action-hash=\"#elementor-action%3Aaction%3Dlightbox%26settings%3DeyJpZCI6MTI4NDgsInVybCI6Imh0dHBzOlwvXC9oaXNwYW5pY2FsbGlhbmNlc2MuY29tXC93cC1jb250ZW50XC91cGxvYWRzXC8yMDI1XC8xMFwvbWFyaWE1LndlYnAiLCJzbGlkZXNob3ciOiJlYmIzZmNkIn0%3D\">\n\t\t\t\t\t<div class=\"e-gallery-image elementor-gallery-item__image\" data-thumbnail=\"https:\/\/hispanicalliancesc.com\/wp-content\/uploads\/2025\/10\/maria5.webp\" data-width=\"1080\" data-height=\"1080\" aria-label=\"\" role=\"img\" ><\/div>\n\t\t\t\t\t\t\t\t\t\t\t<div class=\"elementor-gallery-item__overlay\"><\/div>\n\t\t\t\t\t\t\t\t\t\t\t\t\t\t<\/a>\n\t\t\t\t\t<\/div>\n\t\t\t\t\t<\/div>\n\t\t\t\t<\/div>\n\t\t\t\t<div class=\"elementor-element elementor-element-c8c9199 elementor-widget elementor-widget-heading\" data-id=\"c8c9199\" data-element_type=\"widget\" data-e-type=\"widget\" data-widget_type=\"heading.default\">\n\t\t\t\t<div class=\"elementor-widget-container\">\n\t\t\t\t\t<h3 class=\"elementor-heading-title elementor-size-default\">De asistente a embajador<\/h3>\t\t\t\t<\/div>\n\t\t\t\t<\/div>\n\t\t\t\t<div class=\"elementor-element elementor-element-4d2aaad elementor-widget elementor-widget-text-editor\" data-id=\"4d2aaad\" data-element_type=\"widget\" data-e-type=\"widget\" data-widget_type=\"text-editor.default\">\n\t\t\t\t<div class=\"elementor-widget-container\">\n\t\t\t\t\t\t\t\t\t<p>El viaje de Mar\u00eda con HA comenz\u00f3 de forma bastante sencilla: asisti\u00f3 a una de las primeras reuniones generales de Greenville Tech. Se suscribi\u00f3 a los correos electr\u00f3nicos. Empez\u00f3 a asistir.<\/p>\t\t\t\t\t\t\t\t<\/div>\n\t\t\t\t<\/div>\n\t\t<div class=\"elementor-element elementor-element-16388f2 e-con-full e-flex e-con e-child\" data-id=\"16388f2\" data-element_type=\"container\" data-e-type=\"container\" data-settings=\"{&quot;background_background&quot;:&quot;gradient&quot;,&quot;jet_parallax_layout_list&quot;:[]}\">\n\t\t\t\t<div class=\"elementor-element elementor-element-28c864e elementor-widget elementor-widget-text-editor\" data-id=\"28c864e\" data-element_type=\"widget\" data-e-type=\"widget\" data-widget_type=\"text-editor.default\">\n\t\t\t\t<div class=\"elementor-widget-container\">\n\t\t\t\t\t\t\t\t\t<p><strong>Poco a poco, se dieron cuenta de lo que hago, de c\u00f3mo ayudo a la gente. Y empec\u00e9 a formar parte del Equipo Legal, ayudando en todo lo que pod\u00eda.<\/strong><\/p>\t\t\t\t\t\t\t\t<\/div>\n\t\t\t\t<\/div>\n\t\t\t\t<\/div>\n\t\t\t\t<div class=\"elementor-element elementor-element-6b60c6a elementor-widget elementor-widget-text-editor\" data-id=\"6b60c6a\" data-element_type=\"widget\" data-e-type=\"widget\" data-widget_type=\"text-editor.default\">\n\t\t\t\t<div class=\"elementor-widget-container\">\n\t\t\t\t\t\t\t\t\t<p>Pero Mar\u00eda no solo se uni\u00f3 a un comit\u00e9, sino que se convirti\u00f3 en la persona que asiste. Cl\u00ednicas legales. Talleres &quot;Conoce tus Derechos&quot;. Ferias de recursos comunitarios. Reuniones de socios. Si sirve a la comunidad hispana, Mar\u00eda est\u00e1 ah\u00ed. A menudo con una sonrisa, un mont\u00f3n de materiales de HA y una convicci\u00f3n inquebrantable de que... <i>Juntos podemos resolverlo.<\/i><\/p><p>\u201cMe siento como una embajadora de la Alianza Hispana\u201d, dice con orgullo. \u201cLe menciono la Alianza Hispana a todo el mundo\u201d.<\/p>\t\t\t\t\t\t\t\t<\/div>\n\t\t\t\t<\/div>\n\t\t\t\t<div class=\"elementor-element elementor-element-ed14e55 elementor-widget elementor-widget-spacer\" data-id=\"ed14e55\" data-element_type=\"widget\" data-e-type=\"widget\" data-widget_type=\"spacer.default\">\n\t\t\t\t<div class=\"elementor-widget-container\">\n\t\t\t\t\t\t\t<div class=\"elementor-spacer\">\n\t\t\t<div class=\"elementor-spacer-inner\"><\/div>\n\t\t<\/div>\n\t\t\t\t\t\t<\/div>\n\t\t\t\t<\/div>\n\t\t\t\t<div class=\"elementor-element elementor-element-2e87955 elementor-widget elementor-widget-gallery\" data-id=\"2e87955\" data-element_type=\"widget\" data-e-type=\"widget\" data-settings=\"{&quot;columns&quot;:2,&quot;aspect_ratio&quot;:&quot;1:1&quot;,&quot;lazyload&quot;:&quot;yes&quot;,&quot;gallery_layout&quot;:&quot;grid&quot;,&quot;columns_tablet&quot;:2,&quot;columns_mobile&quot;:1,&quot;gap&quot;:{&quot;unit&quot;:&quot;px&quot;,&quot;size&quot;:10,&quot;sizes&quot;:[]},&quot;gap_tablet&quot;:{&quot;unit&quot;:&quot;px&quot;,&quot;size&quot;:10,&quot;sizes&quot;:[]},&quot;gap_mobile&quot;:{&quot;unit&quot;:&quot;px&quot;,&quot;size&quot;:10,&quot;sizes&quot;:[]},&quot;link_to&quot;:&quot;file&quot;,&quot;overlay_background&quot;:&quot;yes&quot;,&quot;content_hover_animation&quot;:&quot;fade-in&quot;}\" data-widget_type=\"gallery.default\">\n\t\t\t\t<div class=\"elementor-widget-container\">\n\t\t\t\t\t\t\t<div class=\"elementor-gallery__container\">\n\t\t\t\t\t\t\t<a class=\"e-gallery-item elementor-gallery-item elementor-animated-content\" href=\"https:\/\/hispanicalliancesc.com\/wp-content\/uploads\/2025\/10\/maria-volunteering.webp\" data-elementor-open-lightbox=\"yes\" data-elementor-lightbox-slideshow=\"2e87955\" data-elementor-lightbox-title=\"maria-volunteering\" data-e-action-hash=\"#elementor-action%3Aaction%3Dlightbox%26settings%3DeyJpZCI6MTI4NDYsInVybCI6Imh0dHBzOlwvXC9oaXNwYW5pY2FsbGlhbmNlc2MuY29tXC93cC1jb250ZW50XC91cGxvYWRzXC8yMDI1XC8xMFwvbWFyaWEtdm9sdW50ZWVyaW5nLndlYnAiLCJzbGlkZXNob3ciOiIyZTg3OTU1In0%3D\">\n\t\t\t\t\t<div class=\"e-gallery-image elementor-gallery-item__image\" data-thumbnail=\"https:\/\/hispanicalliancesc.com\/wp-content\/uploads\/2025\/10\/maria-volunteering.webp\" data-width=\"1080\" data-height=\"1080\" aria-label=\"\" role=\"img\" ><\/div>\n\t\t\t\t\t\t\t\t\t\t\t<div class=\"elementor-gallery-item__overlay\"><\/div>\n\t\t\t\t\t\t\t\t\t\t\t\t\t\t<\/a>\n\t\t\t\t\t\t\t<a class=\"e-gallery-item elementor-gallery-item elementor-animated-content\" href=\"https:\/\/hispanicalliancesc.com\/wp-content\/uploads\/2025\/10\/maria-pablo.webp\" data-elementor-open-lightbox=\"yes\" data-elementor-lightbox-slideshow=\"2e87955\" data-elementor-lightbox-title=\"maria-pablo\" data-e-action-hash=\"#elementor-action%3Aaction%3Dlightbox%26settings%3DeyJpZCI6MTI4NDUsInVybCI6Imh0dHBzOlwvXC9oaXNwYW5pY2FsbGlhbmNlc2MuY29tXC93cC1jb250ZW50XC91cGxvYWRzXC8yMDI1XC8xMFwvbWFyaWEtcGFibG8ud2VicCIsInNsaWRlc2hvdyI6IjJlODc5NTUifQ%3D%3D\">\n\t\t\t\t\t<div class=\"e-gallery-image elementor-gallery-item__image\" data-thumbnail=\"https:\/\/hispanicalliancesc.com\/wp-content\/uploads\/2025\/10\/maria-pablo.webp\" data-width=\"1080\" data-height=\"1080\" aria-label=\"\" role=\"img\" ><\/div>\n\t\t\t\t\t\t\t\t\t\t\t<div class=\"elementor-gallery-item__overlay\"><\/div>\n\t\t\t\t\t\t\t\t\t\t\t\t\t\t<\/a>\n\t\t\t\t\t\t\t<a class=\"e-gallery-item elementor-gallery-item elementor-animated-content\" href=\"https:\/\/hispanicalliancesc.com\/wp-content\/uploads\/2025\/10\/maria-belen-two.webp\" data-elementor-open-lightbox=\"yes\" data-elementor-lightbox-slideshow=\"2e87955\" data-elementor-lightbox-title=\"maria-belen-two\" data-e-action-hash=\"#elementor-action%3Aaction%3Dlightbox%26settings%3DeyJpZCI6MTI4NDIsInVybCI6Imh0dHBzOlwvXC9oaXNwYW5pY2FsbGlhbmNlc2MuY29tXC93cC1jb250ZW50XC91cGxvYWRzXC8yMDI1XC8xMFwvbWFyaWEtYmVsZW4tdHdvLndlYnAiLCJzbGlkZXNob3ciOiIyZTg3OTU1In0%3D\">\n\t\t\t\t\t<div class=\"e-gallery-image elementor-gallery-item__image\" data-thumbnail=\"https:\/\/hispanicalliancesc.com\/wp-content\/uploads\/2025\/10\/maria-belen-two.webp\" data-width=\"1080\" data-height=\"1080\" aria-label=\"\" role=\"img\" ><\/div>\n\t\t\t\t\t\t\t\t\t\t\t<div class=\"elementor-gallery-item__overlay\"><\/div>\n\t\t\t\t\t\t\t\t\t\t\t\t\t\t<\/a>\n\t\t\t\t\t\t\t<a class=\"e-gallery-item elementor-gallery-item elementor-animated-content\" href=\"https:\/\/hispanicalliancesc.com\/wp-content\/uploads\/2025\/10\/maria-belen-lafiesta.webp\" data-elementor-open-lightbox=\"yes\" data-elementor-lightbox-slideshow=\"2e87955\" data-elementor-lightbox-title=\"maria-belen-lafiesta\" data-e-action-hash=\"#elementor-action%3Aaction%3Dlightbox%26settings%3DeyJpZCI6MTI4NDEsInVybCI6Imh0dHBzOlwvXC9oaXNwYW5pY2FsbGlhbmNlc2MuY29tXC93cC1jb250ZW50XC91cGxvYWRzXC8yMDI1XC8xMFwvbWFyaWEtYmVsZW4tbGFmaWVzdGEud2VicCIsInNsaWRlc2hvdyI6IjJlODc5NTUifQ%3D%3D\">\n\t\t\t\t\t<div class=\"e-gallery-image elementor-gallery-item__image\" data-thumbnail=\"https:\/\/hispanicalliancesc.com\/wp-content\/uploads\/2025\/10\/maria-belen-lafiesta.webp\" data-width=\"1080\" data-height=\"1080\" aria-label=\"\" role=\"img\" ><\/div>\n\t\t\t\t\t\t\t\t\t\t\t<div class=\"elementor-gallery-item__overlay\"><\/div>\n\t\t\t\t\t\t\t\t\t\t\t\t\t\t<\/a>\n\t\t\t\t\t<\/div>\n\t\t\t\t\t<\/div>\n\t\t\t\t<\/div>\n\t\t\t\t<div class=\"elementor-element elementor-element-1bcd03b elementor-widget elementor-widget-heading\" data-id=\"1bcd03b\" data-element_type=\"widget\" data-e-type=\"widget\" data-widget_type=\"heading.default\">\n\t\t\t\t<div class=\"elementor-widget-container\">\n\t\t\t\t\t<h3 class=\"elementor-heading-title elementor-size-default\">La esperanza es saber a d\u00f3nde recurrir<\/h3>\t\t\t\t<\/div>\n\t\t\t\t<\/div>\n\t\t\t\t<div class=\"elementor-element elementor-element-9e83db5 elementor-widget elementor-widget-text-editor\" data-id=\"9e83db5\" data-element_type=\"widget\" data-e-type=\"widget\" data-widget_type=\"text-editor.default\">\n\t\t\t\t<div class=\"elementor-widget-container\">\n\t\t\t\t\t\t\t\t\t<p>Cuando le preguntas a Mar\u00eda qu\u00e9 significa HA para ella, una palabra surge a la superficie: esperanza.<\/p><p>Muchas veces, en lo que hago, pienso: Bueno, \u00bfde qu\u00e9 otra manera puedo ayudar a esta persona? \u00a1Dios m\u00edo! Y lo primero que siempre me viene a la mente: Alianza Hispana. Un momento. Tenemos que averiguarlo.<\/p><p>Ese instinto\u2014<i>Tenemos que averiguarlo<\/i>\u2014es lo que hace que la red de HA sea tan poderosa. No se trata de tener todas las respuestas. Se trata de contar con una red de socios de confianza que te ayudar\u00e1n a encontrarlas.<\/p><p>\u201cIncluso si la persona que llamamos no sabe qu\u00e9 hacer, podr\u00e1 guiarnos hacia donde podamos guiar a nuestra gente\u201d.<\/p><p>Para Mar\u00eda, HA no es solo una organizaci\u00f3n sin fines de lucro. Es una red de apoyo. Una primera llamada. Un lugar donde un &quot;no s\u00e9&quot; no es el final de la conversaci\u00f3n, sino el comienzo de la resoluci\u00f3n de problemas juntos.<\/p>\t\t\t\t\t\t\t\t<\/div>\n\t\t\t\t<\/div>\n\t\t\t\t<div class=\"elementor-element elementor-element-4e04fd9 elementor-widget elementor-widget-heading\" data-id=\"4e04fd9\" data-element_type=\"widget\" data-e-type=\"widget\" data-widget_type=\"heading.default\">\n\t\t\t\t<div class=\"elementor-widget-container\">\n\t\t\t\t\t<h3 class=\"elementor-heading-title elementor-size-default\">\u00bfPor qu\u00e9 sigue regresando?<\/h3>\t\t\t\t<\/div>\n\t\t\t\t<\/div>\n\t\t\t\t<div class=\"elementor-element elementor-element-1769058 elementor-widget elementor-widget-text-editor\" data-id=\"1769058\" data-element_type=\"widget\" data-e-type=\"widget\" data-widget_type=\"text-editor.default\">\n\t\t\t\t<div class=\"elementor-widget-container\">\n\t\t\t\t\t\t\t\t\t<p>Mar\u00eda podr\u00eda dedicarse exclusivamente a su pr\u00e1ctica legal. Podr\u00eda asistir a reuniones virtuales o enviar a alguien para representar a su organizaci\u00f3n. Pero ese no es su estilo.<\/p><p>Ella se presenta porque cree en lo que HA est\u00e1 construyendo. Una comunidad donde nadie tiene que afrontar los desaf\u00edos solo. Donde los recursos no se acaparan, se comparten. Donde expertos legales, educadores, defensores de la salud y asesores financieros trabajan. <i>juntos<\/i> en lugar de en silos.<\/p><p>Su mensaje a HA despu\u00e9s de 15 a\u00f1os es simple pero poderoso:<\/p><p>Solo quiero agradecer a la Alianza Hispana. Sigan haciendo el gran trabajo que est\u00e1n haciendo, ayudando a nuestra comunidad.<\/p>\t\t\t\t\t\t\t\t<\/div>\n\t\t\t\t<\/div>\n\t\t\t\t<div class=\"elementor-element elementor-element-2363f4b elementor-widget elementor-widget-heading\" data-id=\"2363f4b\" data-element_type=\"widget\" data-e-type=\"widget\" data-widget_type=\"heading.default\">\n\t\t\t\t<div class=\"elementor-widget-container\">\n\t\t\t\t\t<h3 class=\"elementor-heading-title elementor-size-default\">El poder de una persona que dice &quot;S\u00ed&quot;<\/h3>\t\t\t\t<\/div>\n\t\t\t\t<\/div>\n\t\t\t\t<div class=\"elementor-element elementor-element-0f4fcb1 elementor-widget elementor-widget-text-editor\" data-id=\"0f4fcb1\" data-element_type=\"widget\" data-e-type=\"widget\" data-widget_type=\"text-editor.default\">\n\t\t\t\t<div class=\"elementor-widget-container\">\n\t\t\t\t\t\t\t\t\t<p>La historia de Mar\u00eda nos recuerda que los movimientos no los construyen s\u00f3lo las organizaciones, sino tambi\u00e9n los construyen individuos que deciden presentarse una y otra vez.<\/p><p>Una persona que asiste a una reuni\u00f3n. Que se une al equipo legal. Que lleva los materiales de HA a cada evento al que asiste. Que contesta el tel\u00e9fono y dice: <i>\u201cEspera, d\u00e9jame conectarte\u201d.<\/i> Quien se convierte en embajador no porque sea su trabajo, sino porque cree en la misi\u00f3n.<\/p><p>As\u00ed es como un c\u00edrculo se convierte en una mesa. As\u00ed es como nuestros voluntarios se unen. As\u00ed es como una comunidad encuentra esperanza: una conexi\u00f3n a la vez.<\/p><p>Tu donaci\u00f3n garantiza que, cuando personas como Mar\u00eda acudan a HA en busca de ayuda, haya alguien dispuesto a responder. Que la red se mantenga fuerte. Que la esperanza siga estando al alcance.<\/p>\t\t\t\t\t\t\t\t<\/div>\n\t\t\t\t<\/div>\n\t\t\t\t\t<\/div>\n\t\t\t\t<\/div>\n\t\t\t\t<\/div>","protected":false},"excerpt":{"rendered":"<p>Mar\u00eda se presenta porque cree en lo que HA est\u00e1 construyendo: una comunidad donde nadie tiene que afrontar los desaf\u00edos solo.<\/p>","protected":false},"author":1,"featured_media":12843,"comment_status":"closed","ping_status":"closed","sticky":false,"template":"","format":"standard","meta":{"_acf_changed":false,"wds_primary_category":31,"footnotes":""},"categories":[31],"tags":[67],"class_list":["post-12831","post","type-post","status-publish","format-standard","has-post-thumbnail","hentry","category-campaigns","tag-haquince"],"acf":[],"_links":{"self":[{"href":"https:\/\/hispanicalliancesc.com\/es\/wp-json\/wp\/v2\/posts\/12831","targetHints":{"allow":["GET"]}}],"collection":[{"href":"https:\/\/hispanicalliancesc.com\/es\/wp-json\/wp\/v2\/posts"}],"about":[{"href":"https:\/\/hispanicalliancesc.com\/es\/wp-json\/wp\/v2\/types\/post"}],"author":[{"embeddable":true,"href":"https:\/\/hispanicalliancesc.com\/es\/wp-json\/wp\/v2\/users\/1"}],"replies":[{"embeddable":true,"href":"https:\/\/hispanicalliancesc.com\/es\/wp-json\/wp\/v2\/comments?post=12831"}],"version-history":[{"count":0,"href":"https:\/\/hispanicalliancesc.com\/es\/wp-json\/wp\/v2\/posts\/12831\/revisions"}],"wp:featuredmedia":[{"embeddable":true,"href":"https:\/\/hispanicalliancesc.com\/es\/wp-json\/wp\/v2\/media\/12843"}],"wp:attachment":[{"href":"https:\/\/hispanicalliancesc.com\/es\/wp-json\/wp\/v2\/media?parent=12831"}],"wp:term":[{"taxonomy":"category","embeddable":true,"href":"https:\/\/hispanicalliancesc.com\/es\/wp-json\/wp\/v2\/categories?post=12831"},{"taxonomy":"post_tag","embeddable":true,"href":"https:\/\/hispanicalliancesc.com\/es\/wp-json\/wp\/v2\/tags?post=12831"}],"curies":[{"name":"wp","href":"https:\/\/api.w.org\/{rel}","templated":true}]}}