{"id":1273,"date":"2019-05-22T14:18:00","date_gmt":"2019-05-22T18:18:00","guid":{"rendered":"https:\/\/hasc.mysites.io\/?p=1273"},"modified":"2022-11-20T14:19:18","modified_gmt":"2022-11-20T19:19:18","slug":"hispanic-alliance-represents-in-leadership-greenville-class-45","status":"publish","type":"post","link":"https:\/\/hispanicalliancesc.com\/es\/hispanic-alliance-represents-in-leadership-greenville-class-45\/","title":{"rendered":"Alianza Hispana Representa en Liderazgo Clase 45 de Greenville"},"content":{"rendered":"<p>Estamos orgullosos de presentar un grupo diverso de personas, todas las cuales ya han utilizado sus considerables recursos de liderazgo en beneficio de la red de la Alianza Hispana. \u00a1Estamos agradecidos por su apoyo innovador a nuestra misi\u00f3n y retamos al cielo a limitar su potencial de impacto comunitario en el futuro! Conozca su trabajo y logros en el bolet\u00edn a continuaci\u00f3n.<\/p>\n\n\n\n<p><a rel=\"noreferrer noopener\" href=\"https:\/\/sna.etapestry.com\/prod\/viewEmailAsPage.do?erRef=10952.0.1113194&amp;databaseId=AlianzaHispana-HispanicAllian&amp;mailingId=37374659&amp;jobRef=10952.0.170209314&amp;key=66e8ba8216a1e152d72653d99a4f3ab&amp;personaRef=10952.0.1005521&amp;memberId=1360275553\" target=\"_blank\"><u>Lea m\u00e1s en nuestro bolet\u00edn<\/u><\/a><\/p>","protected":false},"excerpt":{"rendered":"<p>Estamos orgullosos de presentar un grupo diverso de personas, todas las cuales ya han utilizado sus considerables recursos de liderazgo en beneficio de la red de la Alianza Hispana. \u00a1Estamos agradecidos por su apoyo innovador a nuestra misi\u00f3n y retamos al cielo a limitar su potencial de impacto comunitario en el futuro! Conozca su trabajo y logros en el bolet\u00edn a continuaci\u00f3n.<\/p>","protected":false},"author":1,"featured_media":1274,"comment_status":"closed","ping_status":"closed","sticky":false,"template":"","format":"standard","meta":{"_acf_changed":false,"wds_primary_category":0,"footnotes":""},"categories":[1,16],"tags":[],"class_list":["post-1273","post","type-post","status-publish","format-standard","has-post-thumbnail","hentry","category-all-posts","category-hispanic-leadership"],"acf":[],"_links":{"self":[{"href":"https:\/\/hispanicalliancesc.com\/es\/wp-json\/wp\/v2\/posts\/1273","targetHints":{"allow":["GET"]}}],"collection":[{"href":"https:\/\/hispanicalliancesc.com\/es\/wp-json\/wp\/v2\/posts"}],"about":[{"href":"https:\/\/hispanicalliancesc.com\/es\/wp-json\/wp\/v2\/types\/post"}],"author":[{"embeddable":true,"href":"https:\/\/hispanicalliancesc.com\/es\/wp-json\/wp\/v2\/users\/1"}],"replies":[{"embeddable":true,"href":"https:\/\/hispanicalliancesc.com\/es\/wp-json\/wp\/v2\/comments?post=1273"}],"version-history":[{"count":0,"href":"https:\/\/hispanicalliancesc.com\/es\/wp-json\/wp\/v2\/posts\/1273\/revisions"}],"wp:featuredmedia":[{"embeddable":true,"href":"https:\/\/hispanicalliancesc.com\/es\/wp-json\/wp\/v2\/media\/1274"}],"wp:attachment":[{"href":"https:\/\/hispanicalliancesc.com\/es\/wp-json\/wp\/v2\/media?parent=1273"}],"wp:term":[{"taxonomy":"category","embeddable":true,"href":"https:\/\/hispanicalliancesc.com\/es\/wp-json\/wp\/v2\/categories?post=1273"},{"taxonomy":"post_tag","embeddable":true,"href":"https:\/\/hispanicalliancesc.com\/es\/wp-json\/wp\/v2\/tags?post=1273"}],"curies":[{"name":"wp","href":"https:\/\/api.w.org\/{rel}","templated":true}]}}